{"id":723,"date":"2022-05-05T09:00:00","date_gmt":"2022-05-05T12:00:00","guid":{"rendered":"https:\/\/www.interlarinterlagos.com.br\/blog\/?p=723"},"modified":"2025-06-18T09:02:11","modified_gmt":"2025-06-18T12:02:11","slug":"light-design-funcionalidade-e-conforto-para-a-iluminacao-da-sua-casa","status":"publish","type":"post","link":"https:\/\/www.interlarinterlagos.com.br\/blog\/2022\/05\/light-design-funcionalidade-e-conforto-para-a-iluminacao-da-sua-casa\/","title":{"rendered":"Light design: funcionalidade e conforto para a ilumina\u00e7\u00e3o da sua casa"},"content":{"rendered":"\n<p>Voc\u00ea j\u00e1 ouviu falar em light design?! Esse conceito de decora\u00e7\u00e3o\nconsiste em utilizar a ilumina\u00e7\u00e3o correta, em cada ambiente da sua casa ou\napartamento, para tornar o espa\u00e7o ainda mais funcional e confort\u00e1vel. <\/p>\n\n\n\n<p>Al\u00e9m disso, o light design torna o ambiente mais equilibrado,\numa vez que a ilumina\u00e7\u00e3o \u00e9 projetada para evitar problemas como reflexos,\nexcesso de sombra ou luminosidade e criar contraponto de brilho nos c\u00f4modos da\ncasa. Em muitas vezes, o uso de l\u00e2mpadas, lumin\u00e1rias e luz natural \u00e9 mesclado\nnos ambientes, deixando o projeto mais sustent\u00e1vel. <\/p>\n\n\n\n<p>Gostou da ideia? Pensando nisso, trouxemos dicas para voc\u00ea aplicar o light design em sua casa e valorizar ainda mais o ambiente! <\/p>\n\n\n\n<h2 class=\"wp-block-heading\"><strong>Como devo escolher a l\u00e2mpada certa?<\/strong><\/h2>\n\n\n\n<p>Tenha em\nmente que cada ambiente necessita de um tipo de ilumina\u00e7\u00e3o e que pode variar\nconforme a sua funcionalidade. As l\u00e2mpadas de luz amarelada s\u00e3o mais quentes, e\npor conta disso, s\u00e3o indicadas para ambientes como sala de estar, quartos ou\nc\u00f4modos que necessitem dessa sensa\u00e7\u00e3o de aconchego. J\u00e1 as l\u00e2mpadas de luz\nbranca ou azulada, tamb\u00e9m conhecidas como luz fria, s\u00e3o mais adequadas para\nambientes em que s\u00e3o executadas tarefas que necessitam de aten\u00e7\u00e3o e cuidado,\ncomo a cozinha, banheiros e \u00e1rea de servi\u00e7o, escrit\u00f3rio e cantinho dos estudos.\n<\/p>\n\n\n\n<figure class=\"wp-block-gallery columns-2 is-cropped wp-block-gallery-1 is-layout-flex wp-block-gallery-is-layout-flex\"><ul class=\"blocks-gallery-grid\"><li class=\"blocks-gallery-item\"><figure><img loading=\"lazy\" decoding=\"async\" width=\"1024\" height=\"683\" src=\"https:\/\/www.interlarinterlagos.com.br\/blog\/wp-content\/uploads\/2022\/04\/Escolha-a-l\u00e2mpada-correta-1-min-1024x683.jpeg\" alt=\"\" data-id=\"724\" data-full-url=\"https:\/\/www.interlarinterlagos.com.br\/blog\/wp-content\/uploads\/2022\/04\/Escolha-a-l\u00e2mpada-correta-1-min-scaled.jpeg\" data-link=\"https:\/\/www.interlarinterlagos.com.br\/blog\/?attachment_id=724\" class=\"wp-image-724\" srcset=\"https:\/\/www.interlarinterlagos.com.br\/blog\/wp-content\/uploads\/2022\/04\/Escolha-a-l\u00e2mpada-correta-1-min-1024x683.jpeg 1024w, https:\/\/www.interlarinterlagos.com.br\/blog\/wp-content\/uploads\/2022\/04\/Escolha-a-l\u00e2mpada-correta-1-min-300x200.jpeg 300w, https:\/\/www.interlarinterlagos.com.br\/blog\/wp-content\/uploads\/2022\/04\/Escolha-a-l\u00e2mpada-correta-1-min-768x512.jpeg 768w, https:\/\/www.interlarinterlagos.com.br\/blog\/wp-content\/uploads\/2022\/04\/Escolha-a-l\u00e2mpada-correta-1-min-1536x1024.jpeg 1536w, https:\/\/www.interlarinterlagos.com.br\/blog\/wp-content\/uploads\/2022\/04\/Escolha-a-l\u00e2mpada-correta-1-min-2048x1365.jpeg 2048w, https:\/\/www.interlarinterlagos.com.br\/blog\/wp-content\/uploads\/2022\/04\/Escolha-a-l\u00e2mpada-correta-1-min-1140x760.jpeg 1140w\" sizes=\"auto, (max-width: 1024px) 100vw, 1024px\" \/><\/figure><\/li><li class=\"blocks-gallery-item\"><figure><img loading=\"lazy\" decoding=\"async\" width=\"1024\" height=\"683\" src=\"https:\/\/www.interlarinterlagos.com.br\/blog\/wp-content\/uploads\/2022\/04\/Escolha-a-l\u00e2mpada-correta-2-min-1024x683.jpeg\" alt=\"\" data-id=\"725\" data-full-url=\"https:\/\/www.interlarinterlagos.com.br\/blog\/wp-content\/uploads\/2022\/04\/Escolha-a-l\u00e2mpada-correta-2-min-scaled.jpeg\" data-link=\"https:\/\/www.interlarinterlagos.com.br\/blog\/?attachment_id=725\" class=\"wp-image-725\" srcset=\"https:\/\/www.interlarinterlagos.com.br\/blog\/wp-content\/uploads\/2022\/04\/Escolha-a-l\u00e2mpada-correta-2-min-1024x683.jpeg 1024w, https:\/\/www.interlarinterlagos.com.br\/blog\/wp-content\/uploads\/2022\/04\/Escolha-a-l\u00e2mpada-correta-2-min-300x200.jpeg 300w, https:\/\/www.interlarinterlagos.com.br\/blog\/wp-content\/uploads\/2022\/04\/Escolha-a-l\u00e2mpada-correta-2-min-768x512.jpeg 768w, https:\/\/www.interlarinterlagos.com.br\/blog\/wp-content\/uploads\/2022\/04\/Escolha-a-l\u00e2mpada-correta-2-min-1536x1024.jpeg 1536w, https:\/\/www.interlarinterlagos.com.br\/blog\/wp-content\/uploads\/2022\/04\/Escolha-a-l\u00e2mpada-correta-2-min-2048x1366.jpeg 2048w, https:\/\/www.interlarinterlagos.com.br\/blog\/wp-content\/uploads\/2022\/04\/Escolha-a-l\u00e2mpada-correta-2-min-1140x760.jpeg 1140w\" sizes=\"auto, (max-width: 1024px) 100vw, 1024px\" \/><\/figure><\/li><li class=\"blocks-gallery-item\"><figure><img loading=\"lazy\" decoding=\"async\" width=\"1024\" height=\"655\" src=\"https:\/\/www.interlarinterlagos.com.br\/blog\/wp-content\/uploads\/2022\/04\/Escolha-a-l\u00e2mpada-correta-3-min-1024x655.jpeg\" alt=\"\" data-id=\"726\" data-full-url=\"https:\/\/www.interlarinterlagos.com.br\/blog\/wp-content\/uploads\/2022\/04\/Escolha-a-l\u00e2mpada-correta-3-min-scaled.jpeg\" data-link=\"https:\/\/www.interlarinterlagos.com.br\/blog\/?attachment_id=726\" class=\"wp-image-726\" srcset=\"https:\/\/www.interlarinterlagos.com.br\/blog\/wp-content\/uploads\/2022\/04\/Escolha-a-l\u00e2mpada-correta-3-min-1024x655.jpeg 1024w, https:\/\/www.interlarinterlagos.com.br\/blog\/wp-content\/uploads\/2022\/04\/Escolha-a-l\u00e2mpada-correta-3-min-300x192.jpeg 300w, https:\/\/www.interlarinterlagos.com.br\/blog\/wp-content\/uploads\/2022\/04\/Escolha-a-l\u00e2mpada-correta-3-min-768x491.jpeg 768w, https:\/\/www.interlarinterlagos.com.br\/blog\/wp-content\/uploads\/2022\/04\/Escolha-a-l\u00e2mpada-correta-3-min-1536x983.jpeg 1536w, https:\/\/www.interlarinterlagos.com.br\/blog\/wp-content\/uploads\/2022\/04\/Escolha-a-l\u00e2mpada-correta-3-min-2048x1310.jpeg 2048w, https:\/\/www.interlarinterlagos.com.br\/blog\/wp-content\/uploads\/2022\/04\/Escolha-a-l\u00e2mpada-correta-3-min-1140x729.jpeg 1140w\" sizes=\"auto, (max-width: 1024px) 100vw, 1024px\" \/><\/figure><\/li><\/ul><\/figure>\n\n\n\n<h2 class=\"wp-block-heading\"><strong>Verifique o tamanho do ambiente<\/strong><\/h2>\n\n\n\n<p>Verificar a\npropor\u00e7\u00e3o correta entre as lumin\u00e1rias e o espa\u00e7o de cada ambiente \u00e9 fundamental\nem seu projeto de light design. Para c\u00f4modos menores, a dica \u00e9 optar por spots\ne lustres que fiquem mais pr\u00f3ximos ao teto. Voc\u00ea tamb\u00e9m pode substituir a\nilumina\u00e7\u00e3o de teto por abajures, arandelas ou lumin\u00e1rias de piso, que podem ser\ninseridas em pontos estrat\u00e9gicos para otimizar o ambiente e proporcionar\nsensa\u00e7\u00e3o de amplitude.<\/p>\n\n\n\n<figure class=\"wp-block-gallery columns-2 is-cropped wp-block-gallery-2 is-layout-flex wp-block-gallery-is-layout-flex\"><ul class=\"blocks-gallery-grid\"><li class=\"blocks-gallery-item\"><figure><img loading=\"lazy\" decoding=\"async\" width=\"1024\" height=\"727\" src=\"https:\/\/www.interlarinterlagos.com.br\/blog\/wp-content\/uploads\/2022\/04\/Verifique-o-tamanho-do-ambiente-2-min-1024x727.jpeg\" alt=\"\" data-id=\"727\" data-full-url=\"https:\/\/www.interlarinterlagos.com.br\/blog\/wp-content\/uploads\/2022\/04\/Verifique-o-tamanho-do-ambiente-2-min-scaled.jpeg\" data-link=\"https:\/\/www.interlarinterlagos.com.br\/blog\/?attachment_id=727\" class=\"wp-image-727\" srcset=\"https:\/\/www.interlarinterlagos.com.br\/blog\/wp-content\/uploads\/2022\/04\/Verifique-o-tamanho-do-ambiente-2-min-1024x727.jpeg 1024w, https:\/\/www.interlarinterlagos.com.br\/blog\/wp-content\/uploads\/2022\/04\/Verifique-o-tamanho-do-ambiente-2-min-300x213.jpeg 300w, https:\/\/www.interlarinterlagos.com.br\/blog\/wp-content\/uploads\/2022\/04\/Verifique-o-tamanho-do-ambiente-2-min-768x545.jpeg 768w, https:\/\/www.interlarinterlagos.com.br\/blog\/wp-content\/uploads\/2022\/04\/Verifique-o-tamanho-do-ambiente-2-min-1536x1091.jpeg 1536w, https:\/\/www.interlarinterlagos.com.br\/blog\/wp-content\/uploads\/2022\/04\/Verifique-o-tamanho-do-ambiente-2-min-2048x1454.jpeg 2048w, https:\/\/www.interlarinterlagos.com.br\/blog\/wp-content\/uploads\/2022\/04\/Verifique-o-tamanho-do-ambiente-2-min-1140x810.jpeg 1140w\" sizes=\"auto, (max-width: 1024px) 100vw, 1024px\" \/><\/figure><\/li><li class=\"blocks-gallery-item\"><figure><img loading=\"lazy\" decoding=\"async\" width=\"1024\" height=\"768\" src=\"https:\/\/www.interlarinterlagos.com.br\/blog\/wp-content\/uploads\/2022\/04\/Verifique-o-tamanho-do-ambiente-3-min-1024x768.jpeg\" alt=\"\" data-id=\"729\" data-full-url=\"https:\/\/www.interlarinterlagos.com.br\/blog\/wp-content\/uploads\/2022\/04\/Verifique-o-tamanho-do-ambiente-3-min-scaled.jpeg\" data-link=\"https:\/\/www.interlarinterlagos.com.br\/blog\/?attachment_id=729\" class=\"wp-image-729\" srcset=\"https:\/\/www.interlarinterlagos.com.br\/blog\/wp-content\/uploads\/2022\/04\/Verifique-o-tamanho-do-ambiente-3-min-1024x768.jpeg 1024w, https:\/\/www.interlarinterlagos.com.br\/blog\/wp-content\/uploads\/2022\/04\/Verifique-o-tamanho-do-ambiente-3-min-300x225.jpeg 300w, https:\/\/www.interlarinterlagos.com.br\/blog\/wp-content\/uploads\/2022\/04\/Verifique-o-tamanho-do-ambiente-3-min-768x576.jpeg 768w, https:\/\/www.interlarinterlagos.com.br\/blog\/wp-content\/uploads\/2022\/04\/Verifique-o-tamanho-do-ambiente-3-min-1536x1152.jpeg 1536w, https:\/\/www.interlarinterlagos.com.br\/blog\/wp-content\/uploads\/2022\/04\/Verifique-o-tamanho-do-ambiente-3-min-2048x1536.jpeg 2048w, https:\/\/www.interlarinterlagos.com.br\/blog\/wp-content\/uploads\/2022\/04\/Verifique-o-tamanho-do-ambiente-3-min-1140x855.jpeg 1140w\" sizes=\"auto, (max-width: 1024px) 100vw, 1024px\" \/><\/figure><\/li><li class=\"blocks-gallery-item\"><figure><img loading=\"lazy\" decoding=\"async\" width=\"1024\" height=\"683\" src=\"https:\/\/www.interlarinterlagos.com.br\/blog\/wp-content\/uploads\/2022\/04\/Verifique-o-tamanho-do-ambiente-1-min-1024x683.jpeg\" alt=\"\" data-id=\"731\" data-full-url=\"https:\/\/www.interlarinterlagos.com.br\/blog\/wp-content\/uploads\/2022\/04\/Verifique-o-tamanho-do-ambiente-1-min-scaled.jpeg\" data-link=\"https:\/\/www.interlarinterlagos.com.br\/blog\/?attachment_id=731\" class=\"wp-image-731\" srcset=\"https:\/\/www.interlarinterlagos.com.br\/blog\/wp-content\/uploads\/2022\/04\/Verifique-o-tamanho-do-ambiente-1-min-1024x683.jpeg 1024w, https:\/\/www.interlarinterlagos.com.br\/blog\/wp-content\/uploads\/2022\/04\/Verifique-o-tamanho-do-ambiente-1-min-300x200.jpeg 300w, https:\/\/www.interlarinterlagos.com.br\/blog\/wp-content\/uploads\/2022\/04\/Verifique-o-tamanho-do-ambiente-1-min-768x512.jpeg 768w, https:\/\/www.interlarinterlagos.com.br\/blog\/wp-content\/uploads\/2022\/04\/Verifique-o-tamanho-do-ambiente-1-min-1536x1024.jpeg 1536w, https:\/\/www.interlarinterlagos.com.br\/blog\/wp-content\/uploads\/2022\/04\/Verifique-o-tamanho-do-ambiente-1-min-2048x1366.jpeg 2048w, https:\/\/www.interlarinterlagos.com.br\/blog\/wp-content\/uploads\/2022\/04\/Verifique-o-tamanho-do-ambiente-1-min-1140x760.jpeg 1140w\" sizes=\"auto, (max-width: 1024px) 100vw, 1024px\" \/><\/figure><\/li><\/ul><\/figure>\n\n\n\n<p>J\u00e1 para os ambientes mais amplos, os lustres e pendentes maiores garantem uma ilumina\u00e7\u00e3o eficiente e valorizam a decora\u00e7\u00e3o do local. <\/p>\n\n\n\n<figure class=\"wp-block-gallery columns-2 is-cropped wp-block-gallery-3 is-layout-flex wp-block-gallery-is-layout-flex\"><ul class=\"blocks-gallery-grid\"><li class=\"blocks-gallery-item\"><figure><img loading=\"lazy\" decoding=\"async\" width=\"1024\" height=\"683\" src=\"https:\/\/www.interlarinterlagos.com.br\/blog\/wp-content\/uploads\/2022\/04\/Verifique-o-tamanho-do-ambiente-4-min-1024x683.jpeg\" alt=\"\" data-id=\"728\" data-full-url=\"https:\/\/www.interlarinterlagos.com.br\/blog\/wp-content\/uploads\/2022\/04\/Verifique-o-tamanho-do-ambiente-4-min-scaled.jpeg\" data-link=\"https:\/\/www.interlarinterlagos.com.br\/blog\/?attachment_id=728\" class=\"wp-image-728\" srcset=\"https:\/\/www.interlarinterlagos.com.br\/blog\/wp-content\/uploads\/2022\/04\/Verifique-o-tamanho-do-ambiente-4-min-1024x683.jpeg 1024w, https:\/\/www.interlarinterlagos.com.br\/blog\/wp-content\/uploads\/2022\/04\/Verifique-o-tamanho-do-ambiente-4-min-300x200.jpeg 300w, https:\/\/www.interlarinterlagos.com.br\/blog\/wp-content\/uploads\/2022\/04\/Verifique-o-tamanho-do-ambiente-4-min-768x512.jpeg 768w, https:\/\/www.interlarinterlagos.com.br\/blog\/wp-content\/uploads\/2022\/04\/Verifique-o-tamanho-do-ambiente-4-min-1536x1024.jpeg 1536w, https:\/\/www.interlarinterlagos.com.br\/blog\/wp-content\/uploads\/2022\/04\/Verifique-o-tamanho-do-ambiente-4-min-2048x1365.jpeg 2048w, https:\/\/www.interlarinterlagos.com.br\/blog\/wp-content\/uploads\/2022\/04\/Verifique-o-tamanho-do-ambiente-4-min-1140x760.jpeg 1140w\" sizes=\"auto, (max-width: 1024px) 100vw, 1024px\" \/><\/figure><\/li><li class=\"blocks-gallery-item\"><figure><img loading=\"lazy\" decoding=\"async\" width=\"1024\" height=\"683\" src=\"https:\/\/www.interlarinterlagos.com.br\/blog\/wp-content\/uploads\/2022\/04\/Verifique-o-tamanho-do-ambiente-5-min-1024x683.jpeg\" alt=\"\" data-id=\"730\" data-full-url=\"https:\/\/www.interlarinterlagos.com.br\/blog\/wp-content\/uploads\/2022\/04\/Verifique-o-tamanho-do-ambiente-5-min-scaled.jpeg\" data-link=\"https:\/\/www.interlarinterlagos.com.br\/blog\/?attachment_id=730\" class=\"wp-image-730\" srcset=\"https:\/\/www.interlarinterlagos.com.br\/blog\/wp-content\/uploads\/2022\/04\/Verifique-o-tamanho-do-ambiente-5-min-1024x683.jpeg 1024w, https:\/\/www.interlarinterlagos.com.br\/blog\/wp-content\/uploads\/2022\/04\/Verifique-o-tamanho-do-ambiente-5-min-300x200.jpeg 300w, https:\/\/www.interlarinterlagos.com.br\/blog\/wp-content\/uploads\/2022\/04\/Verifique-o-tamanho-do-ambiente-5-min-768x512.jpeg 768w, https:\/\/www.interlarinterlagos.com.br\/blog\/wp-content\/uploads\/2022\/04\/Verifique-o-tamanho-do-ambiente-5-min-1536x1024.jpeg 1536w, https:\/\/www.interlarinterlagos.com.br\/blog\/wp-content\/uploads\/2022\/04\/Verifique-o-tamanho-do-ambiente-5-min-2048x1365.jpeg 2048w, https:\/\/www.interlarinterlagos.com.br\/blog\/wp-content\/uploads\/2022\/04\/Verifique-o-tamanho-do-ambiente-5-min-1140x760.jpeg 1140w\" sizes=\"auto, (max-width: 1024px) 100vw, 1024px\" \/><\/figure><\/li><li class=\"blocks-gallery-item\"><figure><img loading=\"lazy\" decoding=\"async\" width=\"1024\" height=\"683\" src=\"https:\/\/www.interlarinterlagos.com.br\/blog\/wp-content\/uploads\/2022\/04\/Verifique-o-tamanho-do-ambiente-6-min-1024x683.jpeg\" alt=\"\" data-id=\"732\" data-full-url=\"https:\/\/www.interlarinterlagos.com.br\/blog\/wp-content\/uploads\/2022\/04\/Verifique-o-tamanho-do-ambiente-6-min-scaled.jpeg\" data-link=\"https:\/\/www.interlarinterlagos.com.br\/blog\/?attachment_id=732\" class=\"wp-image-732\" srcset=\"https:\/\/www.interlarinterlagos.com.br\/blog\/wp-content\/uploads\/2022\/04\/Verifique-o-tamanho-do-ambiente-6-min-1024x683.jpeg 1024w, https:\/\/www.interlarinterlagos.com.br\/blog\/wp-content\/uploads\/2022\/04\/Verifique-o-tamanho-do-ambiente-6-min-300x200.jpeg 300w, https:\/\/www.interlarinterlagos.com.br\/blog\/wp-content\/uploads\/2022\/04\/Verifique-o-tamanho-do-ambiente-6-min-768x512.jpeg 768w, https:\/\/www.interlarinterlagos.com.br\/blog\/wp-content\/uploads\/2022\/04\/Verifique-o-tamanho-do-ambiente-6-min-1536x1024.jpeg 1536w, https:\/\/www.interlarinterlagos.com.br\/blog\/wp-content\/uploads\/2022\/04\/Verifique-o-tamanho-do-ambiente-6-min-2048x1365.jpeg 2048w, https:\/\/www.interlarinterlagos.com.br\/blog\/wp-content\/uploads\/2022\/04\/Verifique-o-tamanho-do-ambiente-6-min-1140x760.jpeg 1140w\" sizes=\"auto, (max-width: 1024px) 100vw, 1024px\" \/><\/figure><\/li><\/ul><\/figure>\n\n\n\n<h2 class=\"wp-block-heading\"><strong>Aposte na ilumina\u00e7\u00e3o direcionada<\/strong><\/h2>\n\n\n\n<p>O direcionamento do foco de luz para itens como m\u00f3veis, pe\u00e7as de decora\u00e7\u00e3o, plantas ou quadro na parede \u00e9 uma \u00f3tima forma de valorizar ainda mais o espa\u00e7o. N\u00e3o esque\u00e7a de observar se os objetos podem gerar algum tipo de reflexo, como espelhos, ao receberem feixes de luz, o que pode dar sensa\u00e7\u00e3o de desconforto e incomodo para a vis\u00e3o. Com esses pequenos cuidados, a ilumina\u00e7\u00e3o ficar\u00e1 ainda mais incr\u00edvel! <\/p>\n\n\n\n<h2 class=\"wp-block-heading\"><strong>Tecnologia LED como elemento na decora\u00e7\u00e3o<\/strong><\/h2>\n\n\n\n<p>A tecnologia LED tamb\u00e9m pode ser utilizada a seu favor no projeto de light design. As l\u00e2mpadas LED s\u00e3o excelentes itens de decora\u00e7\u00e3o, uma vez que s\u00e3o produzidas em diversos formatos e tamanhos, sendo uma alternativa aos lustres e pendentes em seu projeto. O resultado \u00e9 um toque est\u00e9tico diferenciado em sua casa. Olha s\u00f3 algumas inspira\u00e7\u00f5es que separamos para voc\u00ea: <\/p>\n\n\n\n<figure class=\"wp-block-gallery columns-2 is-cropped wp-block-gallery-4 is-layout-flex wp-block-gallery-is-layout-flex\"><ul class=\"blocks-gallery-grid\"><li class=\"blocks-gallery-item\"><figure><img loading=\"lazy\" decoding=\"async\" width=\"1024\" height=\"683\" src=\"https:\/\/www.interlarinterlagos.com.br\/blog\/wp-content\/uploads\/2022\/04\/Tecnologia-LED-como-elemento-na-decora\u00e7\u00e3o-1-min-1024x683.jpeg\" alt=\"\" data-id=\"733\" data-full-url=\"https:\/\/www.interlarinterlagos.com.br\/blog\/wp-content\/uploads\/2022\/04\/Tecnologia-LED-como-elemento-na-decora\u00e7\u00e3o-1-min-scaled.jpeg\" data-link=\"https:\/\/www.interlarinterlagos.com.br\/blog\/?attachment_id=733\" class=\"wp-image-733\" srcset=\"https:\/\/www.interlarinterlagos.com.br\/blog\/wp-content\/uploads\/2022\/04\/Tecnologia-LED-como-elemento-na-decora\u00e7\u00e3o-1-min-1024x683.jpeg 1024w, https:\/\/www.interlarinterlagos.com.br\/blog\/wp-content\/uploads\/2022\/04\/Tecnologia-LED-como-elemento-na-decora\u00e7\u00e3o-1-min-300x200.jpeg 300w, https:\/\/www.interlarinterlagos.com.br\/blog\/wp-content\/uploads\/2022\/04\/Tecnologia-LED-como-elemento-na-decora\u00e7\u00e3o-1-min-768x513.jpeg 768w, https:\/\/www.interlarinterlagos.com.br\/blog\/wp-content\/uploads\/2022\/04\/Tecnologia-LED-como-elemento-na-decora\u00e7\u00e3o-1-min-1536x1025.jpeg 1536w, https:\/\/www.interlarinterlagos.com.br\/blog\/wp-content\/uploads\/2022\/04\/Tecnologia-LED-como-elemento-na-decora\u00e7\u00e3o-1-min-2048x1367.jpeg 2048w, https:\/\/www.interlarinterlagos.com.br\/blog\/wp-content\/uploads\/2022\/04\/Tecnologia-LED-como-elemento-na-decora\u00e7\u00e3o-1-min-1140x761.jpeg 1140w\" sizes=\"auto, (max-width: 1024px) 100vw, 1024px\" \/><\/figure><\/li><li class=\"blocks-gallery-item\"><figure><img loading=\"lazy\" decoding=\"async\" width=\"1024\" height=\"853\" src=\"https:\/\/www.interlarinterlagos.com.br\/blog\/wp-content\/uploads\/2022\/04\/Tecnologia-LED-como-elemento-na-decora\u00e7\u00e3o-2-min-1024x853.jpeg\" alt=\"\" data-id=\"734\" data-full-url=\"https:\/\/www.interlarinterlagos.com.br\/blog\/wp-content\/uploads\/2022\/04\/Tecnologia-LED-como-elemento-na-decora\u00e7\u00e3o-2-min-scaled.jpeg\" data-link=\"https:\/\/www.interlarinterlagos.com.br\/blog\/?attachment_id=734\" class=\"wp-image-734\" srcset=\"https:\/\/www.interlarinterlagos.com.br\/blog\/wp-content\/uploads\/2022\/04\/Tecnologia-LED-como-elemento-na-decora\u00e7\u00e3o-2-min-1024x853.jpeg 1024w, https:\/\/www.interlarinterlagos.com.br\/blog\/wp-content\/uploads\/2022\/04\/Tecnologia-LED-como-elemento-na-decora\u00e7\u00e3o-2-min-300x250.jpeg 300w, https:\/\/www.interlarinterlagos.com.br\/blog\/wp-content\/uploads\/2022\/04\/Tecnologia-LED-como-elemento-na-decora\u00e7\u00e3o-2-min-768x640.jpeg 768w, https:\/\/www.interlarinterlagos.com.br\/blog\/wp-content\/uploads\/2022\/04\/Tecnologia-LED-como-elemento-na-decora\u00e7\u00e3o-2-min-1536x1280.jpeg 1536w, https:\/\/www.interlarinterlagos.com.br\/blog\/wp-content\/uploads\/2022\/04\/Tecnologia-LED-como-elemento-na-decora\u00e7\u00e3o-2-min-2048x1706.jpeg 2048w, https:\/\/www.interlarinterlagos.com.br\/blog\/wp-content\/uploads\/2022\/04\/Tecnologia-LED-como-elemento-na-decora\u00e7\u00e3o-2-min-1140x950.jpeg 1140w\" sizes=\"auto, (max-width: 1024px) 100vw, 1024px\" \/><\/figure><\/li><li class=\"blocks-gallery-item\"><figure><img loading=\"lazy\" decoding=\"async\" width=\"1024\" height=\"683\" src=\"https:\/\/www.interlarinterlagos.com.br\/blog\/wp-content\/uploads\/2022\/04\/Tecnologia-LED-como-elemento-na-decora\u00e7\u00e3o-3-min-1024x683.jpeg\" alt=\"\" data-id=\"735\" data-full-url=\"https:\/\/www.interlarinterlagos.com.br\/blog\/wp-content\/uploads\/2022\/04\/Tecnologia-LED-como-elemento-na-decora\u00e7\u00e3o-3-min-scaled.jpeg\" data-link=\"https:\/\/www.interlarinterlagos.com.br\/blog\/?attachment_id=735\" class=\"wp-image-735\" srcset=\"https:\/\/www.interlarinterlagos.com.br\/blog\/wp-content\/uploads\/2022\/04\/Tecnologia-LED-como-elemento-na-decora\u00e7\u00e3o-3-min-1024x683.jpeg 1024w, https:\/\/www.interlarinterlagos.com.br\/blog\/wp-content\/uploads\/2022\/04\/Tecnologia-LED-como-elemento-na-decora\u00e7\u00e3o-3-min-300x200.jpeg 300w, https:\/\/www.interlarinterlagos.com.br\/blog\/wp-content\/uploads\/2022\/04\/Tecnologia-LED-como-elemento-na-decora\u00e7\u00e3o-3-min-768x513.jpeg 768w, https:\/\/www.interlarinterlagos.com.br\/blog\/wp-content\/uploads\/2022\/04\/Tecnologia-LED-como-elemento-na-decora\u00e7\u00e3o-3-min-1536x1025.jpeg 1536w, https:\/\/www.interlarinterlagos.com.br\/blog\/wp-content\/uploads\/2022\/04\/Tecnologia-LED-como-elemento-na-decora\u00e7\u00e3o-3-min-2048x1367.jpeg 2048w, https:\/\/www.interlarinterlagos.com.br\/blog\/wp-content\/uploads\/2022\/04\/Tecnologia-LED-como-elemento-na-decora\u00e7\u00e3o-3-min-1140x761.jpeg 1140w\" sizes=\"auto, (max-width: 1024px) 100vw, 1024px\" \/><\/figure><\/li><\/ul><\/figure>\n\n\n\n<h2 class=\"wp-block-heading\"><strong>&nbsp;Fique de olho na intensidade da luz<\/strong><\/h2>\n\n\n\n<p>Para\nfinalizar o seu projeto de light design, insira cortinas decorativas e persianas\nnos espa\u00e7os em que h\u00e1 incid\u00eancia de luz natural. Esses itens funcionam\nperfeitamente para controlar a entrada direta do sol e otimizar o uso de\nl\u00e2mpadas, lustres, abajures e outros elementos. N\u00e3o esque\u00e7a de inserir dimers e\nreguladores de intensidade para aqueles momentos em que voc\u00ea desejar criar um\nclima mais intimista e acolhedor. <\/p>\n\n\n\n<p>E a\u00ed, viu as nossas dicas? Aproveita e venha conferir as op\u00e7\u00f5es para deixar a sua casa iluminada, confort\u00e1vel e funcional aqui nas lojas do<a href=\"https:\/\/www.interlarinterlagos.com.br\/busca-lojas.php\"> Shopping Interlar Interlagos<\/a>. Vamos adorar receber a sua visita!<\/p>\n","protected":false},"excerpt":{"rendered":"<p>Voc\u00ea j\u00e1 ouviu falar em light design?! Esse conceito de decora\u00e7\u00e3o consiste em utilizar a ilumina\u00e7\u00e3o correta, em cada ambiente da sua casa ou apartamento, para tornar o espa\u00e7o ainda mais funcional e confort\u00e1vel. Al\u00e9m disso, o light design torna o ambiente mais equilibrado, uma vez que a ilumina\u00e7\u00e3o \u00e9 projetada para evitar problemas como reflexos, excesso de sombra ou luminosidade e criar contraponto de brilho nos c\u00f4modos da casa. Em muitas vezes, o uso de l\u00e2mpadas, lumin\u00e1rias e luz natural \u00e9 mesclado nos ambientes, deixando o projeto mais sustent\u00e1vel. Gostou da ideia? Pensando nisso, trouxemos dicas para voc\u00ea aplicar o light design em sua casa e valorizar ainda mais o ambiente! Como devo escolher a l\u00e2mpada certa? Tenha em mente que cada ambiente necessita de um tipo de ilumina\u00e7\u00e3o e que pode variar conforme a sua funcionalidade. As l\u00e2mpadas de luz amarelada s\u00e3o mais quentes, e por conta disso, s\u00e3o indicadas para ambientes como sala de estar, quartos ou c\u00f4modos que necessitem dessa sensa\u00e7\u00e3o de aconchego. J\u00e1 as l\u00e2mpadas de luz branca ou azulada, tamb\u00e9m conhecidas como luz fria, s\u00e3o mais adequadas para ambientes em que s\u00e3o executadas tarefas que necessitam de aten\u00e7\u00e3o e cuidado, como a cozinha, banheiros e \u00e1rea de servi\u00e7o, escrit\u00f3rio e cantinho dos estudos. Verifique o tamanho do ambiente Verificar a propor\u00e7\u00e3o correta entre as lumin\u00e1rias e o espa\u00e7o de cada ambiente \u00e9 fundamental em seu projeto de light design. Para c\u00f4modos menores, a dica \u00e9 optar por spots e lustres que fiquem mais pr\u00f3ximos ao teto. Voc\u00ea tamb\u00e9m pode substituir a ilumina\u00e7\u00e3o de teto por abajures, arandelas ou lumin\u00e1rias de piso, que podem ser inseridas em pontos estrat\u00e9gicos para otimizar o ambiente e proporcionar sensa\u00e7\u00e3o de amplitude. J\u00e1 para os ambientes mais amplos, os lustres e pendentes maiores garantem uma ilumina\u00e7\u00e3o eficiente e valorizam a decora\u00e7\u00e3o do local. Aposte na ilumina\u00e7\u00e3o direcionada O direcionamento do foco de luz para itens como m\u00f3veis, pe\u00e7as de decora\u00e7\u00e3o, plantas ou quadro na parede \u00e9 uma \u00f3tima forma de valorizar ainda mais o espa\u00e7o. N\u00e3o esque\u00e7a de observar se os objetos podem gerar algum tipo de reflexo, como espelhos, ao receberem feixes de luz, o que pode dar sensa\u00e7\u00e3o de desconforto e incomodo para a vis\u00e3o. Com esses pequenos cuidados, a ilumina\u00e7\u00e3o ficar\u00e1 ainda mais incr\u00edvel! Tecnologia LED como elemento na decora\u00e7\u00e3o A tecnologia LED tamb\u00e9m pode ser utilizada a seu favor no projeto de light design. As l\u00e2mpadas LED s\u00e3o excelentes itens de decora\u00e7\u00e3o, uma vez que s\u00e3o produzidas em diversos formatos e tamanhos, sendo uma alternativa aos lustres e pendentes em seu projeto. O resultado \u00e9 um toque est\u00e9tico diferenciado em sua casa. Olha s\u00f3 algumas inspira\u00e7\u00f5es que separamos para voc\u00ea: &nbsp;Fique de olho na intensidade da luz Para finalizar o seu projeto de light design, insira cortinas decorativas e persianas nos espa\u00e7os em que h\u00e1 incid\u00eancia de luz natural. Esses itens funcionam perfeitamente para controlar a entrada direta do sol e otimizar o uso de l\u00e2mpadas, lustres, abajures e outros elementos. N\u00e3o esque\u00e7a de inserir dimers e reguladores de intensidade para aqueles momentos em que voc\u00ea desejar criar um clima mais intimista e acolhedor. E a\u00ed, viu as nossas dicas? Aproveita e venha conferir as op\u00e7\u00f5es para deixar a sua casa iluminada, confort\u00e1vel e funcional aqui nas lojas do Shopping Interlar Interlagos. Vamos adorar receber a sua visita!<\/p>\n","protected":false},"author":1,"featured_media":736,"comment_status":"closed","ping_status":"closed","sticky":false,"template":"","format":"standard","meta":{"_monsterinsights_skip_tracking":false,"_monsterinsights_sitenote_active":false,"_monsterinsights_sitenote_note":"","_monsterinsights_sitenote_category":0,"footnotes":""},"categories":[21],"tags":[66,23,144,143],"class_list":["post-723","post","type-post","status-publish","format-standard","has-post-thumbnail","hentry","category-dicas","tag-decoracao","tag-dicas","tag-iluminacao","tag-light-design"],"_links":{"self":[{"href":"https:\/\/www.interlarinterlagos.com.br\/blog\/wp-json\/wp\/v2\/posts\/723","targetHints":{"allow":["GET"]}}],"collection":[{"href":"https:\/\/www.interlarinterlagos.com.br\/blog\/wp-json\/wp\/v2\/posts"}],"about":[{"href":"https:\/\/www.interlarinterlagos.com.br\/blog\/wp-json\/wp\/v2\/types\/post"}],"author":[{"embeddable":true,"href":"https:\/\/www.interlarinterlagos.com.br\/blog\/wp-json\/wp\/v2\/users\/1"}],"replies":[{"embeddable":true,"href":"https:\/\/www.interlarinterlagos.com.br\/blog\/wp-json\/wp\/v2\/comments?post=723"}],"version-history":[{"count":2,"href":"https:\/\/www.interlarinterlagos.com.br\/blog\/wp-json\/wp\/v2\/posts\/723\/revisions"}],"predecessor-version":[{"id":983,"href":"https:\/\/www.interlarinterlagos.com.br\/blog\/wp-json\/wp\/v2\/posts\/723\/revisions\/983"}],"wp:featuredmedia":[{"embeddable":true,"href":"https:\/\/www.interlarinterlagos.com.br\/blog\/wp-json\/wp\/v2\/media\/736"}],"wp:attachment":[{"href":"https:\/\/www.interlarinterlagos.com.br\/blog\/wp-json\/wp\/v2\/media?parent=723"}],"wp:term":[{"taxonomy":"category","embeddable":true,"href":"https:\/\/www.interlarinterlagos.com.br\/blog\/wp-json\/wp\/v2\/categories?post=723"},{"taxonomy":"post_tag","embeddable":true,"href":"https:\/\/www.interlarinterlagos.com.br\/blog\/wp-json\/wp\/v2\/tags?post=723"}],"curies":[{"name":"wp","href":"https:\/\/api.w.org\/{rel}","templated":true}]}}