{"id":66,"date":"2020-03-12T09:00:00","date_gmt":"2020-03-12T12:00:00","guid":{"rendered":"https:\/\/www.interlarinterlagos.com.br\/blog\/?p=66"},"modified":"2025-06-18T09:02:16","modified_gmt":"2025-06-18T12:02:16","slug":"dicas-de-moveis-e-decoracao-para-tornar-o-espaco-maior-na-sua-casa","status":"publish","type":"post","link":"https:\/\/www.interlarinterlagos.com.br\/blog\/2020\/03\/dicas-de-moveis-e-decoracao-para-tornar-o-espaco-maior-na-sua-casa\/","title":{"rendered":"Dicas de m\u00f3veis e decora\u00e7\u00e3o para tornar o espa\u00e7o maior na sua casa"},"content":{"rendered":"\n<p><\/p>\n\n\n\n<p>Cada vez mais, o mercado imobili\u00e1rio est\u00e1 se voltando para os pequenos\napartamentos, os chamados est\u00fadios, ideais para quem mora sozinho ou mesmo para\num casal sem filhos. Servi\u00e7os como lavanderia, m\u00e1quinas de conveni\u00eancia e at\u00e9\nlocadoras de autom\u00f3veis na recep\u00e7\u00e3o facilitam o dia a dia de quem est\u00e1 adotando\nesse estilo de vida. <\/p>\n\n\n\n<p>E engana-se quem pensa que um apartamento pequeno \u00e9 um apartamento apertado. A decora\u00e7\u00e3o, a escolha certa dos m\u00f3veis, tudo isso pode tornar o espa\u00e7o maior, com funcionalidade e muito conforto. Antenados com as novas tend\u00eancias, n\u00f3s do Interlar Interlagos reunimos aqui dicas de alguns elementos de mobili\u00e1rio e decora\u00e7\u00e3o que podem tornar o espa\u00e7o maior e ainda mais agrad\u00e1vel na sua casa. <\/p>\n\n\n\n<h2 class=\"wp-block-heading\"><strong>M\u00f3veis planejados<\/strong><\/h2>\n\n\n\n<div class=\"wp-block-image\"><figure class=\"aligncenter size-large\"><img loading=\"lazy\" decoding=\"async\" width=\"1000\" height=\"640\" src=\"https:\/\/www.interlarinterlagos.com.br\/blog\/wp-content\/uploads\/2020\/03\/103454-8-dicas-para-economizar-em-seu-projeto-de-moveis-planejados-1000x640-1.jpg\" alt=\"m\u00f3veis planejados\" class=\"wp-image-67\" srcset=\"https:\/\/www.interlarinterlagos.com.br\/blog\/wp-content\/uploads\/2020\/03\/103454-8-dicas-para-economizar-em-seu-projeto-de-moveis-planejados-1000x640-1.jpg 1000w, https:\/\/www.interlarinterlagos.com.br\/blog\/wp-content\/uploads\/2020\/03\/103454-8-dicas-para-economizar-em-seu-projeto-de-moveis-planejados-1000x640-1-300x192.jpg 300w, https:\/\/www.interlarinterlagos.com.br\/blog\/wp-content\/uploads\/2020\/03\/103454-8-dicas-para-economizar-em-seu-projeto-de-moveis-planejados-1000x640-1-768x492.jpg 768w\" sizes=\"auto, (max-width: 1000px) 100vw, 1000px\" \/><\/figure><\/div>\n\n\n\n<p> Comprar m\u00f3veis planejados, desenhados especialmente para o pr\u00f3prio ambiente \u00e9 um caminho certo para fazer o espa\u00e7o parecer maior. Assim, cada cantinho ter\u00e1 o aproveitamento certo. Uma dica para planejar sua sala, a cozinha ou o quarto e usar m\u00f3veis que v\u00e3o do ch\u00e3o ao teto, que criem a percep\u00e7\u00e3o de uma altura maior. Nichos abertos em meio a outros de portas fechadas tamb\u00e9m contribuem para a ilus\u00e3o de espa\u00e7o. <\/p>\n\n\n\n<h2 class=\"wp-block-heading\"><strong>Sof\u00e1s e poltronas<\/strong><\/h2>\n\n\n\n<p>Para decorar a sala, escolha sof\u00e1s, cadeiras e poltronas que deixem os p\u00e9s \u00e0 mostra. Isso evita que esses m\u00f3veis pare\u00e7am barreiras atravancando o ambiente. A proposta, ao contr\u00e1rio, \u00e9 dar a percep\u00e7\u00e3o de que o espa\u00e7o \u00e9 maior e mais livre. O mesmo conceito vale para a cama do quarto, por exemplo. Evite usar colchas que v\u00e3o at\u00e9 o ch\u00e3o. <\/p>\n\n\n\n<div class=\"wp-block-image\"><figure class=\"aligncenter size-large\"><img loading=\"lazy\" decoding=\"async\" width=\"1024\" height=\"683\" src=\"https:\/\/www.interlarinterlagos.com.br\/blog\/wp-content\/uploads\/2020\/03\/606396-PN8AWD-625-1024x683.jpg\" alt=\"sof\u00e1 com p\u00e9 \u00e0 mostra\" class=\"wp-image-68\" srcset=\"https:\/\/www.interlarinterlagos.com.br\/blog\/wp-content\/uploads\/2020\/03\/606396-PN8AWD-625-1024x683.jpg 1024w, https:\/\/www.interlarinterlagos.com.br\/blog\/wp-content\/uploads\/2020\/03\/606396-PN8AWD-625-300x200.jpg 300w, https:\/\/www.interlarinterlagos.com.br\/blog\/wp-content\/uploads\/2020\/03\/606396-PN8AWD-625-768x512.jpg 768w, https:\/\/www.interlarinterlagos.com.br\/blog\/wp-content\/uploads\/2020\/03\/606396-PN8AWD-625-1536x1024.jpg 1536w, https:\/\/www.interlarinterlagos.com.br\/blog\/wp-content\/uploads\/2020\/03\/606396-PN8AWD-625-2048x1365.jpg 2048w, https:\/\/www.interlarinterlagos.com.br\/blog\/wp-content\/uploads\/2020\/03\/606396-PN8AWD-625-1140x760.jpg 1140w\" sizes=\"auto, (max-width: 1024px) 100vw, 1024px\" \/><\/figure><\/div>\n\n\n\n<h2 class=\"wp-block-heading\"><strong>Organizadores<\/strong><\/h2>\n\n\n\n<p>A regrinha \u00e9 b\u00e1sica: em um apartamento pequeno, a desorganiza\u00e7\u00e3o \u00e9 sin\u00f4nimo de menos espa\u00e7o para voc\u00ea circular, para receber os amigos.\u00a0 Portanto, use e abuse das caixas organizadoras e de m\u00f3veis que fa\u00e7am com que cada coisa fique no seu lugar.<\/p>\n\n\n\n<div class=\"wp-block-image\"><figure class=\"aligncenter size-large\"><img loading=\"lazy\" decoding=\"async\" width=\"507\" height=\"311\" src=\"https:\/\/www.interlarinterlagos.com.br\/blog\/wp-content\/uploads\/2020\/03\/image.png\" alt=\"organizadores de ambiente\" class=\"wp-image-69\" srcset=\"https:\/\/www.interlarinterlagos.com.br\/blog\/wp-content\/uploads\/2020\/03\/image.png 507w, https:\/\/www.interlarinterlagos.com.br\/blog\/wp-content\/uploads\/2020\/03\/image-300x184.png 300w\" sizes=\"auto, (max-width: 507px) 100vw, 507px\" \/><\/figure><\/div>\n\n\n\n<h2 class=\"wp-block-heading\"><strong>Espelhos<\/strong><\/h2>\n\n\n\n<p>Essa \u00e9 a solu\u00e7\u00e3o mais comum para\nfazer um ambiente parecer maior. Voc\u00ea pode espelhar uma das paredes da sala,\npor exemplo, colocando um espelho bem amplo. Ou mesmo escolher m\u00f3veis que\ntenham espelhos revestindo as portas ou o fundo de uma estante, por exemplo.<\/p>\n\n\n\n<div class=\"wp-block-image\"><figure class=\"aligncenter size-large is-resized\"><img loading=\"lazy\" decoding=\"async\" src=\"https:\/\/www.interlarinterlagos.com.br\/blog\/wp-content\/uploads\/2020\/03\/espelhos_4-1024x427.jpg\" alt=\"espelho deixa ambiente maior\" class=\"wp-image-70\" width=\"580\" height=\"241\" srcset=\"https:\/\/www.interlarinterlagos.com.br\/blog\/wp-content\/uploads\/2020\/03\/espelhos_4-1024x427.jpg 1024w, https:\/\/www.interlarinterlagos.com.br\/blog\/wp-content\/uploads\/2020\/03\/espelhos_4-300x125.jpg 300w, https:\/\/www.interlarinterlagos.com.br\/blog\/wp-content\/uploads\/2020\/03\/espelhos_4-768x320.jpg 768w, https:\/\/www.interlarinterlagos.com.br\/blog\/wp-content\/uploads\/2020\/03\/espelhos_4-1140x475.jpg 1140w, https:\/\/www.interlarinterlagos.com.br\/blog\/wp-content\/uploads\/2020\/03\/espelhos_4.jpg 1200w\" sizes=\"auto, (max-width: 580px) 100vw, 580px\" \/><\/figure><\/div>\n\n\n\n<h2 class=\"wp-block-heading\"><strong>Mesas de apoio<\/strong><\/h2>\n\n\n\n<p>Deixar o espa\u00e7o central livre d\u00e1 uma sensa\u00e7\u00e3o de que a sala \u00e9 maior.\nAssim, nos apartamentos pequenos, usar mesinhas de canto, ao lado do sof\u00e1, \u00e9\numa op\u00e7\u00e3o melhor do que ter uma mesa de centro, por exemplo. Um tapete liso, em\ncores claras, \u00e9 uma boa ideia para \u201cpreencher\u201d o ambiente, sem atrapalhar a\ncircula\u00e7\u00e3o.<\/p>\n\n\n\n<figure class=\"wp-block-image size-large\"><img loading=\"lazy\" decoding=\"async\" width=\"1024\" height=\"768\" src=\"https:\/\/www.interlarinterlagos.com.br\/blog\/wp-content\/uploads\/2020\/03\/AdobeStock_305590989-1024x768.jpeg\" alt=\"mesa de apoio\" class=\"wp-image-71\" srcset=\"https:\/\/www.interlarinterlagos.com.br\/blog\/wp-content\/uploads\/2020\/03\/AdobeStock_305590989-1024x768.jpeg 1024w, https:\/\/www.interlarinterlagos.com.br\/blog\/wp-content\/uploads\/2020\/03\/AdobeStock_305590989-300x225.jpeg 300w, https:\/\/www.interlarinterlagos.com.br\/blog\/wp-content\/uploads\/2020\/03\/AdobeStock_305590989-768x576.jpeg 768w, https:\/\/www.interlarinterlagos.com.br\/blog\/wp-content\/uploads\/2020\/03\/AdobeStock_305590989-1536x1152.jpeg 1536w, https:\/\/www.interlarinterlagos.com.br\/blog\/wp-content\/uploads\/2020\/03\/AdobeStock_305590989-2048x1536.jpeg 2048w, https:\/\/www.interlarinterlagos.com.br\/blog\/wp-content\/uploads\/2020\/03\/AdobeStock_305590989-1140x855.jpeg 1140w\" sizes=\"auto, (max-width: 1024px) 100vw, 1024px\" \/><\/figure>\n\n\n\n<h2 class=\"wp-block-heading\"><strong>Ilumina\u00e7\u00e3o <\/strong><\/h2>\n\n\n\n<p>A escolha da ilumina\u00e7\u00e3o \u00e9 fundamental para dar a\nsensa\u00e7\u00e3o de amplitude \u00e0 sala, ao quarto ou a outro ambiente da casa. D\u00ea\nprefer\u00eancia \u00e0 luz branca, \u00e0s l\u00e2mpadas de led frias. E voc\u00ea pode complementar\nessa ilumina\u00e7\u00e3o especial dirigindo a luz de spots para um quadro, ou um jardim\nsuspenso na parede, por exemplo.<\/p>\n\n\n\n<p>Gostou das dicas? Venha ent\u00e3o ao <a href=\"https:\/\/www.interlarinterlagos.com.br\/\">Shopping Interlar Interlagos<\/a>. Aqui voc\u00ea encontra tudo o que precisa para a sua casa e ainda pode contar em nossas lojas com a ajuda de profissionais especializados em orientar a melhor escolha para a sua casa.<\/p>\n","protected":false},"excerpt":{"rendered":"<p>Cada vez mais, o mercado imobili\u00e1rio est\u00e1 se voltando para os pequenos apartamentos, os chamados est\u00fadios, ideais para quem mora sozinho ou mesmo para um casal sem filhos. Servi\u00e7os como lavanderia, m\u00e1quinas de conveni\u00eancia e at\u00e9 locadoras de autom\u00f3veis na recep\u00e7\u00e3o facilitam o dia a dia de quem est\u00e1 adotando esse estilo de vida. E engana-se quem pensa que um apartamento pequeno \u00e9 um apartamento apertado. A decora\u00e7\u00e3o, a escolha certa dos m\u00f3veis, tudo isso pode tornar o espa\u00e7o maior, com funcionalidade e muito conforto. Antenados com as novas tend\u00eancias, n\u00f3s do Interlar Interlagos reunimos aqui dicas de alguns elementos de mobili\u00e1rio e decora\u00e7\u00e3o que podem tornar o espa\u00e7o maior e ainda mais agrad\u00e1vel na sua casa. M\u00f3veis planejados Comprar m\u00f3veis planejados, desenhados especialmente para o pr\u00f3prio ambiente \u00e9 um caminho certo para fazer o espa\u00e7o parecer maior. Assim, cada cantinho ter\u00e1 o aproveitamento certo. Uma dica para planejar sua sala, a cozinha ou o quarto e usar m\u00f3veis que v\u00e3o do ch\u00e3o ao teto, que criem a percep\u00e7\u00e3o de uma altura maior. Nichos abertos em meio a outros de portas fechadas tamb\u00e9m contribuem para a ilus\u00e3o de espa\u00e7o. Sof\u00e1s e poltronas Para decorar a sala, escolha sof\u00e1s, cadeiras e poltronas que deixem os p\u00e9s \u00e0 mostra. Isso evita que esses m\u00f3veis pare\u00e7am barreiras atravancando o ambiente. A proposta, ao contr\u00e1rio, \u00e9 dar a percep\u00e7\u00e3o de que o espa\u00e7o \u00e9 maior e mais livre. O mesmo conceito vale para a cama do quarto, por exemplo. Evite usar colchas que v\u00e3o at\u00e9 o ch\u00e3o. Organizadores A regrinha \u00e9 b\u00e1sica: em um apartamento pequeno, a desorganiza\u00e7\u00e3o \u00e9 sin\u00f4nimo de menos espa\u00e7o para voc\u00ea circular, para receber os amigos.\u00a0 Portanto, use e abuse das caixas organizadoras e de m\u00f3veis que fa\u00e7am com que cada coisa fique no seu lugar. Espelhos Essa \u00e9 a solu\u00e7\u00e3o mais comum para fazer um ambiente parecer maior. Voc\u00ea pode espelhar uma das paredes da sala, por exemplo, colocando um espelho bem amplo. Ou mesmo escolher m\u00f3veis que tenham espelhos revestindo as portas ou o fundo de uma estante, por exemplo. Mesas de apoio Deixar o espa\u00e7o central livre d\u00e1 uma sensa\u00e7\u00e3o de que a sala \u00e9 maior. Assim, nos apartamentos pequenos, usar mesinhas de canto, ao lado do sof\u00e1, \u00e9 uma op\u00e7\u00e3o melhor do que ter uma mesa de centro, por exemplo. Um tapete liso, em cores claras, \u00e9 uma boa ideia para \u201cpreencher\u201d o ambiente, sem atrapalhar a circula\u00e7\u00e3o. Ilumina\u00e7\u00e3o A escolha da ilumina\u00e7\u00e3o \u00e9 fundamental para dar a sensa\u00e7\u00e3o de amplitude \u00e0 sala, ao quarto ou a outro ambiente da casa. D\u00ea prefer\u00eancia \u00e0 luz branca, \u00e0s l\u00e2mpadas de led frias. E voc\u00ea pode complementar essa ilumina\u00e7\u00e3o especial dirigindo a luz de spots para um quadro, ou um jardim suspenso na parede, por exemplo. Gostou das dicas? Venha ent\u00e3o ao Shopping Interlar Interlagos. Aqui voc\u00ea encontra tudo o que precisa para a sua casa e ainda pode contar em nossas lojas com a ajuda de profissionais especializados em orientar a melhor escolha para a sua casa.<\/p>\n","protected":false},"author":1,"featured_media":72,"comment_status":"closed","ping_status":"closed","sticky":false,"template":"","format":"standard","meta":{"_monsterinsights_skip_tracking":false,"_monsterinsights_sitenote_active":false,"_monsterinsights_sitenote_note":"","_monsterinsights_sitenote_category":0,"footnotes":""},"categories":[10,6],"tags":[15,16],"class_list":["post-66","post","type-post","status-publish","format-standard","has-post-thumbnail","hentry","category-quarto","category-sala-de-estar","tag-dicas-de-organizacao","tag-moveis-e-decoracao"],"_links":{"self":[{"href":"https:\/\/www.interlarinterlagos.com.br\/blog\/wp-json\/wp\/v2\/posts\/66","targetHints":{"allow":["GET"]}}],"collection":[{"href":"https:\/\/www.interlarinterlagos.com.br\/blog\/wp-json\/wp\/v2\/posts"}],"about":[{"href":"https:\/\/www.interlarinterlagos.com.br\/blog\/wp-json\/wp\/v2\/types\/post"}],"author":[{"embeddable":true,"href":"https:\/\/www.interlarinterlagos.com.br\/blog\/wp-json\/wp\/v2\/users\/1"}],"replies":[{"embeddable":true,"href":"https:\/\/www.interlarinterlagos.com.br\/blog\/wp-json\/wp\/v2\/comments?post=66"}],"version-history":[{"count":1,"href":"https:\/\/www.interlarinterlagos.com.br\/blog\/wp-json\/wp\/v2\/posts\/66\/revisions"}],"predecessor-version":[{"id":73,"href":"https:\/\/www.interlarinterlagos.com.br\/blog\/wp-json\/wp\/v2\/posts\/66\/revisions\/73"}],"wp:featuredmedia":[{"embeddable":true,"href":"https:\/\/www.interlarinterlagos.com.br\/blog\/wp-json\/wp\/v2\/media\/72"}],"wp:attachment":[{"href":"https:\/\/www.interlarinterlagos.com.br\/blog\/wp-json\/wp\/v2\/media?parent=66"}],"wp:term":[{"taxonomy":"category","embeddable":true,"href":"https:\/\/www.interlarinterlagos.com.br\/blog\/wp-json\/wp\/v2\/categories?post=66"},{"taxonomy":"post_tag","embeddable":true,"href":"https:\/\/www.interlarinterlagos.com.br\/blog\/wp-json\/wp\/v2\/tags?post=66"}],"curies":[{"name":"wp","href":"https:\/\/api.w.org\/{rel}","templated":true}]}}