{"id":57,"date":"2020-02-20T09:00:00","date_gmt":"2020-02-20T12:00:00","guid":{"rendered":"https:\/\/www.interlarinterlagos.com.br\/blog\/?p=57"},"modified":"2025-06-18T09:02:16","modified_gmt":"2025-06-18T12:02:16","slug":"tamanho-da-tv-como-escolher-o-certo-para-a-sua-casa","status":"publish","type":"post","link":"https:\/\/www.interlarinterlagos.com.br\/blog\/2020\/02\/tamanho-da-tv-como-escolher-o-certo-para-a-sua-casa\/","title":{"rendered":"Tamanho da TV: Como escolher o certo para a sua casa"},"content":{"rendered":"\n<p>Depois do sonho da casa pr\u00f3pria, o\nsonho da TV pr\u00f3pria faz parte do imagin\u00e1rio da maioria dos brasileiros. Chegar\nem casa, se jogar no sof\u00e1, pegar o controle remoto e sintonizar no seu programa\npreferido. Hum&#8230; que paz! Mas voc\u00ea sabia que antes de comprar a sua TV \u00e9\npreciso ponderar algumas especifica\u00e7\u00f5es que v\u00e3o muito al\u00e9m da marca e do tipo\nde TV? <\/p>\n\n\n\n<p>Pois \u00e9, apesar de todos sonharem com aquela televis\u00e3o gigante na sala ou no quarto, \u00e9 preciso levar em considera\u00e7\u00e3o o tamanho do seu c\u00f4modo para escolher as polegadas do seu aparelho, al\u00e9m de quest\u00f5es como posi\u00e7\u00e3o da TV, em que parede o aparelho ir\u00e1 ficar, se ele ficar\u00e1 em cima de um m\u00f3vel ou n\u00e3o. Enfim, essas s\u00e3o s\u00f3 algumas das quest\u00f5es a se pensar.<\/p>\n\n\n\n<h2 class=\"wp-block-heading\"><strong>Como escolher o tamanho da TV<\/strong><\/h2>\n\n\n\n<p>Para voc\u00ea aproveitar ao m\u00e1ximo sua TV \u00e9 preciso respeitar os limites de dist\u00e2ncia m\u00ednima e m\u00e1xima entre voc\u00ea e o aparelho. A dist\u00e2ncia m\u00ednima serve para proteger a sua vis\u00e3o, j\u00e1 a dist\u00e2ncia m\u00e1xima, \u00e9 para garantir a visibilidade completa da tela e dos recursos que sua TV oferece.<\/p>\n\n\n\n<div class=\"wp-block-image\"><figure class=\"aligncenter size-large is-resized\"><img loading=\"lazy\" decoding=\"async\" src=\"https:\/\/www.interlarinterlagos.com.br\/blog\/wp-content\/uploads\/2020\/02\/distancia-entre-tv.jpg\" alt=\"\" class=\"wp-image-58\" width=\"448\" height=\"642\" srcset=\"https:\/\/www.interlarinterlagos.com.br\/blog\/wp-content\/uploads\/2020\/02\/distancia-entre-tv.jpg 560w, https:\/\/www.interlarinterlagos.com.br\/blog\/wp-content\/uploads\/2020\/02\/distancia-entre-tv-209x300.jpg 209w\" sizes=\"auto, (max-width: 448px) 100vw, 448px\" \/><\/figure><\/div>\n\n\n\n<h2 class=\"wp-block-heading\"><strong>Como saber se a TV cabe no seu c\u00f4modo<\/strong><\/h2>\n\n\n\n<p>\u00c0s vezes quando vamos fazer compras\nacabamos t\u00e3o influenciados pela emo\u00e7\u00e3o que esquecemos quest\u00f5es pr\u00e1ticas, como\npor exemplo, se sua nova televis\u00e3o cabe no espa\u00e7o que voc\u00ea tem reservado para\nela na sua casa.<\/p>\n\n\n\n<p>Mas calma, resolver isso \u00e9 muito mais simples do que voc\u00ea pensa e com a nossa ajuda vai ficar ainda mais f\u00e1cil: me\u00e7a sua parede ou m\u00f3vel, onde a televis\u00e3o ir\u00e1 ficar e compare com a tabela abaixo, prontinho! Agora voc\u00ea j\u00e1 sabe quais tamanhos de TV cabem ai na sua casa.<\/p>\n\n\n\n<div class=\"wp-block-image\"><figure class=\"aligncenter size-large is-resized\"><img loading=\"lazy\" decoding=\"async\" src=\"https:\/\/www.interlarinterlagos.com.br\/blog\/wp-content\/uploads\/2020\/02\/image-5.png\" alt=\"\" class=\"wp-image-60\" width=\"249\" height=\"254\"\/><\/figure><\/div>\n\n\n\n<p>Agora que voc\u00ea j\u00e1 sabe como\nescolher o tamanho da sua TV, temos algumas dicas extras para voc\u00ea:<\/p>\n\n\n\n<ul class=\"wp-block-list\"><li>A altura ideal para a TV \u00e9 aquela em que o centro dela\nesteja na altura dos olhos de quem assiste. Para medir, sente no sof\u00e1 ou cama e\nme\u00e7a a altura do ch\u00e3o at\u00e9 seus olhos. Provavelmente ser\u00e1 algo em torno de 1.20\nm<\/li><li>Evite posicionar a sua TV pr\u00f3xima a janelas ou \u00e1reas\nque pegam muito sol, isso diminui a vida \u00fatil do aparelho.<\/li><li>Corre aqui para o <strong>Complexo\nComercial do Shopping Interlagos<\/strong> e garanta o melhor pre\u00e7o na hora de\ncomprar a sua TV! S\u00e3o v\u00e1rias lojas com dezenas de op\u00e7\u00f5es que cabem no seu\nbolso.<\/li><\/ul>\n","protected":false},"excerpt":{"rendered":"<p>Depois do sonho da casa pr\u00f3pria, o sonho da TV pr\u00f3pria faz parte do imagin\u00e1rio da maioria dos brasileiros. Chegar em casa, se jogar no sof\u00e1, pegar o controle remoto e sintonizar no seu programa preferido. Hum&#8230; que paz! Mas voc\u00ea sabia que antes de comprar a sua TV \u00e9 preciso ponderar algumas especifica\u00e7\u00f5es que v\u00e3o muito al\u00e9m da marca e do tipo de TV? Pois \u00e9, apesar de todos sonharem com aquela televis\u00e3o gigante na sala ou no quarto, \u00e9 preciso levar em considera\u00e7\u00e3o o tamanho do seu c\u00f4modo para escolher as polegadas do seu aparelho, al\u00e9m de quest\u00f5es como posi\u00e7\u00e3o da TV, em que parede o aparelho ir\u00e1 ficar, se ele ficar\u00e1 em cima de um m\u00f3vel ou n\u00e3o. Enfim, essas s\u00e3o s\u00f3 algumas das quest\u00f5es a se pensar. Como escolher o tamanho da TV Para voc\u00ea aproveitar ao m\u00e1ximo sua TV \u00e9 preciso respeitar os limites de dist\u00e2ncia m\u00ednima e m\u00e1xima entre voc\u00ea e o aparelho. A dist\u00e2ncia m\u00ednima serve para proteger a sua vis\u00e3o, j\u00e1 a dist\u00e2ncia m\u00e1xima, \u00e9 para garantir a visibilidade completa da tela e dos recursos que sua TV oferece. Como saber se a TV cabe no seu c\u00f4modo \u00c0s vezes quando vamos fazer compras acabamos t\u00e3o influenciados pela emo\u00e7\u00e3o que esquecemos quest\u00f5es pr\u00e1ticas, como por exemplo, se sua nova televis\u00e3o cabe no espa\u00e7o que voc\u00ea tem reservado para ela na sua casa. Mas calma, resolver isso \u00e9 muito mais simples do que voc\u00ea pensa e com a nossa ajuda vai ficar ainda mais f\u00e1cil: me\u00e7a sua parede ou m\u00f3vel, onde a televis\u00e3o ir\u00e1 ficar e compare com a tabela abaixo, prontinho! Agora voc\u00ea j\u00e1 sabe quais tamanhos de TV cabem ai na sua casa. Agora que voc\u00ea j\u00e1 sabe como escolher o tamanho da sua TV, temos algumas dicas extras para voc\u00ea: A altura ideal para a TV \u00e9 aquela em que o centro dela esteja na altura dos olhos de quem assiste. Para medir, sente no sof\u00e1 ou cama e me\u00e7a a altura do ch\u00e3o at\u00e9 seus olhos. Provavelmente ser\u00e1 algo em torno de 1.20 m Evite posicionar a sua TV pr\u00f3xima a janelas ou \u00e1reas que pegam muito sol, isso diminui a vida \u00fatil do aparelho. Corre aqui para o Complexo Comercial do Shopping Interlagos e garanta o melhor pre\u00e7o na hora de comprar a sua TV! S\u00e3o v\u00e1rias lojas com dezenas de op\u00e7\u00f5es que cabem no seu bolso.<\/p>\n","protected":false},"author":1,"featured_media":63,"comment_status":"closed","ping_status":"closed","sticky":false,"template":"","format":"standard","meta":{"_monsterinsights_skip_tracking":false,"_monsterinsights_sitenote_active":false,"_monsterinsights_sitenote_note":"","_monsterinsights_sitenote_category":0,"footnotes":""},"categories":[10,6],"tags":[14],"class_list":["post-57","post","type-post","status-publish","format-standard","has-post-thumbnail","hentry","category-quarto","category-sala-de-estar","tag-televisao"],"_links":{"self":[{"href":"https:\/\/www.interlarinterlagos.com.br\/blog\/wp-json\/wp\/v2\/posts\/57","targetHints":{"allow":["GET"]}}],"collection":[{"href":"https:\/\/www.interlarinterlagos.com.br\/blog\/wp-json\/wp\/v2\/posts"}],"about":[{"href":"https:\/\/www.interlarinterlagos.com.br\/blog\/wp-json\/wp\/v2\/types\/post"}],"author":[{"embeddable":true,"href":"https:\/\/www.interlarinterlagos.com.br\/blog\/wp-json\/wp\/v2\/users\/1"}],"replies":[{"embeddable":true,"href":"https:\/\/www.interlarinterlagos.com.br\/blog\/wp-json\/wp\/v2\/comments?post=57"}],"version-history":[{"count":2,"href":"https:\/\/www.interlarinterlagos.com.br\/blog\/wp-json\/wp\/v2\/posts\/57\/revisions"}],"predecessor-version":[{"id":62,"href":"https:\/\/www.interlarinterlagos.com.br\/blog\/wp-json\/wp\/v2\/posts\/57\/revisions\/62"}],"wp:featuredmedia":[{"embeddable":true,"href":"https:\/\/www.interlarinterlagos.com.br\/blog\/wp-json\/wp\/v2\/media\/63"}],"wp:attachment":[{"href":"https:\/\/www.interlarinterlagos.com.br\/blog\/wp-json\/wp\/v2\/media?parent=57"}],"wp:term":[{"taxonomy":"category","embeddable":true,"href":"https:\/\/www.interlarinterlagos.com.br\/blog\/wp-json\/wp\/v2\/categories?post=57"},{"taxonomy":"post_tag","embeddable":true,"href":"https:\/\/www.interlarinterlagos.com.br\/blog\/wp-json\/wp\/v2\/tags?post=57"}],"curies":[{"name":"wp","href":"https:\/\/api.w.org\/{rel}","templated":true}]}}