{"id":412,"date":"2021-06-10T09:00:00","date_gmt":"2021-06-10T12:00:00","guid":{"rendered":"https:\/\/www.interlarinterlagos.com.br\/blog\/?p=412"},"modified":"2025-06-18T09:02:13","modified_gmt":"2025-06-18T12:02:13","slug":"lareira-opcoes-planejadas-e-portateis-para-aquecer-sua-casa","status":"publish","type":"post","link":"https:\/\/www.interlarinterlagos.com.br\/blog\/2021\/06\/lareira-opcoes-planejadas-e-portateis-para-aquecer-sua-casa\/","title":{"rendered":"Lareira: op\u00e7\u00f5es planejadas  e port\u00e1teis para aquecer sua casa"},"content":{"rendered":"\n<p>O inverno est\u00e1 chegando! Para deixar nossa casa bem quentinha, nada melhor do que ter uma lareira. Afinal de contas, \u00e9 ela que vai tornar aquele cantinho ainda mais aconchegante para reunir a fam\u00edlia ou os amigos, tomar aquele cafezinho ou um ch\u00e1 ou simplesmente ler um bom livro ou ver TV. \u00c9 tudo de bom! Para te ajudar a escolher o modelo ideal, separamos dicas de lareiras planejadas e port\u00e1teis que deixar\u00e3o sua casa pronta para receber a esta\u00e7\u00e3o mais fria do ano. <\/p>\n\n\n\n<h2 class=\"wp-block-heading\"><strong>Que tipo de lareira devo escolher?<\/strong><\/h2>\n\n\n\n<p>Se voc\u00ea busca efici\u00eancia e sofistica\u00e7\u00e3o na hora de aquecer sua casa, a melhor op\u00e7\u00e3o s\u00e3o as lareiras planejadas. Elas podem ser incorporadas \u00e0 decora\u00e7\u00e3o dando um visual sofisticado ao ambiente, sem exigir grandes obras. Mas se voc\u00ea quer um pouco mais de praticidade, deve escolher modelos port\u00e1teis que podem ser utilizados em v\u00e1rios c\u00f4modos da casa. Veja a seguir, as principais caracter\u00edsticas de cada modelo! <\/p>\n\n\n\n<h2 class=\"wp-block-heading\"><strong>Tipos de lareiras planejadas<\/strong><\/h2>\n\n\n\n<figure class=\"wp-block-image size-large\"><img loading=\"lazy\" decoding=\"async\" width=\"1024\" height=\"683\" src=\"https:\/\/www.interlarinterlagos.com.br\/blog\/wp-content\/uploads\/2021\/05\/AdobeStock_299838738-min-1024x683.jpeg\" alt=\"\" class=\"wp-image-413\" srcset=\"https:\/\/www.interlarinterlagos.com.br\/blog\/wp-content\/uploads\/2021\/05\/AdobeStock_299838738-min-1024x683.jpeg 1024w, https:\/\/www.interlarinterlagos.com.br\/blog\/wp-content\/uploads\/2021\/05\/AdobeStock_299838738-min-300x200.jpeg 300w, https:\/\/www.interlarinterlagos.com.br\/blog\/wp-content\/uploads\/2021\/05\/AdobeStock_299838738-min-768x512.jpeg 768w, https:\/\/www.interlarinterlagos.com.br\/blog\/wp-content\/uploads\/2021\/05\/AdobeStock_299838738-min-1536x1024.jpeg 1536w, https:\/\/www.interlarinterlagos.com.br\/blog\/wp-content\/uploads\/2021\/05\/AdobeStock_299838738-min-2048x1365.jpeg 2048w, https:\/\/www.interlarinterlagos.com.br\/blog\/wp-content\/uploads\/2021\/05\/AdobeStock_299838738-min-1140x760.jpeg 1140w\" sizes=\"auto, (max-width: 1024px) 100vw, 1024px\" \/><\/figure>\n\n\n\n<p><strong>&#8211; Lareira \u00e0 lenha<\/strong>: Um dos modelos mais charmosos e que\nnunca sai de moda. A lareira planejada \u00e0 lenha \u00e9 muito usada em casas ou\napartamentos que j\u00e1 possuam sistema de exaust\u00e3o de fuma\u00e7a, proporcionando mais\nfacilidade na hora da instala\u00e7\u00e3o.<\/p>\n\n\n\n<p><strong>&#8211; Lareira \u00e0 g\u00e1s:<\/strong> As lareiras a g\u00e1s s\u00e3o perfeitas para\nqualquer decora\u00e7\u00e3o. A sua chama \u00e9 obtida pela combust\u00e3o de um g\u00e1s, que pode ser\no natural ou o g\u00e1s de cozinha. Por ser um modelo bastante funcional, na hora da\ninstala\u00e7\u00e3o voc\u00ea precisa apenas que haja registro no local em que ser\u00e1 colocada,\num ponto de g\u00e1s e tubula\u00e7\u00e3o de cobre. \u00c9 ideal tamb\u00e9m que haja um dispositivo de\nseguran\u00e7a que corte a sa\u00edda do g\u00e1s, para caso a chama se apague. E se preferir,\nvoc\u00ea pode escolher um modelo que funcione por controle remoto. <\/p>\n\n\n\n<p><strong>&nbsp;&#8211; Lareira\necol\u00f3gica: <\/strong>As lareiras ecol\u00f3gicas recebem esse nome pois n\u00e3o emitem cinzas\nou fuma\u00e7as, sendo uma das op\u00e7\u00f5es mais sustent\u00e1veis. Seu funcionamento \u00e9 feito\npor meio de gel espec\u00edfico ou \u00e1lcool. Sua instala\u00e7\u00e3o \u00e9 bastante pr\u00e1tica,\nnecessitando apenas que esteja pr\u00f3xima de locais arejados e com ventila\u00e7\u00e3o\nnatural. <\/p>\n\n\n\n<figure class=\"wp-block-image size-large\"><img loading=\"lazy\" decoding=\"async\" width=\"1024\" height=\"683\" src=\"https:\/\/www.interlarinterlagos.com.br\/blog\/wp-content\/uploads\/2021\/05\/AdobeStock_401347274-min-1024x683.jpeg\" alt=\"\" class=\"wp-image-414\" srcset=\"https:\/\/www.interlarinterlagos.com.br\/blog\/wp-content\/uploads\/2021\/05\/AdobeStock_401347274-min-1024x683.jpeg 1024w, https:\/\/www.interlarinterlagos.com.br\/blog\/wp-content\/uploads\/2021\/05\/AdobeStock_401347274-min-300x200.jpeg 300w, https:\/\/www.interlarinterlagos.com.br\/blog\/wp-content\/uploads\/2021\/05\/AdobeStock_401347274-min-768x512.jpeg 768w, https:\/\/www.interlarinterlagos.com.br\/blog\/wp-content\/uploads\/2021\/05\/AdobeStock_401347274-min-1536x1024.jpeg 1536w, https:\/\/www.interlarinterlagos.com.br\/blog\/wp-content\/uploads\/2021\/05\/AdobeStock_401347274-min-2048x1365.jpeg 2048w, https:\/\/www.interlarinterlagos.com.br\/blog\/wp-content\/uploads\/2021\/05\/AdobeStock_401347274-min-1140x760.jpeg 1140w\" sizes=\"auto, (max-width: 1024px) 100vw, 1024px\" \/><\/figure>\n\n\n\n<p><strong>&#8211; Lareira el\u00e9trica: <\/strong>Uma op\u00e7\u00e3o que muita gente adora pela praticidade e que voc\u00ea tamb\u00e9m pode considerar na hora de escolher o modelo ideal, \u00e9 a lareira el\u00e9trica. Por funcionar ligada na tomada, podendo ser controlada por controle remoto, \u00e9 uma das op\u00e7\u00f5es mais procuradas pela f\u00e1cil instala\u00e7\u00e3o. Geralmente possuem um painel 3D que simula a imagem da chama e d\u00e1 todo aquele charme especial. \u00a0<\/p>\n\n\n\n<h2 class=\"wp-block-heading\"><strong>Tipos de lareiras port\u00e1teis<\/strong><\/h2>\n\n\n\n<figure class=\"wp-block-image size-large\"><img loading=\"lazy\" decoding=\"async\" width=\"1024\" height=\"690\" src=\"https:\/\/www.interlarinterlagos.com.br\/blog\/wp-content\/uploads\/2021\/05\/AdobeStock_230613080-min-1024x690.jpeg\" alt=\"\" class=\"wp-image-415\" srcset=\"https:\/\/www.interlarinterlagos.com.br\/blog\/wp-content\/uploads\/2021\/05\/AdobeStock_230613080-min-1024x690.jpeg 1024w, https:\/\/www.interlarinterlagos.com.br\/blog\/wp-content\/uploads\/2021\/05\/AdobeStock_230613080-min-300x202.jpeg 300w, https:\/\/www.interlarinterlagos.com.br\/blog\/wp-content\/uploads\/2021\/05\/AdobeStock_230613080-min-768x517.jpeg 768w, https:\/\/www.interlarinterlagos.com.br\/blog\/wp-content\/uploads\/2021\/05\/AdobeStock_230613080-min-1536x1035.jpeg 1536w, https:\/\/www.interlarinterlagos.com.br\/blog\/wp-content\/uploads\/2021\/05\/AdobeStock_230613080-min-2048x1380.jpeg 2048w, https:\/\/www.interlarinterlagos.com.br\/blog\/wp-content\/uploads\/2021\/05\/AdobeStock_230613080-min-1140x768.jpeg 1140w\" sizes=\"auto, (max-width: 1024px) 100vw, 1024px\" \/><\/figure>\n\n\n\n<p><strong>&#8211; Lareira ecol\u00f3gica<\/strong>: As op\u00e7\u00f5es \u00e0 base de \u00e1lcool ou\ngel tem como sua principal virtude o fato de serem bastante decorativas,\npodendo ser inseridas com praticidade em qualquer ambiente, deixando a casa bem\nquentinha!&nbsp; Existem modelos retangulares\nou circulares nos mais diferentes tamanhos, adequados a cada tipo de ambiente.<\/p>\n\n\n\n<p><strong>&#8211; Lareira el\u00e9trica: <\/strong>Os modelos el\u00e9tricos s\u00e3o bastante\npr\u00e1ticos, necessitando apenas de uma tomada pr\u00f3xima, sendo a op\u00e7\u00e3o perfeita\npara quem quer aquecer ambientes como quartos, \u00e1reas de servi\u00e7o ou escrit\u00f3rios sem\ngastar muito com instala\u00e7\u00e3o. <\/p>\n\n\n\n<figure class=\"wp-block-image size-large\"><img loading=\"lazy\" decoding=\"async\" width=\"1024\" height=\"683\" src=\"https:\/\/www.interlarinterlagos.com.br\/blog\/wp-content\/uploads\/2021\/05\/AdobeStock_281816786-min-1024x683.jpeg\" alt=\"\" class=\"wp-image-416\" srcset=\"https:\/\/www.interlarinterlagos.com.br\/blog\/wp-content\/uploads\/2021\/05\/AdobeStock_281816786-min-1024x683.jpeg 1024w, https:\/\/www.interlarinterlagos.com.br\/blog\/wp-content\/uploads\/2021\/05\/AdobeStock_281816786-min-300x200.jpeg 300w, https:\/\/www.interlarinterlagos.com.br\/blog\/wp-content\/uploads\/2021\/05\/AdobeStock_281816786-min-768x512.jpeg 768w, https:\/\/www.interlarinterlagos.com.br\/blog\/wp-content\/uploads\/2021\/05\/AdobeStock_281816786-min-1536x1024.jpeg 1536w, https:\/\/www.interlarinterlagos.com.br\/blog\/wp-content\/uploads\/2021\/05\/AdobeStock_281816786-min-2048x1365.jpeg 2048w, https:\/\/www.interlarinterlagos.com.br\/blog\/wp-content\/uploads\/2021\/05\/AdobeStock_281816786-min-1140x760.jpeg 1140w\" sizes=\"auto, (max-width: 1024px) 100vw, 1024px\" \/><\/figure>\n\n\n\n<p><strong>&#8211; Lareiras a lenha:<\/strong> J\u00e1 as lareiras port\u00e1teis a lenha s\u00e3o as mais adequadas para esquentar a sua varanda ou para serem usadas nas \u00e1reas externas da casa. <\/p>\n\n\n\n<h2 class=\"wp-block-heading\"><strong>Seguran\u00e7a \u00e9 sempre primordial<\/strong><\/h2>\n\n\n\n<p>Se voc\u00ea optar por uma lareira planejada, lembre-se de que\nindependente do modelo escolhido, a instala\u00e7\u00e3o deve ser realizada por um\nprofissional especializado, combinado?!<\/p>\n\n\n\n<p>As lareiras, mesmo os modelos port\u00e1teis, precisam ser\nutilizadas em ambiente arejado. Por isso, mantenha sempre um ponto de\nventila\u00e7\u00e3o natural aberto. Lembre-se de refor\u00e7ar o cuidado com crian\u00e7as e animais\nde estima\u00e7\u00e3o. <\/p>\n\n\n\n<p>Curtiu nossas dicas? Ent\u00e3o, aproveite que o inverno est\u00e1\nchegando e se inspire. <\/p>\n","protected":false},"excerpt":{"rendered":"<p>O inverno est\u00e1 chegando! Para deixar nossa casa bem quentinha, nada melhor do que ter uma lareira. Afinal de contas, \u00e9 ela que vai tornar aquele cantinho ainda mais aconchegante para reunir a fam\u00edlia ou os amigos, tomar aquele cafezinho ou um ch\u00e1 ou simplesmente ler um bom livro ou ver TV. \u00c9 tudo de bom! Para te ajudar a escolher o modelo ideal, separamos dicas de lareiras planejadas e port\u00e1teis que deixar\u00e3o sua casa pronta para receber a esta\u00e7\u00e3o mais fria do ano. Que tipo de lareira devo escolher? Se voc\u00ea busca efici\u00eancia e sofistica\u00e7\u00e3o na hora de aquecer sua casa, a melhor op\u00e7\u00e3o s\u00e3o as lareiras planejadas. Elas podem ser incorporadas \u00e0 decora\u00e7\u00e3o dando um visual sofisticado ao ambiente, sem exigir grandes obras. Mas se voc\u00ea quer um pouco mais de praticidade, deve escolher modelos port\u00e1teis que podem ser utilizados em v\u00e1rios c\u00f4modos da casa. Veja a seguir, as principais caracter\u00edsticas de cada modelo! Tipos de lareiras planejadas &#8211; Lareira \u00e0 lenha: Um dos modelos mais charmosos e que nunca sai de moda. A lareira planejada \u00e0 lenha \u00e9 muito usada em casas ou apartamentos que j\u00e1 possuam sistema de exaust\u00e3o de fuma\u00e7a, proporcionando mais facilidade na hora da instala\u00e7\u00e3o. &#8211; Lareira \u00e0 g\u00e1s: As lareiras a g\u00e1s s\u00e3o perfeitas para qualquer decora\u00e7\u00e3o. A sua chama \u00e9 obtida pela combust\u00e3o de um g\u00e1s, que pode ser o natural ou o g\u00e1s de cozinha. Por ser um modelo bastante funcional, na hora da instala\u00e7\u00e3o voc\u00ea precisa apenas que haja registro no local em que ser\u00e1 colocada, um ponto de g\u00e1s e tubula\u00e7\u00e3o de cobre. \u00c9 ideal tamb\u00e9m que haja um dispositivo de seguran\u00e7a que corte a sa\u00edda do g\u00e1s, para caso a chama se apague. E se preferir, voc\u00ea pode escolher um modelo que funcione por controle remoto. &nbsp;&#8211; Lareira ecol\u00f3gica: As lareiras ecol\u00f3gicas recebem esse nome pois n\u00e3o emitem cinzas ou fuma\u00e7as, sendo uma das op\u00e7\u00f5es mais sustent\u00e1veis. Seu funcionamento \u00e9 feito por meio de gel espec\u00edfico ou \u00e1lcool. Sua instala\u00e7\u00e3o \u00e9 bastante pr\u00e1tica, necessitando apenas que esteja pr\u00f3xima de locais arejados e com ventila\u00e7\u00e3o natural. &#8211; Lareira el\u00e9trica: Uma op\u00e7\u00e3o que muita gente adora pela praticidade e que voc\u00ea tamb\u00e9m pode considerar na hora de escolher o modelo ideal, \u00e9 a lareira el\u00e9trica. Por funcionar ligada na tomada, podendo ser controlada por controle remoto, \u00e9 uma das op\u00e7\u00f5es mais procuradas pela f\u00e1cil instala\u00e7\u00e3o. Geralmente possuem um painel 3D que simula a imagem da chama e d\u00e1 todo aquele charme especial. \u00a0 Tipos de lareiras port\u00e1teis &#8211; Lareira ecol\u00f3gica: As op\u00e7\u00f5es \u00e0 base de \u00e1lcool ou gel tem como sua principal virtude o fato de serem bastante decorativas, podendo ser inseridas com praticidade em qualquer ambiente, deixando a casa bem quentinha!&nbsp; Existem modelos retangulares ou circulares nos mais diferentes tamanhos, adequados a cada tipo de ambiente. &#8211; Lareira el\u00e9trica: Os modelos el\u00e9tricos s\u00e3o bastante pr\u00e1ticos, necessitando apenas de uma tomada pr\u00f3xima, sendo a op\u00e7\u00e3o perfeita para quem quer aquecer ambientes como quartos, \u00e1reas de servi\u00e7o ou escrit\u00f3rios sem gastar muito com instala\u00e7\u00e3o. &#8211; Lareiras a lenha: J\u00e1 as lareiras port\u00e1teis a lenha s\u00e3o as mais adequadas para esquentar a sua varanda ou para serem usadas nas \u00e1reas externas da casa. Seguran\u00e7a \u00e9 sempre primordial Se voc\u00ea optar por uma lareira planejada, lembre-se de que independente do modelo escolhido, a instala\u00e7\u00e3o deve ser realizada por um profissional especializado, combinado?! As lareiras, mesmo os modelos port\u00e1teis, precisam ser utilizadas em ambiente arejado. Por isso, mantenha sempre um ponto de ventila\u00e7\u00e3o natural aberto. Lembre-se de refor\u00e7ar o cuidado com crian\u00e7as e animais de estima\u00e7\u00e3o. Curtiu nossas dicas? Ent\u00e3o, aproveite que o inverno est\u00e1 chegando e se inspire.<\/p>\n","protected":false},"author":1,"featured_media":417,"comment_status":"closed","ping_status":"closed","sticky":false,"template":"","format":"standard","meta":{"_monsterinsights_skip_tracking":false,"_monsterinsights_sitenote_active":false,"_monsterinsights_sitenote_note":"","_monsterinsights_sitenote_category":0,"footnotes":""},"categories":[21],"tags":[95],"class_list":["post-412","post","type-post","status-publish","format-standard","has-post-thumbnail","hentry","category-dicas","tag-lareira"],"_links":{"self":[{"href":"https:\/\/www.interlarinterlagos.com.br\/blog\/wp-json\/wp\/v2\/posts\/412","targetHints":{"allow":["GET"]}}],"collection":[{"href":"https:\/\/www.interlarinterlagos.com.br\/blog\/wp-json\/wp\/v2\/posts"}],"about":[{"href":"https:\/\/www.interlarinterlagos.com.br\/blog\/wp-json\/wp\/v2\/types\/post"}],"author":[{"embeddable":true,"href":"https:\/\/www.interlarinterlagos.com.br\/blog\/wp-json\/wp\/v2\/users\/1"}],"replies":[{"embeddable":true,"href":"https:\/\/www.interlarinterlagos.com.br\/blog\/wp-json\/wp\/v2\/comments?post=412"}],"version-history":[{"count":1,"href":"https:\/\/www.interlarinterlagos.com.br\/blog\/wp-json\/wp\/v2\/posts\/412\/revisions"}],"predecessor-version":[{"id":418,"href":"https:\/\/www.interlarinterlagos.com.br\/blog\/wp-json\/wp\/v2\/posts\/412\/revisions\/418"}],"wp:featuredmedia":[{"embeddable":true,"href":"https:\/\/www.interlarinterlagos.com.br\/blog\/wp-json\/wp\/v2\/media\/417"}],"wp:attachment":[{"href":"https:\/\/www.interlarinterlagos.com.br\/blog\/wp-json\/wp\/v2\/media?parent=412"}],"wp:term":[{"taxonomy":"category","embeddable":true,"href":"https:\/\/www.interlarinterlagos.com.br\/blog\/wp-json\/wp\/v2\/categories?post=412"},{"taxonomy":"post_tag","embeddable":true,"href":"https:\/\/www.interlarinterlagos.com.br\/blog\/wp-json\/wp\/v2\/tags?post=412"}],"curies":[{"name":"wp","href":"https:\/\/api.w.org\/{rel}","templated":true}]}}