{"id":337,"date":"2021-03-25T09:00:00","date_gmt":"2021-03-25T12:00:00","guid":{"rendered":"https:\/\/www.interlarinterlagos.com.br\/blog\/?p=337"},"modified":"2025-06-18T09:02:13","modified_gmt":"2025-06-18T12:02:13","slug":"cantinho-do-cafe-tudo-o-que-voce-precisa-saber-para-montar-o-seu","status":"publish","type":"post","link":"https:\/\/www.interlarinterlagos.com.br\/blog\/2021\/03\/cantinho-do-cafe-tudo-o-que-voce-precisa-saber-para-montar-o-seu\/","title":{"rendered":"Cantinho do caf\u00e9: tudo o que voc\u00ea  precisa saber para montar o seu"},"content":{"rendered":"\n<p>Antes, ele s\u00f3 era comum nas empresas, nos escrit\u00f3rios comerciais. Mas, pouco a pouco, o cantinho do caf\u00e9 foi ganhando espa\u00e7o na casa da gente. A paix\u00e3o pelo gosto e o cheirinho irresist\u00edvel da bebida falaram mais alto.\u00a0 Afinal, tomar aquele cafezinho pela manh\u00e3, depois do almo\u00e7o ou no final da tarde \u00e9 ou n\u00e3o \u00e9 um dos melhores prazeres da vida? Voc\u00ea ainda n\u00e3o montou seu cantinho do caf\u00e9 em casa? Ent\u00e3o, a hora \u00e9 essa. Preparamos aqui algumas dicas para voc\u00ea transformar um espacinho qualquer de sua casa num lugar super agrad\u00e1vel para degustar essa bebida, uma verdadeira paix\u00e3o nacional.<\/p>\n\n\n\n<h2 class=\"wp-block-heading\"><strong>O que \u00e9 o cantinho do caf\u00e9?<\/strong><\/h2>\n\n\n\n<p>O Cantinho do caf\u00e9 \u00e9 o espa\u00e7o onde voc\u00ea vai curtir um momento de descanso durante o dia ou receber os amigos e a fam\u00edlia com um s\u00f3 objetivo: jogar conversa fora. Mas \u00e9 claro, cercado pelo aroma que s\u00f3 o caf\u00e9 tem. <\/p>\n\n\n\n<figure class=\"wp-block-image size-large\"><img loading=\"lazy\" decoding=\"async\" width=\"1024\" height=\"768\" src=\"https:\/\/www.interlarinterlagos.com.br\/blog\/wp-content\/uploads\/2021\/02\/AdobeStock_61346059-1024x768.jpeg\" alt=\"\" class=\"wp-image-338\" srcset=\"https:\/\/www.interlarinterlagos.com.br\/blog\/wp-content\/uploads\/2021\/02\/AdobeStock_61346059-1024x768.jpeg 1024w, https:\/\/www.interlarinterlagos.com.br\/blog\/wp-content\/uploads\/2021\/02\/AdobeStock_61346059-300x225.jpeg 300w, https:\/\/www.interlarinterlagos.com.br\/blog\/wp-content\/uploads\/2021\/02\/AdobeStock_61346059-768x576.jpeg 768w, https:\/\/www.interlarinterlagos.com.br\/blog\/wp-content\/uploads\/2021\/02\/AdobeStock_61346059-1536x1152.jpeg 1536w, https:\/\/www.interlarinterlagos.com.br\/blog\/wp-content\/uploads\/2021\/02\/AdobeStock_61346059-2048x1536.jpeg 2048w, https:\/\/www.interlarinterlagos.com.br\/blog\/wp-content\/uploads\/2021\/02\/AdobeStock_61346059-1140x855.jpeg 1140w\" sizes=\"auto, (max-width: 1024px) 100vw, 1024px\" \/><\/figure>\n\n\n\n<h2 class=\"wp-block-heading\"><strong>Onde montar o cantinho do caf\u00e9?<\/strong><\/h2>\n\n\n\n<p>N\u00e3o existe uma regra. Seu cantinho do caf\u00e9 pode estar na cozinha, na copa, na sala de estar de visita ou de jantar, na varanda do apartamento. Tamb\u00e9m n\u00e3o precisa ser um espa\u00e7o grande, muito ao contr\u00e1rio. A \u00fanica exig\u00eancia \u00e9 que seja aconchegante. E tem um detalhe a mais: voc\u00ea logo vai perceber que al\u00e9m de \u00fatil, o cantinho do caf\u00e9 vai dar um charme todo especial \u00e0 decora\u00e7\u00e3o da sua casa. <\/p>\n\n\n\n<figure class=\"wp-block-image size-large\"><img loading=\"lazy\" decoding=\"async\" width=\"1024\" height=\"683\" src=\"https:\/\/www.interlarinterlagos.com.br\/blog\/wp-content\/uploads\/2021\/02\/AdobeStock_387263555-1024x683.jpeg\" alt=\"\" class=\"wp-image-339\" srcset=\"https:\/\/www.interlarinterlagos.com.br\/blog\/wp-content\/uploads\/2021\/02\/AdobeStock_387263555-1024x683.jpeg 1024w, https:\/\/www.interlarinterlagos.com.br\/blog\/wp-content\/uploads\/2021\/02\/AdobeStock_387263555-300x200.jpeg 300w, https:\/\/www.interlarinterlagos.com.br\/blog\/wp-content\/uploads\/2021\/02\/AdobeStock_387263555-768x512.jpeg 768w, https:\/\/www.interlarinterlagos.com.br\/blog\/wp-content\/uploads\/2021\/02\/AdobeStock_387263555-1536x1024.jpeg 1536w, https:\/\/www.interlarinterlagos.com.br\/blog\/wp-content\/uploads\/2021\/02\/AdobeStock_387263555-2048x1365.jpeg 2048w, https:\/\/www.interlarinterlagos.com.br\/blog\/wp-content\/uploads\/2021\/02\/AdobeStock_387263555-1140x760.jpeg 1140w\" sizes=\"auto, (max-width: 1024px) 100vw, 1024px\" \/><\/figure>\n\n\n\n<h2 class=\"wp-block-heading\"><strong>Como montar o cantinho do caf\u00e9?<\/strong><\/h2>\n\n\n\n<p>O que voc\u00ea vai usar vai depender do\nespa\u00e7o e do lugar que o cantinho do caf\u00e9 vai ocupar na sua casa. Nada impede\nque voc\u00ea use como base m\u00f3veis que j\u00e1 fazem parte da sua decora\u00e7\u00e3o: um aparador\nna sala de jantar, uma mesinha de canto na sala de visitas, o rack ao lado da\nTV ou do aparelho de som, uma prateleira da estante. Se voc\u00ea tiver mais espa\u00e7o,\npode optar por comprar um carrinho de ch\u00e1, um arm\u00e1rio pequeno, que vai ser\nespec\u00edfico para esse fim e onde voc\u00ea vai poder guardar, nas prateleiras\ninternas, os acess\u00f3rios e ingredientes para o seu cafezinho de todo dia.<\/p>\n\n\n\n<p>E a\u00ed, escolheu o local e a base? A hora ent\u00e3o \u00e9 de decorar o ambiente. Quadros que fazem refer\u00eancia \u00e0 bebida \u2013 com frases ou fotos \u2013 s\u00e3o sempre bem-vindos. Al\u00e9m disso, uma cafeteira bonita, seja dessas novas ou uma retr\u00f4, xicrinhas coloridas e uma bandeja com o seu estilo tamb\u00e9m v\u00e3o compor o ambiente. Se tiver espa\u00e7o, complete com um suporte de parede para pendurar x\u00edcaras.<\/p>\n\n\n\n<h2 class=\"wp-block-heading\"><strong>O que \u00e9 preciso ter no cantinho do caf\u00e9?<\/strong><\/h2>\n\n\n\n<p>A\u00e7\u00facar ou ado\u00e7ante, biscoitinhos amanteigados ou um p\u00e3ozinho fresco, um queijinho, quem sabe, para acompanhar&#8230; tudo que possa deixar esse momento ainda mais saboroso! O que voc\u00ea precisa mesmo \u00e9 de uma boa cafeteira e de xicrinhas. Um bule t\u00e9rmico ou de cer\u00e2mica tamb\u00e9m pode ser \u00fatil para servir. E se voc\u00ea \u00e9 daqueles que gosta de caf\u00e9 em suas mais variadas op\u00e7\u00f5es \u2013 expresso, com leite, coado, cappuccino, machiatto etc. \u2013 \u00e9 bom ter uma variedade de x\u00edcaras para se adequar a cada tipo de bebida, n\u00e3o \u00e9 mesmo? <\/p>\n\n\n\n<p>Pronto! Agora que voc\u00ea j\u00e1 sabe tudo\nsobre o cantinho do caf\u00e9, n\u00e3o espere mais. Venha ao Shopping Interlagos e ao\nInterlar Interlagos e escolha o que voc\u00ea precisa para montar o seu. Op\u00e7\u00f5es por\naqui \u00e9 o que mais tem. <\/p>\n","protected":false},"excerpt":{"rendered":"<p>Antes, ele s\u00f3 era comum nas empresas, nos escrit\u00f3rios comerciais. Mas, pouco a pouco, o cantinho do caf\u00e9 foi ganhando espa\u00e7o na casa da gente. A paix\u00e3o pelo gosto e o cheirinho irresist\u00edvel da bebida falaram mais alto.\u00a0 Afinal, tomar aquele cafezinho pela manh\u00e3, depois do almo\u00e7o ou no final da tarde \u00e9 ou n\u00e3o \u00e9 um dos melhores prazeres da vida? Voc\u00ea ainda n\u00e3o montou seu cantinho do caf\u00e9 em casa? Ent\u00e3o, a hora \u00e9 essa. Preparamos aqui algumas dicas para voc\u00ea transformar um espacinho qualquer de sua casa num lugar super agrad\u00e1vel para degustar essa bebida, uma verdadeira paix\u00e3o nacional. O que \u00e9 o cantinho do caf\u00e9? O Cantinho do caf\u00e9 \u00e9 o espa\u00e7o onde voc\u00ea vai curtir um momento de descanso durante o dia ou receber os amigos e a fam\u00edlia com um s\u00f3 objetivo: jogar conversa fora. Mas \u00e9 claro, cercado pelo aroma que s\u00f3 o caf\u00e9 tem. Onde montar o cantinho do caf\u00e9? N\u00e3o existe uma regra. Seu cantinho do caf\u00e9 pode estar na cozinha, na copa, na sala de estar de visita ou de jantar, na varanda do apartamento. Tamb\u00e9m n\u00e3o precisa ser um espa\u00e7o grande, muito ao contr\u00e1rio. A \u00fanica exig\u00eancia \u00e9 que seja aconchegante. E tem um detalhe a mais: voc\u00ea logo vai perceber que al\u00e9m de \u00fatil, o cantinho do caf\u00e9 vai dar um charme todo especial \u00e0 decora\u00e7\u00e3o da sua casa. Como montar o cantinho do caf\u00e9? O que voc\u00ea vai usar vai depender do espa\u00e7o e do lugar que o cantinho do caf\u00e9 vai ocupar na sua casa. Nada impede que voc\u00ea use como base m\u00f3veis que j\u00e1 fazem parte da sua decora\u00e7\u00e3o: um aparador na sala de jantar, uma mesinha de canto na sala de visitas, o rack ao lado da TV ou do aparelho de som, uma prateleira da estante. Se voc\u00ea tiver mais espa\u00e7o, pode optar por comprar um carrinho de ch\u00e1, um arm\u00e1rio pequeno, que vai ser espec\u00edfico para esse fim e onde voc\u00ea vai poder guardar, nas prateleiras internas, os acess\u00f3rios e ingredientes para o seu cafezinho de todo dia. E a\u00ed, escolheu o local e a base? A hora ent\u00e3o \u00e9 de decorar o ambiente. Quadros que fazem refer\u00eancia \u00e0 bebida \u2013 com frases ou fotos \u2013 s\u00e3o sempre bem-vindos. Al\u00e9m disso, uma cafeteira bonita, seja dessas novas ou uma retr\u00f4, xicrinhas coloridas e uma bandeja com o seu estilo tamb\u00e9m v\u00e3o compor o ambiente. Se tiver espa\u00e7o, complete com um suporte de parede para pendurar x\u00edcaras. O que \u00e9 preciso ter no cantinho do caf\u00e9? A\u00e7\u00facar ou ado\u00e7ante, biscoitinhos amanteigados ou um p\u00e3ozinho fresco, um queijinho, quem sabe, para acompanhar&#8230; tudo que possa deixar esse momento ainda mais saboroso! O que voc\u00ea precisa mesmo \u00e9 de uma boa cafeteira e de xicrinhas. Um bule t\u00e9rmico ou de cer\u00e2mica tamb\u00e9m pode ser \u00fatil para servir. E se voc\u00ea \u00e9 daqueles que gosta de caf\u00e9 em suas mais variadas op\u00e7\u00f5es \u2013 expresso, com leite, coado, cappuccino, machiatto etc. \u2013 \u00e9 bom ter uma variedade de x\u00edcaras para se adequar a cada tipo de bebida, n\u00e3o \u00e9 mesmo? Pronto! Agora que voc\u00ea j\u00e1 sabe tudo sobre o cantinho do caf\u00e9, n\u00e3o espere mais. Venha ao Shopping Interlagos e ao Interlar Interlagos e escolha o que voc\u00ea precisa para montar o seu. Op\u00e7\u00f5es por aqui \u00e9 o que mais tem.<\/p>\n","protected":false},"author":1,"featured_media":340,"comment_status":"closed","ping_status":"closed","sticky":false,"template":"","format":"standard","meta":{"_monsterinsights_skip_tracking":false,"_monsterinsights_sitenote_active":false,"_monsterinsights_sitenote_note":"","_monsterinsights_sitenote_category":0,"footnotes":""},"categories":[21],"tags":[87],"class_list":["post-337","post","type-post","status-publish","format-standard","has-post-thumbnail","hentry","category-dicas","tag-cantinho-do-cafe"],"_links":{"self":[{"href":"https:\/\/www.interlarinterlagos.com.br\/blog\/wp-json\/wp\/v2\/posts\/337","targetHints":{"allow":["GET"]}}],"collection":[{"href":"https:\/\/www.interlarinterlagos.com.br\/blog\/wp-json\/wp\/v2\/posts"}],"about":[{"href":"https:\/\/www.interlarinterlagos.com.br\/blog\/wp-json\/wp\/v2\/types\/post"}],"author":[{"embeddable":true,"href":"https:\/\/www.interlarinterlagos.com.br\/blog\/wp-json\/wp\/v2\/users\/1"}],"replies":[{"embeddable":true,"href":"https:\/\/www.interlarinterlagos.com.br\/blog\/wp-json\/wp\/v2\/comments?post=337"}],"version-history":[{"count":1,"href":"https:\/\/www.interlarinterlagos.com.br\/blog\/wp-json\/wp\/v2\/posts\/337\/revisions"}],"predecessor-version":[{"id":341,"href":"https:\/\/www.interlarinterlagos.com.br\/blog\/wp-json\/wp\/v2\/posts\/337\/revisions\/341"}],"wp:featuredmedia":[{"embeddable":true,"href":"https:\/\/www.interlarinterlagos.com.br\/blog\/wp-json\/wp\/v2\/media\/340"}],"wp:attachment":[{"href":"https:\/\/www.interlarinterlagos.com.br\/blog\/wp-json\/wp\/v2\/media?parent=337"}],"wp:term":[{"taxonomy":"category","embeddable":true,"href":"https:\/\/www.interlarinterlagos.com.br\/blog\/wp-json\/wp\/v2\/categories?post=337"},{"taxonomy":"post_tag","embeddable":true,"href":"https:\/\/www.interlarinterlagos.com.br\/blog\/wp-json\/wp\/v2\/tags?post=337"}],"curies":[{"name":"wp","href":"https:\/\/api.w.org\/{rel}","templated":true}]}}