{"id":319,"date":"2021-03-11T09:00:00","date_gmt":"2021-03-11T12:00:00","guid":{"rendered":"https:\/\/www.interlarinterlagos.com.br\/blog\/?p=319"},"modified":"2025-06-18T09:02:13","modified_gmt":"2025-06-18T12:02:13","slug":"ripado-como-inserir-essa-tendencia-nos-seus-moveis-planejados","status":"publish","type":"post","link":"https:\/\/www.interlarinterlagos.com.br\/blog\/2021\/03\/ripado-como-inserir-essa-tendencia-nos-seus-moveis-planejados\/","title":{"rendered":"Ripado: como inserir essa tend\u00eancia  nos seus m\u00f3veis planejados"},"content":{"rendered":"\n<p>Madeira ripada \u00e9 uma das maiores\ntend\u00eancias de decora\u00e7\u00e3o em 2021! E um dos principais\nmotivos \u00e9 a versatilidade desse item, que pode ser usado em&nbsp;todos\nos ambientes, sejam eles grandes ou pequenos, residenciais ou comerciais,\ninternos ou externos, fachadas, portas e port\u00f5es. Acabamento ripado \u00e9 bonito,\natemporal, permite v\u00e1rios desenhos e vai bem em diversas cores, depende do tom\nda madeira escolhida.<\/p>\n\n\n\n<p>O ripado \u00e9 formado por um conjunto\nde pe\u00e7as alongadas e geralmente estreitas, as ripas, que s\u00e3o feitas de madeira\nou materiais derivados da madeira, como o MDF. Essas podem ser horizontais ou\nverticais e compor pain\u00e9is, m\u00f3veis, cabeceiras, portas e muito mais.<\/p>\n\n\n\n<h2 class=\"wp-block-heading\"><strong>Como fazer um painel ripado?<\/strong><\/h2>\n\n\n\n<p>As madeiras naturais como Freij\u00f3,\nNogueira, Imbuia e Cumaru s\u00e3o \u00f3timas op\u00e7\u00f5es para fazer um painel ripado. \u00c9\nimportante usar madeiras mais duras, para evitar que as ripas empenem. <\/p>\n\n\n\n<p>Na hora da produ\u00e7\u00e3o \u00e9 preciso ter cuidado\npara n\u00e3o criar v\u00e3os muito finos e profundos, pois isso pode dificultar a\nlimpeza. Trabalhe com uma&nbsp;largura do friso&nbsp;de no m\u00ednimo 0,5 cm. J\u00e1 a\nespessura geralmente deve ficar entre 0,5 a 2,5 cm. Para a&nbsp;largura das\nripas&nbsp;as mais utilizadas v\u00e3o de 1,5 a 3 cm.<\/p>\n\n\n\n<p>Para facilitar, \u00e9 s\u00f3 consultar a imagem abaixo<\/p>\n\n\n\n<figure class=\"wp-block-image size-large\"><img loading=\"lazy\" decoding=\"async\" width=\"563\" height=\"497\" src=\"https:\/\/www.interlarinterlagos.com.br\/blog\/wp-content\/uploads\/2021\/02\/a5dc90b328dc67f3db3fa36b4216cb1a.jpg\" alt=\"\" class=\"wp-image-320\" srcset=\"https:\/\/www.interlarinterlagos.com.br\/blog\/wp-content\/uploads\/2021\/02\/a5dc90b328dc67f3db3fa36b4216cb1a.jpg 563w, https:\/\/www.interlarinterlagos.com.br\/blog\/wp-content\/uploads\/2021\/02\/a5dc90b328dc67f3db3fa36b4216cb1a-300x265.jpg 300w\" sizes=\"auto, (max-width: 563px) 100vw, 563px\" \/><figcaption><em>Imagem: Studio Side<\/em>  <\/figcaption><\/figure>\n\n\n\n<p>Outra dica bacana \u00e9 usar pain\u00e9is\nripados para esconder fios, passagens e at\u00e9 objetos que n\u00e3o queremos ter\nvis\u00edvel em casa como buj\u00e3o de g\u00e1s, modens e at\u00e9 gal\u00e3o de \u00e1gua.<\/p>\n\n\n\n<p>Anotou tudo? Agora \u00e9 hora de se inspirar! <\/p>\n\n\n\n<h2 class=\"wp-block-heading\"><strong>M\u00f3veis planejados com Ripados<\/strong><\/h2>\n\n\n\n<h2 class=\"wp-block-heading\"><strong>Painel ripado na sala<\/strong><\/h2>\n\n\n\n<figure class=\"wp-block-gallery columns-2 is-cropped wp-block-gallery-1 is-layout-flex wp-block-gallery-is-layout-flex\"><ul class=\"blocks-gallery-grid\"><li class=\"blocks-gallery-item\"><figure><img loading=\"lazy\" decoding=\"async\" width=\"990\" height=\"990\" src=\"https:\/\/www.interlarinterlagos.com.br\/blog\/wp-content\/uploads\/2021\/02\/@myschmitz_arquitetura-1.jpg\" alt=\"\" data-id=\"323\" data-full-url=\"https:\/\/www.interlarinterlagos.com.br\/blog\/wp-content\/uploads\/2021\/02\/@myschmitz_arquitetura-1.jpg\" data-link=\"https:\/\/www.interlarinterlagos.com.br\/blog\/?attachment_id=323\" class=\"wp-image-323\" srcset=\"https:\/\/www.interlarinterlagos.com.br\/blog\/wp-content\/uploads\/2021\/02\/@myschmitz_arquitetura-1.jpg 990w, https:\/\/www.interlarinterlagos.com.br\/blog\/wp-content\/uploads\/2021\/02\/@myschmitz_arquitetura-1-300x300.jpg 300w, https:\/\/www.interlarinterlagos.com.br\/blog\/wp-content\/uploads\/2021\/02\/@myschmitz_arquitetura-1-150x150.jpg 150w, https:\/\/www.interlarinterlagos.com.br\/blog\/wp-content\/uploads\/2021\/02\/@myschmitz_arquitetura-1-768x768.jpg 768w, https:\/\/www.interlarinterlagos.com.br\/blog\/wp-content\/uploads\/2021\/02\/@myschmitz_arquitetura-1-75x75.jpg 75w\" sizes=\"auto, (max-width: 990px) 100vw, 990px\" \/><\/figure><\/li><li class=\"blocks-gallery-item\"><figure><img loading=\"lazy\" decoding=\"async\" width=\"730\" height=\"912\" src=\"https:\/\/www.interlarinterlagos.com.br\/blog\/wp-content\/uploads\/2021\/02\/145137882_1208708636211083_2991295662929734374_n.jpg\" alt=\"\" data-id=\"322\" data-full-url=\"https:\/\/www.interlarinterlagos.com.br\/blog\/wp-content\/uploads\/2021\/02\/145137882_1208708636211083_2991295662929734374_n.jpg\" data-link=\"https:\/\/www.interlarinterlagos.com.br\/blog\/?attachment_id=322\" class=\"wp-image-322\" srcset=\"https:\/\/www.interlarinterlagos.com.br\/blog\/wp-content\/uploads\/2021\/02\/145137882_1208708636211083_2991295662929734374_n.jpg 730w, https:\/\/www.interlarinterlagos.com.br\/blog\/wp-content\/uploads\/2021\/02\/145137882_1208708636211083_2991295662929734374_n-240x300.jpg 240w\" sizes=\"auto, (max-width: 730px) 100vw, 730px\" \/><\/figure><\/li><\/ul><figcaption class=\"blocks-gallery-caption\"><em>Foto Instagram: @myschmitz_arquitetura&nbsp;&nbsp;\/  Foto Instagram: @vidadedois_ <\/em>&nbsp;&nbsp;&nbsp;&nbsp;&nbsp;&nbsp;&nbsp;&nbsp;&nbsp;&nbsp;&nbsp;&nbsp;&nbsp;&nbsp;&nbsp;&nbsp;&nbsp;&nbsp;&nbsp;&nbsp;&nbsp;&nbsp;&nbsp;&nbsp;&nbsp;&nbsp;&nbsp;&nbsp;&nbsp;&nbsp;&nbsp;&nbsp;&nbsp;&nbsp;&nbsp;&nbsp;&nbsp;&nbsp;&nbsp;&nbsp;&nbsp;&nbsp;&nbsp;&nbsp;&nbsp;&nbsp;&nbsp; <\/figcaption><\/figure>\n\n\n\n<h2 class=\"wp-block-heading\"><strong>Painel ripado no quarto<\/strong><\/h2>\n\n\n\n<figure class=\"wp-block-gallery columns-3 is-cropped wp-block-gallery-2 is-layout-flex wp-block-gallery-is-layout-flex\"><ul class=\"blocks-gallery-grid\"><li class=\"blocks-gallery-item\"><figure><img loading=\"lazy\" decoding=\"async\" width=\"824\" height=\"1024\" src=\"https:\/\/www.interlarinterlagos.com.br\/blog\/wp-content\/uploads\/2021\/02\/@contemprojetos.jpg\" alt=\"\" data-id=\"324\" data-full-url=\"https:\/\/www.interlarinterlagos.com.br\/blog\/wp-content\/uploads\/2021\/02\/@contemprojetos.jpg\" data-link=\"https:\/\/www.interlarinterlagos.com.br\/blog\/?attachment_id=324\" class=\"wp-image-324\" srcset=\"https:\/\/www.interlarinterlagos.com.br\/blog\/wp-content\/uploads\/2021\/02\/@contemprojetos.jpg 824w, https:\/\/www.interlarinterlagos.com.br\/blog\/wp-content\/uploads\/2021\/02\/@contemprojetos-241x300.jpg 241w, https:\/\/www.interlarinterlagos.com.br\/blog\/wp-content\/uploads\/2021\/02\/@contemprojetos-768x954.jpg 768w\" sizes=\"auto, (max-width: 824px) 100vw, 824px\" \/><\/figure><\/li><li class=\"blocks-gallery-item\"><figure><img loading=\"lazy\" decoding=\"async\" width=\"990\" height=\"995\" src=\"https:\/\/www.interlarinterlagos.com.br\/blog\/wp-content\/uploads\/2021\/02\/@lcar.quitetura.jpg\" alt=\"\" data-id=\"325\" data-full-url=\"https:\/\/www.interlarinterlagos.com.br\/blog\/wp-content\/uploads\/2021\/02\/@lcar.quitetura.jpg\" data-link=\"https:\/\/www.interlarinterlagos.com.br\/blog\/?attachment_id=325\" class=\"wp-image-325\" srcset=\"https:\/\/www.interlarinterlagos.com.br\/blog\/wp-content\/uploads\/2021\/02\/@lcar.quitetura.jpg 990w, https:\/\/www.interlarinterlagos.com.br\/blog\/wp-content\/uploads\/2021\/02\/@lcar.quitetura-298x300.jpg 298w, https:\/\/www.interlarinterlagos.com.br\/blog\/wp-content\/uploads\/2021\/02\/@lcar.quitetura-150x150.jpg 150w, https:\/\/www.interlarinterlagos.com.br\/blog\/wp-content\/uploads\/2021\/02\/@lcar.quitetura-768x772.jpg 768w, https:\/\/www.interlarinterlagos.com.br\/blog\/wp-content\/uploads\/2021\/02\/@lcar.quitetura-75x75.jpg 75w\" sizes=\"auto, (max-width: 990px) 100vw, 990px\" \/><\/figure><\/li><li class=\"blocks-gallery-item\"><figure><img loading=\"lazy\" decoding=\"async\" width=\"405\" height=\"461\" src=\"https:\/\/www.interlarinterlagos.com.br\/blog\/wp-content\/uploads\/2021\/02\/@rl.atelierdearquitetura.png\" alt=\"\" data-id=\"326\" data-full-url=\"https:\/\/www.interlarinterlagos.com.br\/blog\/wp-content\/uploads\/2021\/02\/@rl.atelierdearquitetura.png\" data-link=\"https:\/\/www.interlarinterlagos.com.br\/blog\/?attachment_id=326\" class=\"wp-image-326\" srcset=\"https:\/\/www.interlarinterlagos.com.br\/blog\/wp-content\/uploads\/2021\/02\/@rl.atelierdearquitetura.png 405w, https:\/\/www.interlarinterlagos.com.br\/blog\/wp-content\/uploads\/2021\/02\/@rl.atelierdearquitetura-264x300.png 264w\" sizes=\"auto, (max-width: 405px) 100vw, 405px\" \/><\/figure><\/li><\/ul><figcaption class=\"blocks-gallery-caption\"><em> Foto Instagram: @contemprojetos&nbsp;&nbsp;\/  Foto Instagram: &nbsp;@lcar.quitetura&nbsp;\/ Foto Instagram: @rl.atelierdearquitetura &nbsp;&nbsp;  <\/em><\/figcaption><\/figure>\n\n\n\n<h2 class=\"wp-block-heading\"><strong>Painel ripado na cozinha <\/strong><\/h2>\n\n\n\n<figure class=\"wp-block-gallery columns-2 is-cropped wp-block-gallery-3 is-layout-flex wp-block-gallery-is-layout-flex\"><ul class=\"blocks-gallery-grid\"><li class=\"blocks-gallery-item\"><figure><img loading=\"lazy\" decoding=\"async\" width=\"819\" height=\"1024\" src=\"https:\/\/www.interlarinterlagos.com.br\/blog\/wp-content\/uploads\/2021\/02\/@projetododiadesign-2-1.jpg\" alt=\"\" data-id=\"328\" data-full-url=\"https:\/\/www.interlarinterlagos.com.br\/blog\/wp-content\/uploads\/2021\/02\/@projetododiadesign-2-1.jpg\" data-link=\"https:\/\/www.interlarinterlagos.com.br\/blog\/?attachment_id=328\" class=\"wp-image-328\" srcset=\"https:\/\/www.interlarinterlagos.com.br\/blog\/wp-content\/uploads\/2021\/02\/@projetododiadesign-2-1.jpg 819w, https:\/\/www.interlarinterlagos.com.br\/blog\/wp-content\/uploads\/2021\/02\/@projetododiadesign-2-1-240x300.jpg 240w, https:\/\/www.interlarinterlagos.com.br\/blog\/wp-content\/uploads\/2021\/02\/@projetododiadesign-2-1-768x960.jpg 768w\" sizes=\"auto, (max-width: 819px) 100vw, 819px\" \/><\/figure><\/li><li class=\"blocks-gallery-item\"><figure><img loading=\"lazy\" decoding=\"async\" width=\"844\" height=\"1024\" src=\"https:\/\/www.interlarinterlagos.com.br\/blog\/wp-content\/uploads\/2021\/02\/@projetododiadesign.jpg\" alt=\"\" data-id=\"329\" data-full-url=\"https:\/\/www.interlarinterlagos.com.br\/blog\/wp-content\/uploads\/2021\/02\/@projetododiadesign.jpg\" data-link=\"https:\/\/www.interlarinterlagos.com.br\/blog\/?attachment_id=329\" class=\"wp-image-329\" srcset=\"https:\/\/www.interlarinterlagos.com.br\/blog\/wp-content\/uploads\/2021\/02\/@projetododiadesign.jpg 844w, https:\/\/www.interlarinterlagos.com.br\/blog\/wp-content\/uploads\/2021\/02\/@projetododiadesign-247x300.jpg 247w, https:\/\/www.interlarinterlagos.com.br\/blog\/wp-content\/uploads\/2021\/02\/@projetododiadesign-768x932.jpg 768w\" sizes=\"auto, (max-width: 844px) 100vw, 844px\" \/><\/figure><\/li><\/ul><figcaption class=\"blocks-gallery-caption\"><em>Fotos: Instagram @projetododiadesign <\/em><\/figcaption><\/figure>\n\n\n\n<h2 class=\"wp-block-heading\"><strong>M\u00f3vel ripado no banheiro<\/strong><\/h2>\n\n\n\n<figure class=\"wp-block-gallery columns-2 is-cropped wp-block-gallery-4 is-layout-flex wp-block-gallery-is-layout-flex\"><ul class=\"blocks-gallery-grid\"><li class=\"blocks-gallery-item\"><figure><img loading=\"lazy\" decoding=\"async\" width=\"819\" height=\"1024\" src=\"https:\/\/www.interlarinterlagos.com.br\/blog\/wp-content\/uploads\/2021\/02\/142751115_445596013247798_4846377602285592676_n-819x1024.jpg\" alt=\"\" data-id=\"332\" data-full-url=\"https:\/\/www.interlarinterlagos.com.br\/blog\/wp-content\/uploads\/2021\/02\/142751115_445596013247798_4846377602285592676_n.jpg\" data-link=\"https:\/\/www.interlarinterlagos.com.br\/blog\/?attachment_id=332\" class=\"wp-image-332\" srcset=\"https:\/\/www.interlarinterlagos.com.br\/blog\/wp-content\/uploads\/2021\/02\/142751115_445596013247798_4846377602285592676_n-819x1024.jpg 819w, https:\/\/www.interlarinterlagos.com.br\/blog\/wp-content\/uploads\/2021\/02\/142751115_445596013247798_4846377602285592676_n-240x300.jpg 240w, https:\/\/www.interlarinterlagos.com.br\/blog\/wp-content\/uploads\/2021\/02\/142751115_445596013247798_4846377602285592676_n-768x960.jpg 768w, https:\/\/www.interlarinterlagos.com.br\/blog\/wp-content\/uploads\/2021\/02\/142751115_445596013247798_4846377602285592676_n.jpg 1080w\" sizes=\"auto, (max-width: 819px) 100vw, 819px\" \/><\/figure><\/li><li class=\"blocks-gallery-item\"><figure><img loading=\"lazy\" decoding=\"async\" width=\"819\" height=\"1024\" src=\"https:\/\/www.interlarinterlagos.com.br\/blog\/wp-content\/uploads\/2021\/02\/143417863_411997126748279_443754885286787838_n-819x1024.jpg\" alt=\"\" data-id=\"331\" data-full-url=\"https:\/\/www.interlarinterlagos.com.br\/blog\/wp-content\/uploads\/2021\/02\/143417863_411997126748279_443754885286787838_n.jpg\" data-link=\"https:\/\/www.interlarinterlagos.com.br\/blog\/?attachment_id=331\" class=\"wp-image-331\" srcset=\"https:\/\/www.interlarinterlagos.com.br\/blog\/wp-content\/uploads\/2021\/02\/143417863_411997126748279_443754885286787838_n-819x1024.jpg 819w, https:\/\/www.interlarinterlagos.com.br\/blog\/wp-content\/uploads\/2021\/02\/143417863_411997126748279_443754885286787838_n-240x300.jpg 240w, https:\/\/www.interlarinterlagos.com.br\/blog\/wp-content\/uploads\/2021\/02\/143417863_411997126748279_443754885286787838_n-768x960.jpg 768w, https:\/\/www.interlarinterlagos.com.br\/blog\/wp-content\/uploads\/2021\/02\/143417863_411997126748279_443754885286787838_n.jpg 1080w\" sizes=\"auto, (max-width: 819px) 100vw, 819px\" \/><\/figure><\/li><\/ul><figcaption class=\"blocks-gallery-caption\"><em>Foto Instagram: @barbaragfernandes.arq \/ Foto Instagram:  @marcenariachc <\/em><\/figcaption><\/figure>\n\n\n\n<p><\/p>\n\n\n\n<p><\/p>\n\n\n\n<p><\/p>\n\n\n\n<p><\/p>\n\n\n\n<p>Agora que voc\u00ea j\u00e1 tem v\u00e1rias ideias para colocar em pr\u00e1tica ai na sua casa e fazer o planejado sob medida para seu lar e necessidades!<\/p>\n","protected":false},"excerpt":{"rendered":"<p>Madeira ripada \u00e9 uma das maiores tend\u00eancias de decora\u00e7\u00e3o em 2021! E um dos principais motivos \u00e9 a versatilidade desse item, que pode ser usado em&nbsp;todos os ambientes, sejam eles grandes ou pequenos, residenciais ou comerciais, internos ou externos, fachadas, portas e port\u00f5es. Acabamento ripado \u00e9 bonito, atemporal, permite v\u00e1rios desenhos e vai bem em diversas cores, depende do tom da madeira escolhida. O ripado \u00e9 formado por um conjunto de pe\u00e7as alongadas e geralmente estreitas, as ripas, que s\u00e3o feitas de madeira ou materiais derivados da madeira, como o MDF. Essas podem ser horizontais ou verticais e compor pain\u00e9is, m\u00f3veis, cabeceiras, portas e muito mais. Como fazer um painel ripado? As madeiras naturais como Freij\u00f3, Nogueira, Imbuia e Cumaru s\u00e3o \u00f3timas op\u00e7\u00f5es para fazer um painel ripado. \u00c9 importante usar madeiras mais duras, para evitar que as ripas empenem. Na hora da produ\u00e7\u00e3o \u00e9 preciso ter cuidado para n\u00e3o criar v\u00e3os muito finos e profundos, pois isso pode dificultar a limpeza. Trabalhe com uma&nbsp;largura do friso&nbsp;de no m\u00ednimo 0,5 cm. J\u00e1 a espessura geralmente deve ficar entre 0,5 a 2,5 cm. Para a&nbsp;largura das ripas&nbsp;as mais utilizadas v\u00e3o de 1,5 a 3 cm. Para facilitar, \u00e9 s\u00f3 consultar a imagem abaixo Outra dica bacana \u00e9 usar pain\u00e9is ripados para esconder fios, passagens e at\u00e9 objetos que n\u00e3o queremos ter vis\u00edvel em casa como buj\u00e3o de g\u00e1s, modens e at\u00e9 gal\u00e3o de \u00e1gua. Anotou tudo? Agora \u00e9 hora de se inspirar! M\u00f3veis planejados com Ripados Painel ripado na sala Painel ripado no quarto Painel ripado na cozinha M\u00f3vel ripado no banheiro Agora que voc\u00ea j\u00e1 tem v\u00e1rias ideias para colocar em pr\u00e1tica ai na sua casa e fazer o planejado sob medida para seu lar e necessidades!<\/p>\n","protected":false},"author":1,"featured_media":330,"comment_status":"closed","ping_status":"closed","sticky":false,"template":"","format":"standard","meta":{"_monsterinsights_skip_tracking":false,"_monsterinsights_sitenote_active":false,"_monsterinsights_sitenote_note":"","_monsterinsights_sitenote_category":0,"footnotes":""},"categories":[21],"tags":[77,76],"class_list":["post-319","post","type-post","status-publish","format-standard","has-post-thumbnail","hentry","category-dicas","tag-moveis-com-ripado","tag-ripado"],"_links":{"self":[{"href":"https:\/\/www.interlarinterlagos.com.br\/blog\/wp-json\/wp\/v2\/posts\/319","targetHints":{"allow":["GET"]}}],"collection":[{"href":"https:\/\/www.interlarinterlagos.com.br\/blog\/wp-json\/wp\/v2\/posts"}],"about":[{"href":"https:\/\/www.interlarinterlagos.com.br\/blog\/wp-json\/wp\/v2\/types\/post"}],"author":[{"embeddable":true,"href":"https:\/\/www.interlarinterlagos.com.br\/blog\/wp-json\/wp\/v2\/users\/1"}],"replies":[{"embeddable":true,"href":"https:\/\/www.interlarinterlagos.com.br\/blog\/wp-json\/wp\/v2\/comments?post=319"}],"version-history":[{"count":4,"href":"https:\/\/www.interlarinterlagos.com.br\/blog\/wp-json\/wp\/v2\/posts\/319\/revisions"}],"predecessor-version":[{"id":344,"href":"https:\/\/www.interlarinterlagos.com.br\/blog\/wp-json\/wp\/v2\/posts\/319\/revisions\/344"}],"wp:featuredmedia":[{"embeddable":true,"href":"https:\/\/www.interlarinterlagos.com.br\/blog\/wp-json\/wp\/v2\/media\/330"}],"wp:attachment":[{"href":"https:\/\/www.interlarinterlagos.com.br\/blog\/wp-json\/wp\/v2\/media?parent=319"}],"wp:term":[{"taxonomy":"category","embeddable":true,"href":"https:\/\/www.interlarinterlagos.com.br\/blog\/wp-json\/wp\/v2\/categories?post=319"},{"taxonomy":"post_tag","embeddable":true,"href":"https:\/\/www.interlarinterlagos.com.br\/blog\/wp-json\/wp\/v2\/tags?post=319"}],"curies":[{"name":"wp","href":"https:\/\/api.w.org\/{rel}","templated":true}]}}