{"id":298,"date":"2021-02-25T09:00:25","date_gmt":"2021-02-25T12:00:25","guid":{"rendered":"https:\/\/www.interlarinterlagos.com.br\/blog\/?p=298"},"modified":"2025-06-18T09:02:13","modified_gmt":"2025-06-18T12:02:13","slug":"decoracao-na-sala-painel-ou-rack-dicas-para-escolher-o-melhor-para-voce","status":"publish","type":"post","link":"https:\/\/www.interlarinterlagos.com.br\/blog\/2021\/02\/decoracao-na-sala-painel-ou-rack-dicas-para-escolher-o-melhor-para-voce\/","title":{"rendered":"Decora\u00e7\u00e3o na sala: Painel ou rack? Dicas para escolher o melhor para voc\u00ea"},"content":{"rendered":"\n<p>A hora de decorar a casa \u00e9 sempre muito divertida, mas tamb\u00e9m traz muitas d\u00favidas, principalmente quando falamos na escolha dos m\u00f3veis, afinal esse \u00e9 um investimento em algo que ficar\u00e1 junto com a gente por muitos e muitos anos, n\u00e3o \u00e9 mesmo?<\/p>\n\n\n\n<h2 class=\"wp-block-heading\"><strong>Decorando a sala de estar<\/strong><\/h2>\n\n\n\n<p>A sala de estar \u00e9 um dos lugares mais importantes da casa, j\u00e1\nque \u00e9 nela que costumamos reunir a fam\u00edlia e os amigos. Por isso, a decora\u00e7\u00e3o \u00e9\nessencial para receb\u00ea-los de forma aconchegante. <\/p>\n\n\n\n<p>E a sala de estar tem um elemento muito importante e que\najuda a animar essas reuni\u00f5es: a TV. <a href=\"https:\/\/www.interlarinterlagos.com.br\/blog\/2020\/02\/tamanho-da-tv-como-escolher-o-certo-para-a-sua-casa\/\">Aqui j\u00e1 ensinamos a como escolher o\ntamanho de TV ideal para sua sala<\/a>, mas hoje vamos falar de onde o aparelho de TV \u00e9 instalado e\nsobre a necessidade de planejar solu\u00e7\u00f5es para deixar o ambiente ainda mais funcional\ne com o jeito da sua fam\u00edlia.<\/p>\n\n\n\n<h2 class=\"wp-block-heading\"><strong>Rack ou painel para TV?<\/strong><\/h2>\n\n\n\n<p>Antes de mais nada vale refor\u00e7ar que as duas op\u00e7\u00f5es de modelos de m\u00f3veis combinam com qualquer ambiente, a decis\u00e3o sobre qual usar deve levar em considera\u00e7\u00e3o o seu gosto pessoal, espa\u00e7o e linha de decora\u00e7\u00e3o que voc\u00ea prefere seguir. Mas, para te ajudar a acabar com essa d\u00favida, vamos falar um pouco sobre cada um.<\/p>\n\n\n\n<h2 class=\"wp-block-heading\"><strong>Vantagens do painel de TV<\/strong><\/h2>\n\n\n\n<p>Se voc\u00ea n\u00e3o gosta de fios aparentes e prefere um visual mais\nclean o painel pode ser uma \u00f3tima op\u00e7\u00e3o! Ele \u00e9 um m\u00f3vel sofisticado, que\notimiza o espa\u00e7o da sala. Como deixa a televis\u00e3o suspensa na parede, ocupa\npouco espa\u00e7o e, claro, esconde os fios da TV e outros aparelhos atr\u00e1s da sua\nestrutura.<\/p>\n\n\n\n<p>Caso voc\u00ea tenha muitos aparelhos eletr\u00f4nicos na sala como\ncaixas de som, videogame e aparelho de TV e internet, uma dica legal \u00e9 procurar\npor pain\u00e9is que tenham nichos e prateleiras para ajudar na organiza\u00e7\u00e3o.<\/p>\n\n\n\n<figure class=\"wp-block-gallery columns-2 is-cropped wp-block-gallery-1 is-layout-flex wp-block-gallery-is-layout-flex\"><ul class=\"blocks-gallery-grid\"><li class=\"blocks-gallery-item\"><figure><img loading=\"lazy\" decoding=\"async\" width=\"1024\" height=\"576\" src=\"https:\/\/www.interlarinterlagos.com.br\/blog\/wp-content\/uploads\/2021\/01\/AdobeStock_376176417-min-1024x576.jpeg\" alt=\"\" data-id=\"300\" data-full-url=\"https:\/\/www.interlarinterlagos.com.br\/blog\/wp-content\/uploads\/2021\/01\/AdobeStock_376176417-min-scaled.jpeg\" data-link=\"https:\/\/www.interlarinterlagos.com.br\/blog\/?attachment_id=300\" class=\"wp-image-300\" srcset=\"https:\/\/www.interlarinterlagos.com.br\/blog\/wp-content\/uploads\/2021\/01\/AdobeStock_376176417-min-1024x576.jpeg 1024w, https:\/\/www.interlarinterlagos.com.br\/blog\/wp-content\/uploads\/2021\/01\/AdobeStock_376176417-min-300x169.jpeg 300w, https:\/\/www.interlarinterlagos.com.br\/blog\/wp-content\/uploads\/2021\/01\/AdobeStock_376176417-min-768x432.jpeg 768w, https:\/\/www.interlarinterlagos.com.br\/blog\/wp-content\/uploads\/2021\/01\/AdobeStock_376176417-min-1536x865.jpeg 1536w, https:\/\/www.interlarinterlagos.com.br\/blog\/wp-content\/uploads\/2021\/01\/AdobeStock_376176417-min-2048x1153.jpeg 2048w, https:\/\/www.interlarinterlagos.com.br\/blog\/wp-content\/uploads\/2021\/01\/AdobeStock_376176417-min-1140x642.jpeg 1140w\" sizes=\"auto, (max-width: 1024px) 100vw, 1024px\" \/><\/figure><\/li><li class=\"blocks-gallery-item\"><figure><img loading=\"lazy\" decoding=\"async\" width=\"1024\" height=\"699\" src=\"https:\/\/www.interlarinterlagos.com.br\/blog\/wp-content\/uploads\/2021\/01\/AdobeStock_67215463-min-1024x699.jpeg\" alt=\"\" data-id=\"299\" data-full-url=\"https:\/\/www.interlarinterlagos.com.br\/blog\/wp-content\/uploads\/2021\/01\/AdobeStock_67215463-min-scaled.jpeg\" data-link=\"https:\/\/www.interlarinterlagos.com.br\/blog\/?attachment_id=299\" class=\"wp-image-299\" srcset=\"https:\/\/www.interlarinterlagos.com.br\/blog\/wp-content\/uploads\/2021\/01\/AdobeStock_67215463-min-1024x699.jpeg 1024w, https:\/\/www.interlarinterlagos.com.br\/blog\/wp-content\/uploads\/2021\/01\/AdobeStock_67215463-min-300x205.jpeg 300w, https:\/\/www.interlarinterlagos.com.br\/blog\/wp-content\/uploads\/2021\/01\/AdobeStock_67215463-min-768x525.jpeg 768w, https:\/\/www.interlarinterlagos.com.br\/blog\/wp-content\/uploads\/2021\/01\/AdobeStock_67215463-min-1536x1049.jpeg 1536w, https:\/\/www.interlarinterlagos.com.br\/blog\/wp-content\/uploads\/2021\/01\/AdobeStock_67215463-min-2048x1399.jpeg 2048w, https:\/\/www.interlarinterlagos.com.br\/blog\/wp-content\/uploads\/2021\/01\/AdobeStock_67215463-min-1140x779.jpeg 1140w\" sizes=\"auto, (max-width: 1024px) 100vw, 1024px\" \/><\/figure><\/li><\/ul><\/figure>\n\n\n\n<h2 class=\"wp-block-heading\"><strong>Vantagens do rack<\/strong><\/h2>\n\n\n\n<p>O rack, ao contr\u00e1rio do painel, n\u00e3o \u00e9 um m\u00f3vel fixo, o que\npermite que voc\u00ea o mude de lugar e ambiente de forma simples, ideal para quem\ngosta sempre de inovar na decora\u00e7\u00e3o da sala de estar!<\/p>\n\n\n\n<p>Uma caracter\u00edstica marcante dos racks \u00e9 que eles s\u00e3o m\u00f3veis\nbem baixos, ent\u00e3o voc\u00ea tem v\u00e1rias op\u00e7\u00f5es de instala\u00e7\u00e3o: colocar a TV\ndiretamente sobre ele, fixar a TV na parede acima do m\u00f3vel ou ainda instalar um\npainel junto com o rack, somando as funcionalidades de ambos os m\u00f3veis.<\/p>\n\n\n\n<figure class=\"wp-block-gallery columns-2 is-cropped wp-block-gallery-2 is-layout-flex wp-block-gallery-is-layout-flex\"><ul class=\"blocks-gallery-grid\"><li class=\"blocks-gallery-item\"><figure><img loading=\"lazy\" decoding=\"async\" width=\"1024\" height=\"1024\" src=\"https:\/\/www.interlarinterlagos.com.br\/blog\/wp-content\/uploads\/2021\/01\/AdobeStock_266940829-min-1024x1024.jpeg\" alt=\"\" data-id=\"302\" data-full-url=\"https:\/\/www.interlarinterlagos.com.br\/blog\/wp-content\/uploads\/2021\/01\/AdobeStock_266940829-min-scaled.jpeg\" data-link=\"https:\/\/www.interlarinterlagos.com.br\/blog\/?attachment_id=302\" class=\"wp-image-302\" srcset=\"https:\/\/www.interlarinterlagos.com.br\/blog\/wp-content\/uploads\/2021\/01\/AdobeStock_266940829-min-1024x1024.jpeg 1024w, https:\/\/www.interlarinterlagos.com.br\/blog\/wp-content\/uploads\/2021\/01\/AdobeStock_266940829-min-300x300.jpeg 300w, https:\/\/www.interlarinterlagos.com.br\/blog\/wp-content\/uploads\/2021\/01\/AdobeStock_266940829-min-150x150.jpeg 150w, https:\/\/www.interlarinterlagos.com.br\/blog\/wp-content\/uploads\/2021\/01\/AdobeStock_266940829-min-768x768.jpeg 768w, https:\/\/www.interlarinterlagos.com.br\/blog\/wp-content\/uploads\/2021\/01\/AdobeStock_266940829-min-1536x1536.jpeg 1536w, https:\/\/www.interlarinterlagos.com.br\/blog\/wp-content\/uploads\/2021\/01\/AdobeStock_266940829-min-2048x2048.jpeg 2048w, https:\/\/www.interlarinterlagos.com.br\/blog\/wp-content\/uploads\/2021\/01\/AdobeStock_266940829-min-1140x1140.jpeg 1140w, https:\/\/www.interlarinterlagos.com.br\/blog\/wp-content\/uploads\/2021\/01\/AdobeStock_266940829-min-75x75.jpeg 75w\" sizes=\"auto, (max-width: 1024px) 100vw, 1024px\" \/><\/figure><\/li><li class=\"blocks-gallery-item\"><figure><img loading=\"lazy\" decoding=\"async\" width=\"1024\" height=\"683\" src=\"https:\/\/www.interlarinterlagos.com.br\/blog\/wp-content\/uploads\/2021\/01\/AdobeStock_255444567-min-1024x683.jpeg\" alt=\"\" data-id=\"301\" data-full-url=\"https:\/\/www.interlarinterlagos.com.br\/blog\/wp-content\/uploads\/2021\/01\/AdobeStock_255444567-min-scaled.jpeg\" data-link=\"https:\/\/www.interlarinterlagos.com.br\/blog\/?attachment_id=301\" class=\"wp-image-301\" srcset=\"https:\/\/www.interlarinterlagos.com.br\/blog\/wp-content\/uploads\/2021\/01\/AdobeStock_255444567-min-1024x683.jpeg 1024w, https:\/\/www.interlarinterlagos.com.br\/blog\/wp-content\/uploads\/2021\/01\/AdobeStock_255444567-min-300x200.jpeg 300w, https:\/\/www.interlarinterlagos.com.br\/blog\/wp-content\/uploads\/2021\/01\/AdobeStock_255444567-min-768x512.jpeg 768w, https:\/\/www.interlarinterlagos.com.br\/blog\/wp-content\/uploads\/2021\/01\/AdobeStock_255444567-min-1536x1024.jpeg 1536w, https:\/\/www.interlarinterlagos.com.br\/blog\/wp-content\/uploads\/2021\/01\/AdobeStock_255444567-min-2048x1365.jpeg 2048w, https:\/\/www.interlarinterlagos.com.br\/blog\/wp-content\/uploads\/2021\/01\/AdobeStock_255444567-min-1140x760.jpeg 1140w\" sizes=\"auto, (max-width: 1024px) 100vw, 1024px\" \/><\/figure><\/li><\/ul><\/figure>\n\n\n\n<p>As lojas do Interlar Interlagos possuem os melhores m\u00f3veis e solu\u00e7\u00f5es para sua sala de estar! Conhe\u00e7a as nossas lojas em: <a href=\"https:\/\/www.interlarinterlagos.com.br\/\">https:\/\/www.interlarinterlagos.com.br\/<\/a><\/p>\n","protected":false},"excerpt":{"rendered":"<p>A hora de decorar a casa \u00e9 sempre muito divertida, mas tamb\u00e9m traz muitas d\u00favidas, principalmente quando falamos na escolha dos m\u00f3veis, afinal esse \u00e9 um investimento em algo que ficar\u00e1 junto com a gente por muitos e muitos anos, n\u00e3o \u00e9 mesmo? Decorando a sala de estar A sala de estar \u00e9 um dos lugares mais importantes da casa, j\u00e1 que \u00e9 nela que costumamos reunir a fam\u00edlia e os amigos. Por isso, a decora\u00e7\u00e3o \u00e9 essencial para receb\u00ea-los de forma aconchegante. E a sala de estar tem um elemento muito importante e que ajuda a animar essas reuni\u00f5es: a TV. Aqui j\u00e1 ensinamos a como escolher o tamanho de TV ideal para sua sala, mas hoje vamos falar de onde o aparelho de TV \u00e9 instalado e sobre a necessidade de planejar solu\u00e7\u00f5es para deixar o ambiente ainda mais funcional e com o jeito da sua fam\u00edlia. Rack ou painel para TV? Antes de mais nada vale refor\u00e7ar que as duas op\u00e7\u00f5es de modelos de m\u00f3veis combinam com qualquer ambiente, a decis\u00e3o sobre qual usar deve levar em considera\u00e7\u00e3o o seu gosto pessoal, espa\u00e7o e linha de decora\u00e7\u00e3o que voc\u00ea prefere seguir. Mas, para te ajudar a acabar com essa d\u00favida, vamos falar um pouco sobre cada um. Vantagens do painel de TV Se voc\u00ea n\u00e3o gosta de fios aparentes e prefere um visual mais clean o painel pode ser uma \u00f3tima op\u00e7\u00e3o! Ele \u00e9 um m\u00f3vel sofisticado, que otimiza o espa\u00e7o da sala. Como deixa a televis\u00e3o suspensa na parede, ocupa pouco espa\u00e7o e, claro, esconde os fios da TV e outros aparelhos atr\u00e1s da sua estrutura. Caso voc\u00ea tenha muitos aparelhos eletr\u00f4nicos na sala como caixas de som, videogame e aparelho de TV e internet, uma dica legal \u00e9 procurar por pain\u00e9is que tenham nichos e prateleiras para ajudar na organiza\u00e7\u00e3o. Vantagens do rack O rack, ao contr\u00e1rio do painel, n\u00e3o \u00e9 um m\u00f3vel fixo, o que permite que voc\u00ea o mude de lugar e ambiente de forma simples, ideal para quem gosta sempre de inovar na decora\u00e7\u00e3o da sala de estar! Uma caracter\u00edstica marcante dos racks \u00e9 que eles s\u00e3o m\u00f3veis bem baixos, ent\u00e3o voc\u00ea tem v\u00e1rias op\u00e7\u00f5es de instala\u00e7\u00e3o: colocar a TV diretamente sobre ele, fixar a TV na parede acima do m\u00f3vel ou ainda instalar um painel junto com o rack, somando as funcionalidades de ambos os m\u00f3veis. As lojas do Interlar Interlagos possuem os melhores m\u00f3veis e solu\u00e7\u00f5es para sua sala de estar! Conhe\u00e7a as nossas lojas em: https:\/\/www.interlarinterlagos.com.br\/<\/p>\n","protected":false},"author":1,"featured_media":303,"comment_status":"closed","ping_status":"closed","sticky":false,"template":"","format":"standard","meta":{"_monsterinsights_skip_tracking":false,"_monsterinsights_sitenote_active":false,"_monsterinsights_sitenote_note":"","_monsterinsights_sitenote_category":0,"footnotes":""},"categories":[6],"tags":[66,73,72],"class_list":["post-298","post","type-post","status-publish","format-standard","has-post-thumbnail","hentry","category-sala-de-estar","tag-decoracao","tag-painel","tag-rack"],"_links":{"self":[{"href":"https:\/\/www.interlarinterlagos.com.br\/blog\/wp-json\/wp\/v2\/posts\/298","targetHints":{"allow":["GET"]}}],"collection":[{"href":"https:\/\/www.interlarinterlagos.com.br\/blog\/wp-json\/wp\/v2\/posts"}],"about":[{"href":"https:\/\/www.interlarinterlagos.com.br\/blog\/wp-json\/wp\/v2\/types\/post"}],"author":[{"embeddable":true,"href":"https:\/\/www.interlarinterlagos.com.br\/blog\/wp-json\/wp\/v2\/users\/1"}],"replies":[{"embeddable":true,"href":"https:\/\/www.interlarinterlagos.com.br\/blog\/wp-json\/wp\/v2\/comments?post=298"}],"version-history":[{"count":2,"href":"https:\/\/www.interlarinterlagos.com.br\/blog\/wp-json\/wp\/v2\/posts\/298\/revisions"}],"predecessor-version":[{"id":305,"href":"https:\/\/www.interlarinterlagos.com.br\/blog\/wp-json\/wp\/v2\/posts\/298\/revisions\/305"}],"wp:featuredmedia":[{"embeddable":true,"href":"https:\/\/www.interlarinterlagos.com.br\/blog\/wp-json\/wp\/v2\/media\/303"}],"wp:attachment":[{"href":"https:\/\/www.interlarinterlagos.com.br\/blog\/wp-json\/wp\/v2\/media?parent=298"}],"wp:term":[{"taxonomy":"category","embeddable":true,"href":"https:\/\/www.interlarinterlagos.com.br\/blog\/wp-json\/wp\/v2\/categories?post=298"},{"taxonomy":"post_tag","embeddable":true,"href":"https:\/\/www.interlarinterlagos.com.br\/blog\/wp-json\/wp\/v2\/tags?post=298"}],"curies":[{"name":"wp","href":"https:\/\/api.w.org\/{rel}","templated":true}]}}