{"id":278,"date":"2021-01-28T09:00:00","date_gmt":"2021-01-28T12:00:00","guid":{"rendered":"https:\/\/www.interlarinterlagos.com.br\/blog\/?p=278"},"modified":"2025-06-18T09:02:13","modified_gmt":"2025-06-18T12:02:13","slug":"prateleiras-5-dicas-para-organizar-e-decorar-a-sua-casa","status":"publish","type":"post","link":"https:\/\/www.interlarinterlagos.com.br\/blog\/2021\/01\/prateleiras-5-dicas-para-organizar-e-decorar-a-sua-casa\/","title":{"rendered":"Prateleiras: 5 dicas para organizar e decorar a sua casa"},"content":{"rendered":"\n<p>Tem alguma coisa mais pr\u00e1tica na hora de organizar a casa do que um conjunto de prateleiras? No quarto, na sala, na cozinha, no banheiro&#8230; onde quer que seja, as prateleiras facilitam a nossa vida. Mas t\u00eam ainda uma outra fun\u00e7\u00e3o: elas podem compor a decora\u00e7\u00e3o do ambiente dando um toque a mais de charme. S\u00e3o tantas as op\u00e7\u00f5es de formatos e tamanhos que o mais dif\u00edcil \u00e9 escolher o modelo certo para cada finalidade, para cada c\u00f4modo. Para te ajudar a acertar na escolha, n\u00f3s, do Shopping Interlar Interlagos, preparamos 5 dicas de como usar as prateleiras para deixar a sua decora\u00e7\u00e3o impec\u00e1vel. Anota a\u00ed.<\/p>\n\n\n\n<figure class=\"wp-block-image size-large\"><img loading=\"lazy\" decoding=\"async\" width=\"1024\" height=\"583\" src=\"https:\/\/www.interlarinterlagos.com.br\/blog\/wp-content\/uploads\/2020\/12\/AdobeStock_277999472-1024x583.jpeg\" alt=\"\" class=\"wp-image-280\" srcset=\"https:\/\/www.interlarinterlagos.com.br\/blog\/wp-content\/uploads\/2020\/12\/AdobeStock_277999472-1024x583.jpeg 1024w, https:\/\/www.interlarinterlagos.com.br\/blog\/wp-content\/uploads\/2020\/12\/AdobeStock_277999472-300x171.jpeg 300w, https:\/\/www.interlarinterlagos.com.br\/blog\/wp-content\/uploads\/2020\/12\/AdobeStock_277999472-768x437.jpeg 768w, https:\/\/www.interlarinterlagos.com.br\/blog\/wp-content\/uploads\/2020\/12\/AdobeStock_277999472-1536x874.jpeg 1536w, https:\/\/www.interlarinterlagos.com.br\/blog\/wp-content\/uploads\/2020\/12\/AdobeStock_277999472-2048x1165.jpeg 2048w, https:\/\/www.interlarinterlagos.com.br\/blog\/wp-content\/uploads\/2020\/12\/AdobeStock_277999472-1140x649.jpeg 1140w\" sizes=\"auto, (max-width: 1024px) 100vw, 1024px\" \/><\/figure>\n\n\n\n<h2 class=\"wp-block-heading\">Prateleira utilit\u00e1ria<\/h2>\n\n\n\n<p>Voc\u00ea pode fazer um mix. Ter pastas, cestos e caixas organizadoras, por exemplo, dividindo o espa\u00e7o com enfeites, plantas, objetos decorativos. Livros, CDs e at\u00e9 discos de vinil tamb\u00e9m podem compor a decora\u00e7\u00e3o. \u00c9 isso que torna o visual das prateleiras utilit\u00e1rias mais leve e equilibrado. N\u00e3o h\u00e1 limite de altura ou comprimento: voc\u00ea pode ocupar uma parede inteira com isso. Mas, um detalhe muito importante: n\u00e3o \u00e9 preciso preencher todos os espa\u00e7os das prateleiras. Deixar alguns nichos vazios, entre os objetos, ajuda a dar uma maior leveza ao ambiente.<\/p>\n\n\n\n<figure class=\"wp-block-image size-large\"><img loading=\"lazy\" decoding=\"async\" width=\"1024\" height=\"683\" src=\"https:\/\/www.interlarinterlagos.com.br\/blog\/wp-content\/uploads\/2020\/12\/AdobeStock_252203180-1024x683.jpeg\" alt=\"\" class=\"wp-image-281\" srcset=\"https:\/\/www.interlarinterlagos.com.br\/blog\/wp-content\/uploads\/2020\/12\/AdobeStock_252203180-1024x683.jpeg 1024w, https:\/\/www.interlarinterlagos.com.br\/blog\/wp-content\/uploads\/2020\/12\/AdobeStock_252203180-300x200.jpeg 300w, https:\/\/www.interlarinterlagos.com.br\/blog\/wp-content\/uploads\/2020\/12\/AdobeStock_252203180-768x512.jpeg 768w, https:\/\/www.interlarinterlagos.com.br\/blog\/wp-content\/uploads\/2020\/12\/AdobeStock_252203180-1536x1024.jpeg 1536w, https:\/\/www.interlarinterlagos.com.br\/blog\/wp-content\/uploads\/2020\/12\/AdobeStock_252203180-2048x1365.jpeg 2048w, https:\/\/www.interlarinterlagos.com.br\/blog\/wp-content\/uploads\/2020\/12\/AdobeStock_252203180-1140x760.jpeg 1140w\" sizes=\"auto, (max-width: 1024px) 100vw, 1024px\" \/><\/figure>\n\n\n\n<h2 class=\"wp-block-heading\">Prateleira de cole\u00e7\u00e3o<\/h2>\n\n\n\n<p>Um uso muito comum para as prateleiras \u00e9 exibir itens de cole\u00e7\u00e3o. Garrafas, latinhas de cerveja e refrigerante, lembran\u00e7as de viagem, objetos antigos. Procure distribuir os objetos de forma harm\u00f4nica, com algum tipo de associa\u00e7\u00e3o, seja pelo tamanho, a cor, ou mesmo por categoria de produto ou ordem cronol\u00f3gica. Assim voc\u00ea deixa a arruma\u00e7\u00e3o do seu jeito, suas mem\u00f3rias bem organizadas. <\/p>\n\n\n\n<figure class=\"wp-block-image size-large\"><img loading=\"lazy\" decoding=\"async\" width=\"1024\" height=\"683\" src=\"https:\/\/www.interlarinterlagos.com.br\/blog\/wp-content\/uploads\/2020\/12\/AdobeStock_327168249-1024x683.jpeg\" alt=\"\" class=\"wp-image-283\" srcset=\"https:\/\/www.interlarinterlagos.com.br\/blog\/wp-content\/uploads\/2020\/12\/AdobeStock_327168249-1024x683.jpeg 1024w, https:\/\/www.interlarinterlagos.com.br\/blog\/wp-content\/uploads\/2020\/12\/AdobeStock_327168249-300x200.jpeg 300w, https:\/\/www.interlarinterlagos.com.br\/blog\/wp-content\/uploads\/2020\/12\/AdobeStock_327168249-768x512.jpeg 768w, https:\/\/www.interlarinterlagos.com.br\/blog\/wp-content\/uploads\/2020\/12\/AdobeStock_327168249-1536x1024.jpeg 1536w, https:\/\/www.interlarinterlagos.com.br\/blog\/wp-content\/uploads\/2020\/12\/AdobeStock_327168249-2048x1365.jpeg 2048w, https:\/\/www.interlarinterlagos.com.br\/blog\/wp-content\/uploads\/2020\/12\/AdobeStock_327168249-1140x760.jpeg 1140w\" sizes=\"auto, (max-width: 1024px) 100vw, 1024px\" \/><\/figure>\n\n\n\n<h2 class=\"wp-block-heading\">Prateleiras de lou\u00e7as<\/h2>\n\n\n\n<p>Quem disse que voc\u00ea tem de deixar trancados no arm\u00e1rio aqueles pratos coloridos, bonitos, que voc\u00ea tem na sua cozinha? Eles podem ser bastante decorativos. Para guardar lou\u00e7as, ta\u00e7as, x\u00edcaras e copos, o ideal \u00e9 um tipo de prateleira de pouca profundidade e um espa\u00e7o n\u00e3o muito alto entre os nichos. Materiais como metal ou f\u00f3rmica s\u00e3o mais recomendados, por conta da umidade. Elas v\u00e3o bem na cozinha, na copa, mas tamb\u00e9m cabem na sala de jantar, se bem compostas com o restante da decora\u00e7\u00e3o.<\/p>\n\n\n\n<figure class=\"wp-block-image size-large\"><img loading=\"lazy\" decoding=\"async\" width=\"1024\" height=\"683\" src=\"https:\/\/www.interlarinterlagos.com.br\/blog\/wp-content\/uploads\/2020\/12\/AdobeStock_279437410-1024x683.jpeg\" alt=\"\" class=\"wp-image-284\" srcset=\"https:\/\/www.interlarinterlagos.com.br\/blog\/wp-content\/uploads\/2020\/12\/AdobeStock_279437410-1024x683.jpeg 1024w, https:\/\/www.interlarinterlagos.com.br\/blog\/wp-content\/uploads\/2020\/12\/AdobeStock_279437410-300x200.jpeg 300w, https:\/\/www.interlarinterlagos.com.br\/blog\/wp-content\/uploads\/2020\/12\/AdobeStock_279437410-768x512.jpeg 768w, https:\/\/www.interlarinterlagos.com.br\/blog\/wp-content\/uploads\/2020\/12\/AdobeStock_279437410-1536x1024.jpeg 1536w, https:\/\/www.interlarinterlagos.com.br\/blog\/wp-content\/uploads\/2020\/12\/AdobeStock_279437410-2048x1365.jpeg 2048w, https:\/\/www.interlarinterlagos.com.br\/blog\/wp-content\/uploads\/2020\/12\/AdobeStock_279437410-1140x760.jpeg 1140w\" sizes=\"auto, (max-width: 1024px) 100vw, 1024px\" \/><\/figure>\n\n\n\n<h2 class=\"wp-block-heading\">Prateleiras de brinquedos<\/h2>\n\n\n\n<p> Coloridos, alegres, os brinquedos podem compor muito bem a decora\u00e7\u00e3o do quarto das crian\u00e7as. Mas \u00e9 preciso coloc\u00e1-los em prateleiras pr\u00f3prias, com alguns cuidados especiais. Primeiro, acerte na altura: os pequenos precisam ter acesso aos brinquedos, conseguir pegar por conta pr\u00f3pria, sem a ajuda de um adulto. Ter quinas arredondadas e fixadores bem resistentes na parede ou estruturas de madeira s\u00f3lida tamb\u00e9m s\u00e3o fatores importantes <\/p>\n\n\n\n<figure class=\"wp-block-image size-large\"><img loading=\"lazy\" decoding=\"async\" width=\"1024\" height=\"683\" src=\"https:\/\/www.interlarinterlagos.com.br\/blog\/wp-content\/uploads\/2020\/12\/AdobeStock_257844746-1024x683.jpeg\" alt=\"\" class=\"wp-image-285\" srcset=\"https:\/\/www.interlarinterlagos.com.br\/blog\/wp-content\/uploads\/2020\/12\/AdobeStock_257844746-1024x683.jpeg 1024w, https:\/\/www.interlarinterlagos.com.br\/blog\/wp-content\/uploads\/2020\/12\/AdobeStock_257844746-300x200.jpeg 300w, https:\/\/www.interlarinterlagos.com.br\/blog\/wp-content\/uploads\/2020\/12\/AdobeStock_257844746-768x512.jpeg 768w, https:\/\/www.interlarinterlagos.com.br\/blog\/wp-content\/uploads\/2020\/12\/AdobeStock_257844746-1536x1024.jpeg 1536w, https:\/\/www.interlarinterlagos.com.br\/blog\/wp-content\/uploads\/2020\/12\/AdobeStock_257844746-2048x1365.jpeg 2048w, https:\/\/www.interlarinterlagos.com.br\/blog\/wp-content\/uploads\/2020\/12\/AdobeStock_257844746-1140x760.jpeg 1140w\" sizes=\"auto, (max-width: 1024px) 100vw, 1024px\" \/><\/figure>\n\n\n\n<h2 class=\"wp-block-heading\">Prateleiras verdes<\/h2>\n\n\n\n<p> Essa \u00e9 uma dica para usar na sala ou na varanda. Uma prateleira repleta de vasos de plantas e flores d\u00e1 vida e beleza ao ambiente. De prefer\u00eancia \u00e0s esp\u00e9cies que n\u00e3o precisam de cuidados especiais, que podem ser regadas em tempo mais espa\u00e7ado. Voc\u00ea pode apostar em diversos modelos e cores de vasos, o que torna o visual ainda mais alegre.\u00a0  <\/p>\n","protected":false},"excerpt":{"rendered":"<p>Tem alguma coisa mais pr\u00e1tica na hora de organizar a casa do que um conjunto de prateleiras? No quarto, na sala, na cozinha, no banheiro&#8230; onde quer que seja, as prateleiras facilitam a nossa vida. Mas t\u00eam ainda uma outra fun\u00e7\u00e3o: elas podem compor a decora\u00e7\u00e3o do ambiente dando um toque a mais de charme. S\u00e3o tantas as op\u00e7\u00f5es de formatos e tamanhos que o mais dif\u00edcil \u00e9 escolher o modelo certo para cada finalidade, para cada c\u00f4modo. Para te ajudar a acertar na escolha, n\u00f3s, do Shopping Interlar Interlagos, preparamos 5 dicas de como usar as prateleiras para deixar a sua decora\u00e7\u00e3o impec\u00e1vel. Anota a\u00ed. Prateleira utilit\u00e1ria Voc\u00ea pode fazer um mix. Ter pastas, cestos e caixas organizadoras, por exemplo, dividindo o espa\u00e7o com enfeites, plantas, objetos decorativos. Livros, CDs e at\u00e9 discos de vinil tamb\u00e9m podem compor a decora\u00e7\u00e3o. \u00c9 isso que torna o visual das prateleiras utilit\u00e1rias mais leve e equilibrado. N\u00e3o h\u00e1 limite de altura ou comprimento: voc\u00ea pode ocupar uma parede inteira com isso. Mas, um detalhe muito importante: n\u00e3o \u00e9 preciso preencher todos os espa\u00e7os das prateleiras. Deixar alguns nichos vazios, entre os objetos, ajuda a dar uma maior leveza ao ambiente. Prateleira de cole\u00e7\u00e3o Um uso muito comum para as prateleiras \u00e9 exibir itens de cole\u00e7\u00e3o. Garrafas, latinhas de cerveja e refrigerante, lembran\u00e7as de viagem, objetos antigos. Procure distribuir os objetos de forma harm\u00f4nica, com algum tipo de associa\u00e7\u00e3o, seja pelo tamanho, a cor, ou mesmo por categoria de produto ou ordem cronol\u00f3gica. Assim voc\u00ea deixa a arruma\u00e7\u00e3o do seu jeito, suas mem\u00f3rias bem organizadas. Prateleiras de lou\u00e7as Quem disse que voc\u00ea tem de deixar trancados no arm\u00e1rio aqueles pratos coloridos, bonitos, que voc\u00ea tem na sua cozinha? Eles podem ser bastante decorativos. Para guardar lou\u00e7as, ta\u00e7as, x\u00edcaras e copos, o ideal \u00e9 um tipo de prateleira de pouca profundidade e um espa\u00e7o n\u00e3o muito alto entre os nichos. Materiais como metal ou f\u00f3rmica s\u00e3o mais recomendados, por conta da umidade. Elas v\u00e3o bem na cozinha, na copa, mas tamb\u00e9m cabem na sala de jantar, se bem compostas com o restante da decora\u00e7\u00e3o. Prateleiras de brinquedos Coloridos, alegres, os brinquedos podem compor muito bem a decora\u00e7\u00e3o do quarto das crian\u00e7as. Mas \u00e9 preciso coloc\u00e1-los em prateleiras pr\u00f3prias, com alguns cuidados especiais. Primeiro, acerte na altura: os pequenos precisam ter acesso aos brinquedos, conseguir pegar por conta pr\u00f3pria, sem a ajuda de um adulto. Ter quinas arredondadas e fixadores bem resistentes na parede ou estruturas de madeira s\u00f3lida tamb\u00e9m s\u00e3o fatores importantes Prateleiras verdes Essa \u00e9 uma dica para usar na sala ou na varanda. Uma prateleira repleta de vasos de plantas e flores d\u00e1 vida e beleza ao ambiente. De prefer\u00eancia \u00e0s esp\u00e9cies que n\u00e3o precisam de cuidados especiais, que podem ser regadas em tempo mais espa\u00e7ado. Voc\u00ea pode apostar em diversos modelos e cores de vasos, o que torna o visual ainda mais alegre.\u00a0<\/p>\n","protected":false},"author":1,"featured_media":282,"comment_status":"closed","ping_status":"closed","sticky":false,"template":"","format":"standard","meta":{"_monsterinsights_skip_tracking":false,"_monsterinsights_sitenote_active":false,"_monsterinsights_sitenote_note":"","_monsterinsights_sitenote_category":0,"footnotes":""},"categories":[21],"tags":[66,24,68],"class_list":["post-278","post","type-post","status-publish","format-standard","has-post-thumbnail","hentry","category-dicas","tag-decoracao","tag-organizacao","tag-prateleiras"],"_links":{"self":[{"href":"https:\/\/www.interlarinterlagos.com.br\/blog\/wp-json\/wp\/v2\/posts\/278","targetHints":{"allow":["GET"]}}],"collection":[{"href":"https:\/\/www.interlarinterlagos.com.br\/blog\/wp-json\/wp\/v2\/posts"}],"about":[{"href":"https:\/\/www.interlarinterlagos.com.br\/blog\/wp-json\/wp\/v2\/types\/post"}],"author":[{"embeddable":true,"href":"https:\/\/www.interlarinterlagos.com.br\/blog\/wp-json\/wp\/v2\/users\/1"}],"replies":[{"embeddable":true,"href":"https:\/\/www.interlarinterlagos.com.br\/blog\/wp-json\/wp\/v2\/comments?post=278"}],"version-history":[{"count":1,"href":"https:\/\/www.interlarinterlagos.com.br\/blog\/wp-json\/wp\/v2\/posts\/278\/revisions"}],"predecessor-version":[{"id":286,"href":"https:\/\/www.interlarinterlagos.com.br\/blog\/wp-json\/wp\/v2\/posts\/278\/revisions\/286"}],"wp:featuredmedia":[{"embeddable":true,"href":"https:\/\/www.interlarinterlagos.com.br\/blog\/wp-json\/wp\/v2\/media\/282"}],"wp:attachment":[{"href":"https:\/\/www.interlarinterlagos.com.br\/blog\/wp-json\/wp\/v2\/media?parent=278"}],"wp:term":[{"taxonomy":"category","embeddable":true,"href":"https:\/\/www.interlarinterlagos.com.br\/blog\/wp-json\/wp\/v2\/categories?post=278"},{"taxonomy":"post_tag","embeddable":true,"href":"https:\/\/www.interlarinterlagos.com.br\/blog\/wp-json\/wp\/v2\/tags?post=278"}],"curies":[{"name":"wp","href":"https:\/\/api.w.org\/{rel}","templated":true}]}}