{"id":197,"date":"2020-10-08T00:00:00","date_gmt":"2020-10-08T03:00:00","guid":{"rendered":"https:\/\/www.interlarinterlagos.com.br\/blog\/?p=197"},"modified":"2025-06-18T09:02:14","modified_gmt":"2025-06-18T12:02:14","slug":"quarto-planejado-infantil-dicas-e-inspiracoes","status":"publish","type":"post","link":"https:\/\/www.interlarinterlagos.com.br\/blog\/2020\/10\/quarto-planejado-infantil-dicas-e-inspiracoes\/","title":{"rendered":"Quarto Planejado Infantil: Dicas e Inspira\u00e7\u00f5es"},"content":{"rendered":"\n<p>O quarto \u00e9 um lugar cheio de aventura\npara as crian\u00e7as. E pensar em como planej\u00e1-lo, nem sempre \u00e9 tarefa f\u00e1cil, pois muitos\nfatores impactam nessa miss\u00e3o, como seguran\u00e7a, otimiza\u00e7\u00e3o de espa\u00e7o e decora\u00e7\u00e3o\nadequada para cada personalidade. &nbsp;<\/p>\n\n\n\n<p>Estar ligado ao universo de seus\nfilhos, \u00e9 umas das principais formas para facilitar nessa decis\u00e3o. Como o\nquarto \u00e9 um espa\u00e7o pessoal, \u00e9 importante pensar em elementos que representem a\npersonalidade, as prefer\u00eancias, a idade e outras caracter\u00edsticas e que proporcionem\num ambiente l\u00fadico, acolhedor e familiar. <\/p>\n\n\n\n<p>Para inspirar sua decis\u00e3o, separamos aqui\nalgumas dicas para voc\u00ea presentear o seu filho com o quarto perfeito. E\nlembre-se: no Interlar Interlagos, voc\u00ea conta com lojas especializadas que v\u00e3o ajudar\nvoc\u00ea a planejar o quarto infantil ideal e com todo carinho que os pequenos\nmerecem. <\/p>\n\n\n\n<h3 class=\"wp-block-heading\"><strong>Quarto Planejado para meninas<\/strong><\/h3>\n\n\n\n<figure class=\"wp-block-gallery columns-1 is-cropped wp-block-gallery-1 is-layout-flex wp-block-gallery-is-layout-flex\"><ul class=\"blocks-gallery-grid\"><li class=\"blocks-gallery-item\"><figure><img loading=\"lazy\" decoding=\"async\" width=\"1024\" height=\"669\" src=\"https:\/\/www.interlarinterlagos.com.br\/blog\/wp-content\/uploads\/2020\/10\/Quarto-Infantil-Menina-2-1024x669.jpeg\" alt=\"\" data-id=\"216\" data-full-url=\"https:\/\/www.interlarinterlagos.com.br\/blog\/wp-content\/uploads\/2020\/10\/Quarto-Infantil-Menina-2-scaled.jpeg\" data-link=\"https:\/\/www.interlarinterlagos.com.br\/blog\/?attachment_id=216\" class=\"wp-image-216\" srcset=\"https:\/\/www.interlarinterlagos.com.br\/blog\/wp-content\/uploads\/2020\/10\/Quarto-Infantil-Menina-2-1024x669.jpeg 1024w, https:\/\/www.interlarinterlagos.com.br\/blog\/wp-content\/uploads\/2020\/10\/Quarto-Infantil-Menina-2-300x196.jpeg 300w, https:\/\/www.interlarinterlagos.com.br\/blog\/wp-content\/uploads\/2020\/10\/Quarto-Infantil-Menina-2-768x502.jpeg 768w, https:\/\/www.interlarinterlagos.com.br\/blog\/wp-content\/uploads\/2020\/10\/Quarto-Infantil-Menina-2-1536x1004.jpeg 1536w, https:\/\/www.interlarinterlagos.com.br\/blog\/wp-content\/uploads\/2020\/10\/Quarto-Infantil-Menina-2-2048x1339.jpeg 2048w, https:\/\/www.interlarinterlagos.com.br\/blog\/wp-content\/uploads\/2020\/10\/Quarto-Infantil-Menina-2-1140x745.jpeg 1140w\" sizes=\"auto, (max-width: 1024px) 100vw, 1024px\" \/><\/figure><\/li><\/ul><\/figure>\n\n\n\n<p>O mais comum s\u00e3o os quartos nas cores rosa e lil\u00e1s. Mas voc\u00ea n\u00e3o precisa seguir a regra, uma boa dica \u00e9 ousar em cores e decora\u00e7\u00f5es diferenciadas. Investir em tons de amarelo e laranja, pode proporcionar um ambiente mais descontra\u00eddo. J\u00e1 os tons de azul claro ou verde \u00e1gua, d\u00e3o um toque de modernidade. Em todos os casos, ao escolher os m\u00f3veis, opte por pe\u00e7as pr\u00e1ticas, como cama box, nichos para facilitar a organiza\u00e7\u00e3o de brinquedos e uma bancada de estudos. <\/p>\n\n\n\n<h3 class=\"wp-block-heading\"><strong>Quarto Planejado para meninos<\/strong><\/h3>\n\n\n\n<figure class=\"wp-block-gallery columns-1 is-cropped wp-block-gallery-2 is-layout-flex wp-block-gallery-is-layout-flex\"><ul class=\"blocks-gallery-grid\"><li class=\"blocks-gallery-item\"><figure><img loading=\"lazy\" decoding=\"async\" width=\"1024\" height=\"677\" src=\"https:\/\/www.interlarinterlagos.com.br\/blog\/wp-content\/uploads\/2020\/10\/Quarto-Infantil-Menino-1024x677.jpeg\" alt=\"\" data-id=\"210\" data-full-url=\"https:\/\/www.interlarinterlagos.com.br\/blog\/wp-content\/uploads\/2020\/10\/Quarto-Infantil-Menino-scaled.jpeg\" data-link=\"https:\/\/www.interlarinterlagos.com.br\/blog\/?attachment_id=210\" class=\"wp-image-210\" srcset=\"https:\/\/www.interlarinterlagos.com.br\/blog\/wp-content\/uploads\/2020\/10\/Quarto-Infantil-Menino-1024x677.jpeg 1024w, https:\/\/www.interlarinterlagos.com.br\/blog\/wp-content\/uploads\/2020\/10\/Quarto-Infantil-Menino-300x198.jpeg 300w, https:\/\/www.interlarinterlagos.com.br\/blog\/wp-content\/uploads\/2020\/10\/Quarto-Infantil-Menino-768x508.jpeg 768w, https:\/\/www.interlarinterlagos.com.br\/blog\/wp-content\/uploads\/2020\/10\/Quarto-Infantil-Menino-1536x1015.jpeg 1536w, https:\/\/www.interlarinterlagos.com.br\/blog\/wp-content\/uploads\/2020\/10\/Quarto-Infantil-Menino-2048x1354.jpeg 2048w, https:\/\/www.interlarinterlagos.com.br\/blog\/wp-content\/uploads\/2020\/10\/Quarto-Infantil-Menino-1140x753.jpeg 1140w, https:\/\/www.interlarinterlagos.com.br\/blog\/wp-content\/uploads\/2020\/10\/Quarto-Infantil-Menino-500x330.jpeg 500w\" sizes=\"auto, (max-width: 1024px) 100vw, 1024px\" \/><\/figure><\/li><\/ul><\/figure>\n\n\n\n<p>Ao pensar no quarto planejado ideal para meninos, tamb\u00e9m \u00e9 poss\u00edvel ousar nas cores, apostando al\u00e9m do azul, no branco ou no cinza, que, combinados, trazem um ar de modernidade que os pequenos rapazes adoram. S\u00f3 \u00e9 preciso tomar um maior cuidado com os tons mais carregados que podem tornar o ambiente escuro e pouco atrativo. Uma boa dica \u00e9 utilizar acess\u00f3rios decorativos \u2013 um lustre diferenciado, almofadas, p\u00f4steres, abajures, tudo o que d\u00ea uma composi\u00e7\u00e3o harm\u00f4nica e torne o espa\u00e7o repleto de personalidade. <\/p>\n\n\n\n<h3 class=\"wp-block-heading\"><strong>Quarto para dois irm\u00e3os<\/strong><\/h3>\n\n\n\n<figure class=\"wp-block-gallery columns-1 is-cropped wp-block-gallery-3 is-layout-flex wp-block-gallery-is-layout-flex\"><ul class=\"blocks-gallery-grid\"><li class=\"blocks-gallery-item\"><figure><img loading=\"lazy\" decoding=\"async\" width=\"1024\" height=\"683\" src=\"https:\/\/www.interlarinterlagos.com.br\/blog\/wp-content\/uploads\/2020\/10\/Quarto-Infantil-Dois-Irm\u00e3os-1024x683.jpeg\" alt=\"\" data-id=\"212\" data-full-url=\"https:\/\/www.interlarinterlagos.com.br\/blog\/wp-content\/uploads\/2020\/10\/Quarto-Infantil-Dois-Irm\u00e3os-scaled.jpeg\" data-link=\"https:\/\/www.interlarinterlagos.com.br\/blog\/?attachment_id=212\" class=\"wp-image-212\" srcset=\"https:\/\/www.interlarinterlagos.com.br\/blog\/wp-content\/uploads\/2020\/10\/Quarto-Infantil-Dois-Irm\u00e3os-1024x683.jpeg 1024w, https:\/\/www.interlarinterlagos.com.br\/blog\/wp-content\/uploads\/2020\/10\/Quarto-Infantil-Dois-Irm\u00e3os-300x200.jpeg 300w, https:\/\/www.interlarinterlagos.com.br\/blog\/wp-content\/uploads\/2020\/10\/Quarto-Infantil-Dois-Irm\u00e3os-768x512.jpeg 768w, https:\/\/www.interlarinterlagos.com.br\/blog\/wp-content\/uploads\/2020\/10\/Quarto-Infantil-Dois-Irm\u00e3os-1536x1024.jpeg 1536w, https:\/\/www.interlarinterlagos.com.br\/blog\/wp-content\/uploads\/2020\/10\/Quarto-Infantil-Dois-Irm\u00e3os-2048x1365.jpeg 2048w, https:\/\/www.interlarinterlagos.com.br\/blog\/wp-content\/uploads\/2020\/10\/Quarto-Infantil-Dois-Irm\u00e3os-1140x760.jpeg 1140w\" sizes=\"auto, (max-width: 1024px) 100vw, 1024px\" \/><\/figure><\/li><\/ul><\/figure>\n\n\n\n<p>Essa \u00e9 uma situa\u00e7\u00e3o que deixa muitos\npais de cabelo em p\u00e9! Nesse caso, um bom come\u00e7o para planejar o ambiente, \u00e9 escolher\num tema de que ambos os filhos gostem. Pode ser um personagem, um esporte ou\nat\u00e9 mesmo cores que os dois apreciem. Para otimizar e ampliar o espa\u00e7o, utilize\nbeliche, ao inv\u00e9s de duas camas, pois \u00e9 uma \u00f3tima forma para abrir espa\u00e7o para\noutras pe\u00e7as, como nichos e pufes que v\u00e3o descontrair e deixar o ambiente\norganizado. N\u00e3o se esque\u00e7a que as cadeiras e a bancada de estudos t\u00eam de ser em\ndose dupla. &nbsp;<\/p>\n\n\n\n<p>Gostou das nossas dicas? Aproveite e\nvenha ao Shopping Interlar Interlagos. Aqui voc\u00ea encontra as melhores lojas e\nprofissionais especializados, que te ajudar\u00e3o na melhor escolha para os seus filhos.\n<\/p>\n","protected":false},"excerpt":{"rendered":"<p>O quarto \u00e9 um lugar cheio de aventura para as crian\u00e7as. E pensar em como planej\u00e1-lo, nem sempre \u00e9 tarefa f\u00e1cil, pois muitos fatores impactam nessa miss\u00e3o, como seguran\u00e7a, otimiza\u00e7\u00e3o de espa\u00e7o e decora\u00e7\u00e3o adequada para cada personalidade. &nbsp; Estar ligado ao universo de seus filhos, \u00e9 umas das principais formas para facilitar nessa decis\u00e3o. Como o quarto \u00e9 um espa\u00e7o pessoal, \u00e9 importante pensar em elementos que representem a personalidade, as prefer\u00eancias, a idade e outras caracter\u00edsticas e que proporcionem um ambiente l\u00fadico, acolhedor e familiar. Para inspirar sua decis\u00e3o, separamos aqui algumas dicas para voc\u00ea presentear o seu filho com o quarto perfeito. E lembre-se: no Interlar Interlagos, voc\u00ea conta com lojas especializadas que v\u00e3o ajudar voc\u00ea a planejar o quarto infantil ideal e com todo carinho que os pequenos merecem. Quarto Planejado para meninas O mais comum s\u00e3o os quartos nas cores rosa e lil\u00e1s. Mas voc\u00ea n\u00e3o precisa seguir a regra, uma boa dica \u00e9 ousar em cores e decora\u00e7\u00f5es diferenciadas. Investir em tons de amarelo e laranja, pode proporcionar um ambiente mais descontra\u00eddo. J\u00e1 os tons de azul claro ou verde \u00e1gua, d\u00e3o um toque de modernidade. Em todos os casos, ao escolher os m\u00f3veis, opte por pe\u00e7as pr\u00e1ticas, como cama box, nichos para facilitar a organiza\u00e7\u00e3o de brinquedos e uma bancada de estudos. Quarto Planejado para meninos Ao pensar no quarto planejado ideal para meninos, tamb\u00e9m \u00e9 poss\u00edvel ousar nas cores, apostando al\u00e9m do azul, no branco ou no cinza, que, combinados, trazem um ar de modernidade que os pequenos rapazes adoram. S\u00f3 \u00e9 preciso tomar um maior cuidado com os tons mais carregados que podem tornar o ambiente escuro e pouco atrativo. Uma boa dica \u00e9 utilizar acess\u00f3rios decorativos \u2013 um lustre diferenciado, almofadas, p\u00f4steres, abajures, tudo o que d\u00ea uma composi\u00e7\u00e3o harm\u00f4nica e torne o espa\u00e7o repleto de personalidade. Quarto para dois irm\u00e3os Essa \u00e9 uma situa\u00e7\u00e3o que deixa muitos pais de cabelo em p\u00e9! Nesse caso, um bom come\u00e7o para planejar o ambiente, \u00e9 escolher um tema de que ambos os filhos gostem. Pode ser um personagem, um esporte ou at\u00e9 mesmo cores que os dois apreciem. Para otimizar e ampliar o espa\u00e7o, utilize beliche, ao inv\u00e9s de duas camas, pois \u00e9 uma \u00f3tima forma para abrir espa\u00e7o para outras pe\u00e7as, como nichos e pufes que v\u00e3o descontrair e deixar o ambiente organizado. N\u00e3o se esque\u00e7a que as cadeiras e a bancada de estudos t\u00eam de ser em dose dupla. &nbsp; Gostou das nossas dicas? Aproveite e venha ao Shopping Interlar Interlagos. Aqui voc\u00ea encontra as melhores lojas e profissionais especializados, que te ajudar\u00e3o na melhor escolha para os seus filhos.<\/p>\n","protected":false},"author":1,"featured_media":214,"comment_status":"closed","ping_status":"closed","sticky":false,"template":"","format":"standard","meta":{"_monsterinsights_skip_tracking":false,"_monsterinsights_sitenote_active":false,"_monsterinsights_sitenote_note":"","_monsterinsights_sitenote_category":0,"footnotes":""},"categories":[21,10],"tags":[59,58],"class_list":["post-197","post","type-post","status-publish","format-standard","has-post-thumbnail","hentry","category-dicas","category-quarto","tag-infantil","tag-quarto-planejado"],"_links":{"self":[{"href":"https:\/\/www.interlarinterlagos.com.br\/blog\/wp-json\/wp\/v2\/posts\/197","targetHints":{"allow":["GET"]}}],"collection":[{"href":"https:\/\/www.interlarinterlagos.com.br\/blog\/wp-json\/wp\/v2\/posts"}],"about":[{"href":"https:\/\/www.interlarinterlagos.com.br\/blog\/wp-json\/wp\/v2\/types\/post"}],"author":[{"embeddable":true,"href":"https:\/\/www.interlarinterlagos.com.br\/blog\/wp-json\/wp\/v2\/users\/1"}],"replies":[{"embeddable":true,"href":"https:\/\/www.interlarinterlagos.com.br\/blog\/wp-json\/wp\/v2\/comments?post=197"}],"version-history":[{"count":4,"href":"https:\/\/www.interlarinterlagos.com.br\/blog\/wp-json\/wp\/v2\/posts\/197\/revisions"}],"predecessor-version":[{"id":220,"href":"https:\/\/www.interlarinterlagos.com.br\/blog\/wp-json\/wp\/v2\/posts\/197\/revisions\/220"}],"wp:featuredmedia":[{"embeddable":true,"href":"https:\/\/www.interlarinterlagos.com.br\/blog\/wp-json\/wp\/v2\/media\/214"}],"wp:attachment":[{"href":"https:\/\/www.interlarinterlagos.com.br\/blog\/wp-json\/wp\/v2\/media?parent=197"}],"wp:term":[{"taxonomy":"category","embeddable":true,"href":"https:\/\/www.interlarinterlagos.com.br\/blog\/wp-json\/wp\/v2\/categories?post=197"},{"taxonomy":"post_tag","embeddable":true,"href":"https:\/\/www.interlarinterlagos.com.br\/blog\/wp-json\/wp\/v2\/tags?post=197"}],"curies":[{"name":"wp","href":"https:\/\/api.w.org\/{rel}","templated":true}]}}