{"id":1886,"date":"2026-01-08T09:00:00","date_gmt":"2026-01-08T12:00:00","guid":{"rendered":"https:\/\/www.interlarinterlagos.com.br\/blog\/?p=1886"},"modified":"2026-01-15T16:26:47","modified_gmt":"2026-01-15T19:26:47","slug":"cozinha-em-l-veja-os-beneficios-e-inspire-se-para-renovar-sua-casa","status":"publish","type":"post","link":"https:\/\/www.interlarinterlagos.com.br\/blog\/2026\/01\/cozinha-em-l-veja-os-beneficios-e-inspire-se-para-renovar-sua-casa\/","title":{"rendered":"Cozinha em L: veja os benef\u00edcios e inspire-se para renovar sua casa"},"content":{"rendered":"\n<p>Funcional, moderna e adapt\u00e1vel a ambientes de diferentes tamanhos, a cozinha em L \u00e9 uma \u00f3tima op\u00e7\u00e3o para quem busca aliar praticidade, conforto e beleza na decora\u00e7\u00e3o. \u00c9 um layout que otimiza o espa\u00e7o, facilita a movimenta\u00e7\u00e3o e torna o preparo das refei\u00e7\u00f5es muito mais pr\u00e1tico e confort\u00e1vel.<\/p>\n\n\n\n<p>Para voc\u00ea que est\u00e1 pensando em reformar, ou projetando uma nova cozinha, reunimos os principais benef\u00edcios da cozinha em L e dicas para aproveitar ao m\u00e1ximo o espa\u00e7o. Vem com a gente e prepare-se, vai ser um up na decora\u00e7\u00e3o da sua casa!<\/p>\n\n\n\n<h2 class=\"wp-block-heading\"><strong>Versatilidade para diferentes tamanhos<\/strong><\/h2>\n\n\n\n<figure class=\"wp-block-image size-large\"><img loading=\"lazy\" decoding=\"async\" width=\"1024\" height=\"673\" src=\"https:\/\/www.interlarinterlagos.com.br\/blog\/wp-content\/uploads\/2025\/12\/cozinha-em-L-versatilidade-min-1024x673.jpg\" alt=\"\" class=\"wp-image-1890\" srcset=\"https:\/\/www.interlarinterlagos.com.br\/blog\/wp-content\/uploads\/2025\/12\/cozinha-em-L-versatilidade-min-1024x673.jpg 1024w, https:\/\/www.interlarinterlagos.com.br\/blog\/wp-content\/uploads\/2025\/12\/cozinha-em-L-versatilidade-min-300x197.jpg 300w, https:\/\/www.interlarinterlagos.com.br\/blog\/wp-content\/uploads\/2025\/12\/cozinha-em-L-versatilidade-min-768x505.jpg 768w, https:\/\/www.interlarinterlagos.com.br\/blog\/wp-content\/uploads\/2025\/12\/cozinha-em-L-versatilidade-min-1140x749.jpg 1140w, https:\/\/www.interlarinterlagos.com.br\/blog\/wp-content\/uploads\/2025\/12\/cozinha-em-L-versatilidade-min-500x330.jpg 500w, https:\/\/www.interlarinterlagos.com.br\/blog\/wp-content\/uploads\/2025\/12\/cozinha-em-L-versatilidade-min.jpg 1299w\" sizes=\"auto, (max-width: 1024px) 100vw, 1024px\" \/><figcaption class=\"wp-element-caption\">Foto: Banco de Imagens Adobe Stock<\/figcaption><\/figure>\n\n\n\n<p>Uma grande qualidade da cozinha em L \u00e9 a sua versatilidade. Esse design se adapta perfeitamente a ambientes compactos, aproveitando cada canto dispon\u00edvel, mas tamb\u00e9m \u00e9 excelente para espa\u00e7os amplos, permitindo a cria\u00e7\u00e3o de ilhas centrais ou bancadas de apoio.<\/p>\n\n\n\n<p>Em apartamentos menores, o formato em L contribui para manter o ambiente organizado e funcional, sem comprometer a circula\u00e7\u00e3o. J\u00e1 em cozinhas maiores, ele possibilita a integra\u00e7\u00e3o com \u00e1reas de conviv\u00eancia, como a sala de jantar ou o espa\u00e7o gourmet, criando um visual harm\u00f4nico e moderno.<\/p>\n\n\n\n<p>Al\u00e9m disso, o formato L facilita o famoso \u201ctri\u00e2ngulo funcional\u201d, conceito que posiciona a pia, o fog\u00e3o e a geladeira a uma dist\u00e2ncia estrat\u00e9gica, otimizando o deslocamento durante o preparo das refei\u00e7\u00f5es. Assim, voc\u00ea ganha praticidade e conforto em cada movimento dentro da cozinha.<\/p>\n\n\n\n<h2 class=\"wp-block-heading\"><strong>Organiza\u00e7\u00e3o e funcionalidade<\/strong><\/h2>\n\n\n\n<figure class=\"wp-block-image size-large\"><img loading=\"lazy\" decoding=\"async\" width=\"1024\" height=\"683\" src=\"https:\/\/www.interlarinterlagos.com.br\/blog\/wp-content\/uploads\/2025\/12\/cozinha-em-L-funcionalidade-min-1024x683.jpg\" alt=\"\" class=\"wp-image-1889\" srcset=\"https:\/\/www.interlarinterlagos.com.br\/blog\/wp-content\/uploads\/2025\/12\/cozinha-em-L-funcionalidade-min-1024x683.jpg 1024w, https:\/\/www.interlarinterlagos.com.br\/blog\/wp-content\/uploads\/2025\/12\/cozinha-em-L-funcionalidade-min-300x200.jpg 300w, https:\/\/www.interlarinterlagos.com.br\/blog\/wp-content\/uploads\/2025\/12\/cozinha-em-L-funcionalidade-min-768x512.jpg 768w, https:\/\/www.interlarinterlagos.com.br\/blog\/wp-content\/uploads\/2025\/12\/cozinha-em-L-funcionalidade-min-1140x760.jpg 1140w, https:\/\/www.interlarinterlagos.com.br\/blog\/wp-content\/uploads\/2025\/12\/cozinha-em-L-funcionalidade-min.jpg 1299w\" sizes=\"auto, (max-width: 1024px) 100vw, 1024px\" \/><figcaption class=\"wp-element-caption\">Foto: Banco de Imagens Adobe Stock<\/figcaption><\/figure>\n\n\n\n<p>A cozinha em L \u00e9 sin\u00f4nimo de organiza\u00e7\u00e3o. Os arm\u00e1rios planejados s\u00e3o aliados essenciais nesse tipo de projeto, pois permitem aproveitar inclusive os cantos, com solu\u00e7\u00f5es como prateleiras girat\u00f3rias ou gavetas internas. Assim, cada utens\u00edlio e cada alimento tem o seu lugar, deixando a rotina mais f\u00e1cil e o visual sempre em ordem.<\/p>\n\n\n\n<h2 class=\"wp-block-heading\"><strong>Integra\u00e7\u00e3o e conforto visual<\/strong><\/h2>\n\n\n\n<figure class=\"wp-block-image size-large\"><img loading=\"lazy\" decoding=\"async\" width=\"1024\" height=\"683\" src=\"https:\/\/www.interlarinterlagos.com.br\/blog\/wp-content\/uploads\/2025\/12\/cozinha-em-L-conforto-min-1024x683.jpg\" alt=\"\" class=\"wp-image-1888\" srcset=\"https:\/\/www.interlarinterlagos.com.br\/blog\/wp-content\/uploads\/2025\/12\/cozinha-em-L-conforto-min-1024x683.jpg 1024w, https:\/\/www.interlarinterlagos.com.br\/blog\/wp-content\/uploads\/2025\/12\/cozinha-em-L-conforto-min-300x200.jpg 300w, https:\/\/www.interlarinterlagos.com.br\/blog\/wp-content\/uploads\/2025\/12\/cozinha-em-L-conforto-min-768x513.jpg 768w, https:\/\/www.interlarinterlagos.com.br\/blog\/wp-content\/uploads\/2025\/12\/cozinha-em-L-conforto-min-1140x761.jpg 1140w, https:\/\/www.interlarinterlagos.com.br\/blog\/wp-content\/uploads\/2025\/12\/cozinha-em-L-conforto-min.jpg 1299w\" sizes=\"auto, (max-width: 1024px) 100vw, 1024px\" \/><figcaption class=\"wp-element-caption\">Foto: Banco de Imagens Adobe Stock<\/figcaption><\/figure>\n\n\n\n<p>Al\u00e9m da funcionalidade, a cozinha em L favorece a integra\u00e7\u00e3o com outros ambientes, tornando o espa\u00e7o mais convidativo e acolhedor. Esse formato \u00e9 ideal para quem gosta de cozinhar enquanto interage com a fam\u00edlia ou recebe amigos, j\u00e1 que mant\u00e9m a \u00e1rea de preparo pr\u00f3xima \u00e0s zonas de conviv\u00eancia. A sensa\u00e7\u00e3o de amplitude tamb\u00e9m \u00e9 um ponto forte, especialmente quando o ambiente \u00e9 bem iluminado e conta com bancadas cont\u00ednuas e sem interrup\u00e7\u00f5es.<\/p>\n\n\n\n<h2 class=\"wp-block-heading\"><strong>Dicas de decora\u00e7\u00e3o para a cozinha em L<\/strong><\/h2>\n\n\n\n<figure class=\"wp-block-image size-large\"><img loading=\"lazy\" decoding=\"async\" width=\"1024\" height=\"683\" src=\"https:\/\/www.interlarinterlagos.com.br\/blog\/wp-content\/uploads\/2025\/12\/decoracao-cozinha-em-L-min-1024x683.jpg\" alt=\"\" class=\"wp-image-1887\" srcset=\"https:\/\/www.interlarinterlagos.com.br\/blog\/wp-content\/uploads\/2025\/12\/decoracao-cozinha-em-L-min-1024x683.jpg 1024w, https:\/\/www.interlarinterlagos.com.br\/blog\/wp-content\/uploads\/2025\/12\/decoracao-cozinha-em-L-min-300x200.jpg 300w, https:\/\/www.interlarinterlagos.com.br\/blog\/wp-content\/uploads\/2025\/12\/decoracao-cozinha-em-L-min-768x512.jpg 768w, https:\/\/www.interlarinterlagos.com.br\/blog\/wp-content\/uploads\/2025\/12\/decoracao-cozinha-em-L-min-1140x760.jpg 1140w, https:\/\/www.interlarinterlagos.com.br\/blog\/wp-content\/uploads\/2025\/12\/decoracao-cozinha-em-L-min.jpg 1299w\" sizes=\"auto, (max-width: 1024px) 100vw, 1024px\" \/><figcaption class=\"wp-element-caption\">Foto: Banco de Imagens Adobe Stock<\/figcaption><\/figure>\n\n\n\n<p>Na hora de decorar a cozinha, vale investir em materiais que combinem funcionalidade e estilo, como bancadas em quartzo ou granito, arm\u00e1rios em tons neutros e revestimentos com acabamento acetinado. Al\u00e9m disso, voc\u00ea tamb\u00e9m pode apostar em cores claras que auxiliam a ampliar o espa\u00e7o e refletir a luz natural.<\/p>\n\n\n\n<p>Para atribuir um visual ainda mais elegante e contempor\u00e2neo, a ideia \u00e9 decorar o ambiente com quadros minimalistas com imagens que remetam ao universo da gastronomia, como frutas e legumes. Acess\u00f3rios com detalhes em madeira, preto fosco ou metal escovado, que proporcionam um toque a mais de charme, tamb\u00e9m s\u00e3o uma boa pedida.<\/p>\n\n\n\n<p>Unir beleza e funcionalidade torna a sua cozinha um cantinho muito mais agrad\u00e1vel. Nas lojas do Shopping Interlar Interlagos voc\u00ea encontra as mais diversas op\u00e7\u00f5es de m\u00f3veis e objetos de decora\u00e7\u00e3o para construir ou renovar cada ambiente da sua casa. Esperamos por voc\u00ea!<\/p>\n\n\n\n<p><\/p>\n","protected":false},"excerpt":{"rendered":"<p>Funcional, moderna e adapt\u00e1vel a ambientes de diferentes tamanhos, a cozinha em L \u00e9 uma \u00f3tima op\u00e7\u00e3o para quem busca aliar praticidade, conforto e beleza na decora\u00e7\u00e3o. \u00c9 um layout que otimiza o espa\u00e7o, facilita a movimenta\u00e7\u00e3o e torna o preparo das refei\u00e7\u00f5es muito mais pr\u00e1tico e confort\u00e1vel. Para voc\u00ea que est\u00e1 pensando em reformar, ou projetando uma nova cozinha, reunimos os principais benef\u00edcios da cozinha em L e dicas para aproveitar ao m\u00e1ximo o espa\u00e7o. Vem com a gente e prepare-se, vai ser um up na decora\u00e7\u00e3o da sua casa! Versatilidade para diferentes tamanhos Uma grande qualidade da cozinha em L \u00e9 a sua versatilidade. Esse design se adapta perfeitamente a ambientes compactos, aproveitando cada canto dispon\u00edvel, mas tamb\u00e9m \u00e9 excelente para espa\u00e7os amplos, permitindo a cria\u00e7\u00e3o de ilhas centrais ou bancadas de apoio. Em apartamentos menores, o formato em L contribui para manter o ambiente organizado e funcional, sem comprometer a circula\u00e7\u00e3o. J\u00e1 em cozinhas maiores, ele possibilita a integra\u00e7\u00e3o com \u00e1reas de conviv\u00eancia, como a sala de jantar ou o espa\u00e7o gourmet, criando um visual harm\u00f4nico e moderno. Al\u00e9m disso, o formato L facilita o famoso \u201ctri\u00e2ngulo funcional\u201d, conceito que posiciona a pia, o fog\u00e3o e a geladeira a uma dist\u00e2ncia estrat\u00e9gica, otimizando o deslocamento durante o preparo das refei\u00e7\u00f5es. Assim, voc\u00ea ganha praticidade e conforto em cada movimento dentro da cozinha. Organiza\u00e7\u00e3o e funcionalidade A cozinha em L \u00e9 sin\u00f4nimo de organiza\u00e7\u00e3o. Os arm\u00e1rios planejados s\u00e3o aliados essenciais nesse tipo de projeto, pois permitem aproveitar inclusive os cantos, com solu\u00e7\u00f5es como prateleiras girat\u00f3rias ou gavetas internas. Assim, cada utens\u00edlio e cada alimento tem o seu lugar, deixando a rotina mais f\u00e1cil e o visual sempre em ordem. Integra\u00e7\u00e3o e conforto visual Al\u00e9m da funcionalidade, a cozinha em L favorece a integra\u00e7\u00e3o com outros ambientes, tornando o espa\u00e7o mais convidativo e acolhedor. Esse formato \u00e9 ideal para quem gosta de cozinhar enquanto interage com a fam\u00edlia ou recebe amigos, j\u00e1 que mant\u00e9m a \u00e1rea de preparo pr\u00f3xima \u00e0s zonas de conviv\u00eancia. A sensa\u00e7\u00e3o de amplitude tamb\u00e9m \u00e9 um ponto forte, especialmente quando o ambiente \u00e9 bem iluminado e conta com bancadas cont\u00ednuas e sem interrup\u00e7\u00f5es. Dicas de decora\u00e7\u00e3o para a cozinha em L Na hora de decorar a cozinha, vale investir em materiais que combinem funcionalidade e estilo, como bancadas em quartzo ou granito, arm\u00e1rios em tons neutros e revestimentos com acabamento acetinado. Al\u00e9m disso, voc\u00ea tamb\u00e9m pode apostar em cores claras que auxiliam a ampliar o espa\u00e7o e refletir a luz natural. Para atribuir um visual ainda mais elegante e contempor\u00e2neo, a ideia \u00e9 decorar o ambiente com quadros minimalistas com imagens que remetam ao universo da gastronomia, como frutas e legumes. Acess\u00f3rios com detalhes em madeira, preto fosco ou metal escovado, que proporcionam um toque a mais de charme, tamb\u00e9m s\u00e3o uma boa pedida. Unir beleza e funcionalidade torna a sua cozinha um cantinho muito mais agrad\u00e1vel. Nas lojas do Shopping Interlar Interlagos voc\u00ea encontra as mais diversas op\u00e7\u00f5es de m\u00f3veis e objetos de decora\u00e7\u00e3o para construir ou renovar cada ambiente da sua casa. Esperamos por voc\u00ea!<\/p>\n","protected":false},"author":2,"featured_media":1891,"comment_status":"closed","ping_status":"","sticky":false,"template":"","format":"standard","meta":{"_monsterinsights_skip_tracking":false,"_monsterinsights_sitenote_active":false,"_monsterinsights_sitenote_note":"","_monsterinsights_sitenote_category":0,"footnotes":""},"categories":[5],"tags":[],"class_list":["post-1886","post","type-post","status-publish","format-standard","has-post-thumbnail","hentry","category-cozinha"],"_links":{"self":[{"href":"https:\/\/www.interlarinterlagos.com.br\/blog\/wp-json\/wp\/v2\/posts\/1886","targetHints":{"allow":["GET"]}}],"collection":[{"href":"https:\/\/www.interlarinterlagos.com.br\/blog\/wp-json\/wp\/v2\/posts"}],"about":[{"href":"https:\/\/www.interlarinterlagos.com.br\/blog\/wp-json\/wp\/v2\/types\/post"}],"author":[{"embeddable":true,"href":"https:\/\/www.interlarinterlagos.com.br\/blog\/wp-json\/wp\/v2\/users\/2"}],"replies":[{"embeddable":true,"href":"https:\/\/www.interlarinterlagos.com.br\/blog\/wp-json\/wp\/v2\/comments?post=1886"}],"version-history":[{"count":1,"href":"https:\/\/www.interlarinterlagos.com.br\/blog\/wp-json\/wp\/v2\/posts\/1886\/revisions"}],"predecessor-version":[{"id":1892,"href":"https:\/\/www.interlarinterlagos.com.br\/blog\/wp-json\/wp\/v2\/posts\/1886\/revisions\/1892"}],"wp:featuredmedia":[{"embeddable":true,"href":"https:\/\/www.interlarinterlagos.com.br\/blog\/wp-json\/wp\/v2\/media\/1891"}],"wp:attachment":[{"href":"https:\/\/www.interlarinterlagos.com.br\/blog\/wp-json\/wp\/v2\/media?parent=1886"}],"wp:term":[{"taxonomy":"category","embeddable":true,"href":"https:\/\/www.interlarinterlagos.com.br\/blog\/wp-json\/wp\/v2\/categories?post=1886"},{"taxonomy":"post_tag","embeddable":true,"href":"https:\/\/www.interlarinterlagos.com.br\/blog\/wp-json\/wp\/v2\/tags?post=1886"}],"curies":[{"name":"wp","href":"https:\/\/api.w.org\/{rel}","templated":true}]}}