{"id":1777,"date":"2025-09-11T09:00:00","date_gmt":"2025-09-11T12:00:00","guid":{"rendered":"https:\/\/www.interlarinterlagos.com.br\/blog\/?p=1777"},"modified":"2025-09-11T14:33:58","modified_gmt":"2025-09-11T17:33:58","slug":"como-escolher-a-sapateira-ideal-para-sua-casa-com-estilo-e-praticidade","status":"publish","type":"post","link":"https:\/\/www.interlarinterlagos.com.br\/blog\/2025\/09\/como-escolher-a-sapateira-ideal-para-sua-casa-com-estilo-e-praticidade\/","title":{"rendered":"Como escolher a sapateira ideal para sua casa com estilo e praticidade"},"content":{"rendered":"\n<p>As sapateiras s\u00e3o sin\u00f4nimo de organiza\u00e7\u00e3o, estilo e praticidade ocupando um papel importante na decora\u00e7\u00e3o dos ambientes. Cada vez mais, esse m\u00f3vel une beleza e versatilidade, ajudando a manter seus cal\u00e7ados organizados e o espa\u00e7o mais harmonioso com personalidade, e um toque a mais de charme.<\/p>\n\n\n\n<p>Se voc\u00ea est\u00e1 em d\u00favida sobre como escolher o modelo ideal de sapateira para a sua casa,&nbsp; sem abrir m\u00e3o da organiza\u00e7\u00e3o, do visual e da funcionalidade, vem com a gente e confira as dicas que preparamos para voc\u00ea aproveitar ao m\u00e1ximo esse m\u00f3vel.<\/p>\n\n\n\n<figure class=\"wp-block-image size-full\"><img loading=\"lazy\" decoding=\"async\" width=\"1000\" height=\"560\" src=\"https:\/\/www.interlarinterlagos.com.br\/blog\/wp-content\/uploads\/2025\/09\/De-atencao-ao-material-ideal-para-sua-sapateira-1-min.jpg\" alt=\"\" class=\"wp-image-1778\" srcset=\"https:\/\/www.interlarinterlagos.com.br\/blog\/wp-content\/uploads\/2025\/09\/De-atencao-ao-material-ideal-para-sua-sapateira-1-min.jpg 1000w, https:\/\/www.interlarinterlagos.com.br\/blog\/wp-content\/uploads\/2025\/09\/De-atencao-ao-material-ideal-para-sua-sapateira-1-min-300x168.jpg 300w, https:\/\/www.interlarinterlagos.com.br\/blog\/wp-content\/uploads\/2025\/09\/De-atencao-ao-material-ideal-para-sua-sapateira-1-min-768x430.jpg 768w\" sizes=\"auto, (max-width: 1000px) 100vw, 1000px\" \/><figcaption class=\"wp-element-caption\"><em>Imagem: Adobe Stock<\/em><\/figcaption><\/figure>\n\n\n\n<h2 class=\"wp-block-heading\"><strong>D\u00ea aten\u00e7\u00e3o ao material na hora da escolha<\/strong><\/h2>\n\n\n\n<p>Antes de escolher o melhor modelo de sapateira para as suas necessidades, \u00e9 importante considerar alguns aspectos fundamentais, j\u00e1 que o material do m\u00f3vel faz toda a diferen\u00e7a, tanto para a durabilidade quanto para o estilo da decora\u00e7\u00e3o. Entre os mais comuns, voc\u00ea encontra a madeira, que \u00e9 tradicional, resistente e traz um toque cl\u00e1ssico; o metal, que oferece um visual moderno e maior durabilidade; e o pl\u00e1stico ou policarbonato, que s\u00e3o leve e f\u00e1ceis de limpar e ideais para quem disp\u00f5es de espa\u00e7os pequenos.<\/p>\n\n\n\n<figure class=\"wp-block-image size-large\"><img loading=\"lazy\" decoding=\"async\" width=\"1024\" height=\"683\" src=\"https:\/\/www.interlarinterlagos.com.br\/blog\/wp-content\/uploads\/2025\/09\/De-atencao-ao-material-ideal-para-sua-sapateira-2-min-1024x683.jpg\" alt=\"\" class=\"wp-image-1779\" srcset=\"https:\/\/www.interlarinterlagos.com.br\/blog\/wp-content\/uploads\/2025\/09\/De-atencao-ao-material-ideal-para-sua-sapateira-2-min-1024x683.jpg 1024w, https:\/\/www.interlarinterlagos.com.br\/blog\/wp-content\/uploads\/2025\/09\/De-atencao-ao-material-ideal-para-sua-sapateira-2-min-300x200.jpg 300w, https:\/\/www.interlarinterlagos.com.br\/blog\/wp-content\/uploads\/2025\/09\/De-atencao-ao-material-ideal-para-sua-sapateira-2-min-768x512.jpg 768w, https:\/\/www.interlarinterlagos.com.br\/blog\/wp-content\/uploads\/2025\/09\/De-atencao-ao-material-ideal-para-sua-sapateira-2-min-1536x1024.jpg 1536w, https:\/\/www.interlarinterlagos.com.br\/blog\/wp-content\/uploads\/2025\/09\/De-atencao-ao-material-ideal-para-sua-sapateira-2-min-2048x1365.jpg 2048w, https:\/\/www.interlarinterlagos.com.br\/blog\/wp-content\/uploads\/2025\/09\/De-atencao-ao-material-ideal-para-sua-sapateira-2-min-1140x760.jpg 1140w\" sizes=\"auto, (max-width: 1024px) 100vw, 1024px\" \/><figcaption class=\"wp-element-caption\"><em>Imagem: Adobe Stock<\/em><\/figcaption><\/figure>\n\n\n\n<p>Al\u00e9m disso, tamb\u00e9m \u00e9 importante optar por op\u00e7\u00f5es que apresentem detalhes mais robustos, como dobradi\u00e7as met\u00e1licas e puxadores em alum\u00ednio que garantem maior resist\u00eancia e durabilidade em sua utiliza\u00e7\u00e3o. Voc\u00ea tamb\u00e9m pode levar em considera\u00e7\u00e3o a quantidades de cal\u00e7ados que ser\u00e3o armazenados, se h\u00e1 prateleiras ajust\u00e1veis ou gavetas para materiais mais delicados, e se a quantidade necess\u00e1ria de compartimentos \u00e9 ideal para acomodar todos os seus pares com praticidade e seguran\u00e7a.<\/p>\n\n\n\n<figure class=\"wp-block-image size-large\"><img loading=\"lazy\" decoding=\"async\" width=\"1024\" height=\"683\" src=\"https:\/\/www.interlarinterlagos.com.br\/blog\/wp-content\/uploads\/2025\/09\/Verifique-o-espaco-disponivel-em-sua-casa-min-1024x683.jpeg\" alt=\"\" class=\"wp-image-1780\" srcset=\"https:\/\/www.interlarinterlagos.com.br\/blog\/wp-content\/uploads\/2025\/09\/Verifique-o-espaco-disponivel-em-sua-casa-min-1024x683.jpeg 1024w, https:\/\/www.interlarinterlagos.com.br\/blog\/wp-content\/uploads\/2025\/09\/Verifique-o-espaco-disponivel-em-sua-casa-min-300x200.jpeg 300w, https:\/\/www.interlarinterlagos.com.br\/blog\/wp-content\/uploads\/2025\/09\/Verifique-o-espaco-disponivel-em-sua-casa-min-768x512.jpeg 768w, https:\/\/www.interlarinterlagos.com.br\/blog\/wp-content\/uploads\/2025\/09\/Verifique-o-espaco-disponivel-em-sua-casa-min-1536x1024.jpeg 1536w, https:\/\/www.interlarinterlagos.com.br\/blog\/wp-content\/uploads\/2025\/09\/Verifique-o-espaco-disponivel-em-sua-casa-min-2048x1365.jpeg 2048w, https:\/\/www.interlarinterlagos.com.br\/blog\/wp-content\/uploads\/2025\/09\/Verifique-o-espaco-disponivel-em-sua-casa-min-1140x760.jpeg 1140w\" sizes=\"auto, (max-width: 1024px) 100vw, 1024px\" \/><figcaption class=\"wp-element-caption\"><em>Imagem: Adobe Stock<\/em><\/figcaption><\/figure>\n\n\n\n<h2 class=\"wp-block-heading\"><strong>Verifique o espa\u00e7o dispon\u00edvel em sua casa<\/strong><\/h2>\n\n\n\n<p>\u00c9 muito importante avaliar as medidas e o tamanho do espa\u00e7o dispon\u00edvel para instalar a sapateira. Mas n\u00e3o se preocupe, pois essa etapa \u00e9 bem simples! Basta medir o local com anteced\u00eancia e levar as medidas anotadas ao visitar as lojas de sua prefer\u00eancia para verificar as op\u00e7\u00f5es de m\u00f3veis que mais atendem as suas necessidades.<\/p>\n\n\n\n<figure class=\"wp-block-gallery has-nested-images columns-default is-cropped wp-block-gallery-1 is-layout-flex wp-block-gallery-is-layout-flex\">\n<figure class=\"wp-block-image size-large\"><img loading=\"lazy\" decoding=\"async\" width=\"1024\" height=\"684\" data-id=\"1782\" src=\"https:\/\/www.interlarinterlagos.com.br\/blog\/wp-content\/uploads\/2025\/09\/Sapateira-fechada-1-min-1024x684.jpeg\" alt=\"\" class=\"wp-image-1782\" srcset=\"https:\/\/www.interlarinterlagos.com.br\/blog\/wp-content\/uploads\/2025\/09\/Sapateira-fechada-1-min-1024x684.jpeg 1024w, https:\/\/www.interlarinterlagos.com.br\/blog\/wp-content\/uploads\/2025\/09\/Sapateira-fechada-1-min-300x200.jpeg 300w, https:\/\/www.interlarinterlagos.com.br\/blog\/wp-content\/uploads\/2025\/09\/Sapateira-fechada-1-min-768x513.jpeg 768w, https:\/\/www.interlarinterlagos.com.br\/blog\/wp-content\/uploads\/2025\/09\/Sapateira-fechada-1-min-1536x1026.jpeg 1536w, https:\/\/www.interlarinterlagos.com.br\/blog\/wp-content\/uploads\/2025\/09\/Sapateira-fechada-1-min-2048x1368.jpeg 2048w, https:\/\/www.interlarinterlagos.com.br\/blog\/wp-content\/uploads\/2025\/09\/Sapateira-fechada-1-min-1140x762.jpeg 1140w\" sizes=\"auto, (max-width: 1024px) 100vw, 1024px\" \/><figcaption class=\"wp-element-caption\"><em>Imagem: Adobe Stock<\/em><\/figcaption><\/figure>\n\n\n\n<figure class=\"wp-block-image size-large\"><img loading=\"lazy\" decoding=\"async\" width=\"1024\" height=\"683\" data-id=\"1783\" src=\"https:\/\/www.interlarinterlagos.com.br\/blog\/wp-content\/uploads\/2025\/09\/Sapateira-aberta-min-1024x683.jpeg\" alt=\"\" class=\"wp-image-1783\" srcset=\"https:\/\/www.interlarinterlagos.com.br\/blog\/wp-content\/uploads\/2025\/09\/Sapateira-aberta-min-1024x683.jpeg 1024w, https:\/\/www.interlarinterlagos.com.br\/blog\/wp-content\/uploads\/2025\/09\/Sapateira-aberta-min-300x200.jpeg 300w, https:\/\/www.interlarinterlagos.com.br\/blog\/wp-content\/uploads\/2025\/09\/Sapateira-aberta-min-768x512.jpeg 768w, https:\/\/www.interlarinterlagos.com.br\/blog\/wp-content\/uploads\/2025\/09\/Sapateira-aberta-min-1536x1024.jpeg 1536w, https:\/\/www.interlarinterlagos.com.br\/blog\/wp-content\/uploads\/2025\/09\/Sapateira-aberta-min-2048x1365.jpeg 2048w, https:\/\/www.interlarinterlagos.com.br\/blog\/wp-content\/uploads\/2025\/09\/Sapateira-aberta-min-1140x760.jpeg 1140w\" sizes=\"auto, (max-width: 1024px) 100vw, 1024px\" \/><figcaption class=\"wp-element-caption\"><em>Imagem: Adobe Stock<\/em><\/figcaption><\/figure>\n<\/figure>\n\n\n\n<figure class=\"wp-block-image size-large\"><img loading=\"lazy\" decoding=\"async\" width=\"1024\" height=\"683\" src=\"https:\/\/www.interlarinterlagos.com.br\/blog\/wp-content\/uploads\/2025\/09\/Sapateira-Fechada-2-min-1024x683.jpeg\" alt=\"\" class=\"wp-image-1781\" srcset=\"https:\/\/www.interlarinterlagos.com.br\/blog\/wp-content\/uploads\/2025\/09\/Sapateira-Fechada-2-min-1024x683.jpeg 1024w, https:\/\/www.interlarinterlagos.com.br\/blog\/wp-content\/uploads\/2025\/09\/Sapateira-Fechada-2-min-300x200.jpeg 300w, https:\/\/www.interlarinterlagos.com.br\/blog\/wp-content\/uploads\/2025\/09\/Sapateira-Fechada-2-min-768x512.jpeg 768w, https:\/\/www.interlarinterlagos.com.br\/blog\/wp-content\/uploads\/2025\/09\/Sapateira-Fechada-2-min-1536x1024.jpeg 1536w, https:\/\/www.interlarinterlagos.com.br\/blog\/wp-content\/uploads\/2025\/09\/Sapateira-Fechada-2-min-2048x1365.jpeg 2048w, https:\/\/www.interlarinterlagos.com.br\/blog\/wp-content\/uploads\/2025\/09\/Sapateira-Fechada-2-min-1140x760.jpeg 1140w\" sizes=\"auto, (max-width: 1024px) 100vw, 1024px\" \/><figcaption class=\"wp-element-caption\"><em>Imagem: Adobe Stock<\/em><\/figcaption><\/figure>\n\n\n\n<h2 class=\"wp-block-heading\"><strong>Sapateira aberta ou fechada: qual escolher?<\/strong><\/h2>\n\n\n\n<p>Na hora de decidir entre sapateiras abertas ou fechadas, uma excelente dica \u00e9 harmonizar de acordo com o estilo que combina mais com sua rotina e decora\u00e7\u00e3o de sua casa. As sapateiras abertas s\u00e3o perfeitas para quem deseja deixar os cal\u00e7ados \u00e0 mostra, transformando-os em parte da decora\u00e7\u00e3o, ideal para ambientes modernos e descontra\u00eddos. J\u00e1 as fechadas s\u00e3o indicadas para quem prefere um visual mais clean, combinando perfeitamente com decora\u00e7\u00f5es mais elegantes e minimalistas.<\/p>\n\n\n\n<figure class=\"wp-block-image size-large\"><img loading=\"lazy\" decoding=\"async\" width=\"1024\" height=\"683\" src=\"https:\/\/www.interlarinterlagos.com.br\/blog\/wp-content\/uploads\/2025\/09\/O-melhor-lugar-para-instalar-sua-sapateira-min-1024x683.jpeg\" alt=\"\" class=\"wp-image-1784\" srcset=\"https:\/\/www.interlarinterlagos.com.br\/blog\/wp-content\/uploads\/2025\/09\/O-melhor-lugar-para-instalar-sua-sapateira-min-1024x683.jpeg 1024w, https:\/\/www.interlarinterlagos.com.br\/blog\/wp-content\/uploads\/2025\/09\/O-melhor-lugar-para-instalar-sua-sapateira-min-300x200.jpeg 300w, https:\/\/www.interlarinterlagos.com.br\/blog\/wp-content\/uploads\/2025\/09\/O-melhor-lugar-para-instalar-sua-sapateira-min-768x512.jpeg 768w, https:\/\/www.interlarinterlagos.com.br\/blog\/wp-content\/uploads\/2025\/09\/O-melhor-lugar-para-instalar-sua-sapateira-min-1536x1024.jpeg 1536w, https:\/\/www.interlarinterlagos.com.br\/blog\/wp-content\/uploads\/2025\/09\/O-melhor-lugar-para-instalar-sua-sapateira-min-2048x1365.jpeg 2048w, https:\/\/www.interlarinterlagos.com.br\/blog\/wp-content\/uploads\/2025\/09\/O-melhor-lugar-para-instalar-sua-sapateira-min-1140x760.jpeg 1140w\" sizes=\"auto, (max-width: 1024px) 100vw, 1024px\" \/><figcaption class=\"wp-element-caption\"><em>Imagem: Adobe Stock<\/em><\/figcaption><\/figure>\n\n\n\n<h2 class=\"wp-block-heading\"><strong>Qual \u00e9 o melhor lugar para instalar sua sapateira?<\/strong><\/h2>\n\n\n\n<p>As sapateiras s\u00e3o m\u00f3veis vers\u00e1teis que se adaptam aos mais diferentes espa\u00e7os da sua casa, e que voc\u00ea pode usar a criatividade para transformar esse m\u00f3vel em mais um item de decora\u00e7\u00e3o para o seu lar. Os locais mais comuns s\u00e3o o hall de entrada, \u00f3timo para organizar os cal\u00e7ados assim que voc\u00ea chega; o quarto; closets ou espa\u00e7os sob escadas, ideais para quem curte uma pegada mais cl\u00e1ssica na decora\u00e7\u00e3o; e corredores, para quem valoriza a praticidade no dia a dia.<\/p>\n\n\n\n<p>Curtiu as nossas dicas? Aproveite para <a href=\"https:\/\/www.interlarinterlagos.com.br\/busca-lojas.php\">visitar as lojas do Shopping Interlar Interlagos<\/a>, onde voc\u00ea encontra uma variedade de m\u00f3veis e itens de decora\u00e7\u00e3o para tornar a sua casa muito mais pr\u00e1tica e charmosa. Esperamos por voc\u00ea!<\/p>\n","protected":false},"excerpt":{"rendered":"<p>As sapateiras s\u00e3o sin\u00f4nimo de organiza\u00e7\u00e3o, estilo e praticidade ocupando um papel importante na decora\u00e7\u00e3o dos ambientes. Cada vez mais, esse m\u00f3vel une beleza e versatilidade, ajudando a manter seus cal\u00e7ados organizados e o espa\u00e7o mais harmonioso com personalidade, e um toque a mais de charme. Se voc\u00ea est\u00e1 em d\u00favida sobre como escolher o modelo ideal de sapateira para a sua casa,&nbsp; sem abrir m\u00e3o da organiza\u00e7\u00e3o, do visual e da funcionalidade, vem com a gente e confira as dicas que preparamos para voc\u00ea aproveitar ao m\u00e1ximo esse m\u00f3vel. D\u00ea aten\u00e7\u00e3o ao material na hora da escolha Antes de escolher o melhor modelo de sapateira para as suas necessidades, \u00e9 importante considerar alguns aspectos fundamentais, j\u00e1 que o material do m\u00f3vel faz toda a diferen\u00e7a, tanto para a durabilidade quanto para o estilo da decora\u00e7\u00e3o. Entre os mais comuns, voc\u00ea encontra a madeira, que \u00e9 tradicional, resistente e traz um toque cl\u00e1ssico; o metal, que oferece um visual moderno e maior durabilidade; e o pl\u00e1stico ou policarbonato, que s\u00e3o leve e f\u00e1ceis de limpar e ideais para quem disp\u00f5es de espa\u00e7os pequenos. Al\u00e9m disso, tamb\u00e9m \u00e9 importante optar por op\u00e7\u00f5es que apresentem detalhes mais robustos, como dobradi\u00e7as met\u00e1licas e puxadores em alum\u00ednio que garantem maior resist\u00eancia e durabilidade em sua utiliza\u00e7\u00e3o. Voc\u00ea tamb\u00e9m pode levar em considera\u00e7\u00e3o a quantidades de cal\u00e7ados que ser\u00e3o armazenados, se h\u00e1 prateleiras ajust\u00e1veis ou gavetas para materiais mais delicados, e se a quantidade necess\u00e1ria de compartimentos \u00e9 ideal para acomodar todos os seus pares com praticidade e seguran\u00e7a. Verifique o espa\u00e7o dispon\u00edvel em sua casa \u00c9 muito importante avaliar as medidas e o tamanho do espa\u00e7o dispon\u00edvel para instalar a sapateira. Mas n\u00e3o se preocupe, pois essa etapa \u00e9 bem simples! Basta medir o local com anteced\u00eancia e levar as medidas anotadas ao visitar as lojas de sua prefer\u00eancia para verificar as op\u00e7\u00f5es de m\u00f3veis que mais atendem as suas necessidades. Sapateira aberta ou fechada: qual escolher? Na hora de decidir entre sapateiras abertas ou fechadas, uma excelente dica \u00e9 harmonizar de acordo com o estilo que combina mais com sua rotina e decora\u00e7\u00e3o de sua casa. As sapateiras abertas s\u00e3o perfeitas para quem deseja deixar os cal\u00e7ados \u00e0 mostra, transformando-os em parte da decora\u00e7\u00e3o, ideal para ambientes modernos e descontra\u00eddos. J\u00e1 as fechadas s\u00e3o indicadas para quem prefere um visual mais clean, combinando perfeitamente com decora\u00e7\u00f5es mais elegantes e minimalistas. Qual \u00e9 o melhor lugar para instalar sua sapateira? As sapateiras s\u00e3o m\u00f3veis vers\u00e1teis que se adaptam aos mais diferentes espa\u00e7os da sua casa, e que voc\u00ea pode usar a criatividade para transformar esse m\u00f3vel em mais um item de decora\u00e7\u00e3o para o seu lar. Os locais mais comuns s\u00e3o o hall de entrada, \u00f3timo para organizar os cal\u00e7ados assim que voc\u00ea chega; o quarto; closets ou espa\u00e7os sob escadas, ideais para quem curte uma pegada mais cl\u00e1ssica na decora\u00e7\u00e3o; e corredores, para quem valoriza a praticidade no dia a dia. Curtiu as nossas dicas? Aproveite para visitar as lojas do Shopping Interlar Interlagos, onde voc\u00ea encontra uma variedade de m\u00f3veis e itens de decora\u00e7\u00e3o para tornar a sua casa muito mais pr\u00e1tica e charmosa. Esperamos por voc\u00ea!<\/p>\n","protected":false},"author":1,"featured_media":1785,"comment_status":"open","ping_status":"","sticky":false,"template":"","format":"standard","meta":{"_monsterinsights_skip_tracking":false,"_monsterinsights_sitenote_active":false,"_monsterinsights_sitenote_note":"","_monsterinsights_sitenote_category":0,"footnotes":""},"categories":[21],"tags":[66,418,417,319,420,419,421],"class_list":["post-1777","post","type-post","status-publish","format-standard","has-post-thumbnail","hentry","category-dicas","tag-decoracao","tag-dicas-para-escolher-sapateira","tag-praticidade","tag-sapateira","tag-sapateira-aberta","tag-sapateira-fechada","tag-tipos-de-materiais"],"_links":{"self":[{"href":"https:\/\/www.interlarinterlagos.com.br\/blog\/wp-json\/wp\/v2\/posts\/1777","targetHints":{"allow":["GET"]}}],"collection":[{"href":"https:\/\/www.interlarinterlagos.com.br\/blog\/wp-json\/wp\/v2\/posts"}],"about":[{"href":"https:\/\/www.interlarinterlagos.com.br\/blog\/wp-json\/wp\/v2\/types\/post"}],"author":[{"embeddable":true,"href":"https:\/\/www.interlarinterlagos.com.br\/blog\/wp-json\/wp\/v2\/users\/1"}],"replies":[{"embeddable":true,"href":"https:\/\/www.interlarinterlagos.com.br\/blog\/wp-json\/wp\/v2\/comments?post=1777"}],"version-history":[{"count":2,"href":"https:\/\/www.interlarinterlagos.com.br\/blog\/wp-json\/wp\/v2\/posts\/1777\/revisions"}],"predecessor-version":[{"id":1787,"href":"https:\/\/www.interlarinterlagos.com.br\/blog\/wp-json\/wp\/v2\/posts\/1777\/revisions\/1787"}],"wp:featuredmedia":[{"embeddable":true,"href":"https:\/\/www.interlarinterlagos.com.br\/blog\/wp-json\/wp\/v2\/media\/1785"}],"wp:attachment":[{"href":"https:\/\/www.interlarinterlagos.com.br\/blog\/wp-json\/wp\/v2\/media?parent=1777"}],"wp:term":[{"taxonomy":"category","embeddable":true,"href":"https:\/\/www.interlarinterlagos.com.br\/blog\/wp-json\/wp\/v2\/categories?post=1777"},{"taxonomy":"post_tag","embeddable":true,"href":"https:\/\/www.interlarinterlagos.com.br\/blog\/wp-json\/wp\/v2\/tags?post=1777"}],"curies":[{"name":"wp","href":"https:\/\/api.w.org\/{rel}","templated":true}]}}