{"id":1690,"date":"2025-06-12T09:00:00","date_gmt":"2025-06-12T12:00:00","guid":{"rendered":"https:\/\/www.interlarinterlagos.com.br\/blog\/?p=1690"},"modified":"2025-06-18T09:02:01","modified_gmt":"2025-06-18T12:02:01","slug":"moveis-planejados-as-tendencias-de-decoracao-que-estao-em-alta","status":"publish","type":"post","link":"https:\/\/www.interlarinterlagos.com.br\/blog\/2025\/06\/moveis-planejados-as-tendencias-de-decoracao-que-estao-em-alta\/","title":{"rendered":"M\u00f3veis planejados: as tend\u00eancias de decora\u00e7\u00e3o que est\u00e3o em alta"},"content":{"rendered":"\n<p>Na hora de mobiliar sua casa, a escolha por m\u00f3veis planejados pode fazer toda a diferen\u00e7a n\u00e3o apenas pela est\u00e9tica, mas tamb\u00e9m pela funcionalidade.&nbsp; Uma das maiores vantagens \u00e9 a capacidade de adaptar-se perfeitamente ao espa\u00e7o dispon\u00edvel, j\u00e1 que s\u00e3o desenvolvidos sob medida para atender \u00e0s necessidades espec\u00edficas de cada c\u00f4modo. Isso significa que at\u00e9 ambientes mais reduzidos podem ser utilizados de forma mais eficiente, garantindo um design pr\u00e1tico e harmonioso.<\/p>\n\n\n\n<p>Mas como escolher os m\u00f3veis planejados para a sua casa? Diferentes materiais, estilos, formatos e funcionalidades est\u00e3o dispon\u00edveis no mercado. O gosto pessoal de cada um e as configura\u00e7\u00f5es dos espa\u00e7os de cada c\u00f4modo \u00e9 que v\u00e3o decidir o melhor caminho. Mas algumas tend\u00eancias est\u00e3o em alta. E vamos ajudar voc\u00ea a entender o que \u00e9 a melhor op\u00e7\u00e3o para a sua casa.<\/p>\n\n\n\n<figure class=\"wp-block-image size-large\"><img loading=\"lazy\" decoding=\"async\" width=\"1024\" height=\"576\" src=\"https:\/\/www.interlarinterlagos.com.br\/blog\/wp-content\/uploads\/2025\/06\/Moveis-planejados-para-quarto-min-1024x576.jpeg\" alt=\"\" class=\"wp-image-1705\" srcset=\"https:\/\/www.interlarinterlagos.com.br\/blog\/wp-content\/uploads\/2025\/06\/Moveis-planejados-para-quarto-min-1024x576.jpeg 1024w, https:\/\/www.interlarinterlagos.com.br\/blog\/wp-content\/uploads\/2025\/06\/Moveis-planejados-para-quarto-min-300x169.jpeg 300w, https:\/\/www.interlarinterlagos.com.br\/blog\/wp-content\/uploads\/2025\/06\/Moveis-planejados-para-quarto-min-768x432.jpeg 768w, https:\/\/www.interlarinterlagos.com.br\/blog\/wp-content\/uploads\/2025\/06\/Moveis-planejados-para-quarto-min-1536x864.jpeg 1536w, https:\/\/www.interlarinterlagos.com.br\/blog\/wp-content\/uploads\/2025\/06\/Moveis-planejados-para-quarto-min-2048x1152.jpeg 2048w, https:\/\/www.interlarinterlagos.com.br\/blog\/wp-content\/uploads\/2025\/06\/Moveis-planejados-para-quarto-min-1140x641.jpeg 1140w\" sizes=\"auto, (max-width: 1024px) 100vw, 1024px\" \/><figcaption class=\"wp-element-caption\"><em>Imagem: Adobe Stock<\/em><\/figcaption><\/figure>\n\n\n\n<h2 class=\"wp-block-heading\">&nbsp;<strong>Prefira materiais sustent\u00e1veis<\/strong><\/h2>\n\n\n\n<p>A busca pela sustentabilidade est\u00e1 definitivamente incorporada tamb\u00e9m ao universo da decora\u00e7\u00e3o e do design. M\u00f3veis planejados feitos com materiais ecol\u00f3gicos, como madeira natural, de texturas diferenciadas e tecidos incorporados, especialmente em \u00e1reas que precisam maior comodidade como o quarto e a sala de estar, s\u00e3o \u00f3timas op\u00e7\u00f5es para dar um toque de eleg\u00e2ncia e sofistica\u00e7\u00e3o ao mesmo tempo proporcionar o conforto que voc\u00ea merece.<\/p>\n\n\n\n<figure class=\"wp-block-image size-large\"><img loading=\"lazy\" decoding=\"async\" width=\"1024\" height=\"1024\" src=\"https:\/\/www.interlarinterlagos.com.br\/blog\/wp-content\/uploads\/2025\/06\/Uma-cor-para-cada-estilo-2-min-1024x1024.jpeg\" alt=\"\" class=\"wp-image-1708\" srcset=\"https:\/\/www.interlarinterlagos.com.br\/blog\/wp-content\/uploads\/2025\/06\/Uma-cor-para-cada-estilo-2-min-1024x1024.jpeg 1024w, https:\/\/www.interlarinterlagos.com.br\/blog\/wp-content\/uploads\/2025\/06\/Uma-cor-para-cada-estilo-2-min-300x300.jpeg 300w, https:\/\/www.interlarinterlagos.com.br\/blog\/wp-content\/uploads\/2025\/06\/Uma-cor-para-cada-estilo-2-min-150x150.jpeg 150w, https:\/\/www.interlarinterlagos.com.br\/blog\/wp-content\/uploads\/2025\/06\/Uma-cor-para-cada-estilo-2-min-768x768.jpeg 768w, https:\/\/www.interlarinterlagos.com.br\/blog\/wp-content\/uploads\/2025\/06\/Uma-cor-para-cada-estilo-2-min-1536x1536.jpeg 1536w, https:\/\/www.interlarinterlagos.com.br\/blog\/wp-content\/uploads\/2025\/06\/Uma-cor-para-cada-estilo-2-min-2048x2048.jpeg 2048w, https:\/\/www.interlarinterlagos.com.br\/blog\/wp-content\/uploads\/2025\/06\/Uma-cor-para-cada-estilo-2-min-1140x1140.jpeg 1140w, https:\/\/www.interlarinterlagos.com.br\/blog\/wp-content\/uploads\/2025\/06\/Uma-cor-para-cada-estilo-2-min-75x75.jpeg 75w\" sizes=\"auto, (max-width: 1024px) 100vw, 1024px\" \/><figcaption class=\"wp-element-caption\"><em>Imagem: Adobe Stock<\/em><\/figcaption><\/figure>\n\n\n\n<h2 class=\"wp-block-heading\"><strong>Uma cor para cada estilo<\/strong><\/h2>\n\n\n\n<p>Cores terrosas, tons que remetem \u00e0 natureza, s\u00e3o a pedida do momento. Varia\u00e7\u00f5es de verde e marrom, combinados com madeiras de veios marcados, s\u00e3o ideais para projetos que proporcionam ambientes acolhedores e atemporais. J\u00e1 para quem prefere um estilo mais sofisticado, o azul petr\u00f3leo \u00e9 uma op\u00e7\u00e3o bem indicada, combinados com tons neutros como branco, areia e cinza.<\/p>\n\n\n\n<figure class=\"wp-block-image size-large\"><img loading=\"lazy\" decoding=\"async\" width=\"1024\" height=\"684\" src=\"https:\/\/www.interlarinterlagos.com.br\/blog\/wp-content\/uploads\/2025\/06\/Aposte-nas-linhas-curvas-min-1024x684.jpeg\" alt=\"\" class=\"wp-image-1711\" srcset=\"https:\/\/www.interlarinterlagos.com.br\/blog\/wp-content\/uploads\/2025\/06\/Aposte-nas-linhas-curvas-min-1024x684.jpeg 1024w, https:\/\/www.interlarinterlagos.com.br\/blog\/wp-content\/uploads\/2025\/06\/Aposte-nas-linhas-curvas-min-300x200.jpeg 300w, https:\/\/www.interlarinterlagos.com.br\/blog\/wp-content\/uploads\/2025\/06\/Aposte-nas-linhas-curvas-min-768x513.jpeg 768w, https:\/\/www.interlarinterlagos.com.br\/blog\/wp-content\/uploads\/2025\/06\/Aposte-nas-linhas-curvas-min-1536x1025.jpeg 1536w, https:\/\/www.interlarinterlagos.com.br\/blog\/wp-content\/uploads\/2025\/06\/Aposte-nas-linhas-curvas-min-2048x1367.jpeg 2048w, https:\/\/www.interlarinterlagos.com.br\/blog\/wp-content\/uploads\/2025\/06\/Aposte-nas-linhas-curvas-min-1140x761.jpeg 1140w\" sizes=\"auto, (max-width: 1024px) 100vw, 1024px\" \/><figcaption class=\"wp-element-caption\"><em>Imagem: Adobe Stock<\/em><\/figcaption><\/figure>\n\n\n\n<h2 class=\"wp-block-heading\">&nbsp;<strong>Aposte nas linhas curvas<\/strong><\/h2>\n\n\n\n<p>O design com linhas curvas, atemporal, est\u00e1 entre as tend\u00eancias que marcam esse momento. M\u00f3veis desse formato proporcionam melhor aproveitamento do espa\u00e7o, facilidade de circula\u00e7\u00e3o e conferem, principalmente, uma percep\u00e7\u00e3o de modernidade e muita leveza visual ao ambiente.<\/p>\n\n\n\n<figure class=\"wp-block-image size-large\"><img loading=\"lazy\" decoding=\"async\" width=\"1024\" height=\"574\" src=\"https:\/\/www.interlarinterlagos.com.br\/blog\/wp-content\/uploads\/2025\/06\/Invista-em-tecnologia-min-1024x574.jpeg\" alt=\"\" class=\"wp-image-1714\" srcset=\"https:\/\/www.interlarinterlagos.com.br\/blog\/wp-content\/uploads\/2025\/06\/Invista-em-tecnologia-min-1024x574.jpeg 1024w, https:\/\/www.interlarinterlagos.com.br\/blog\/wp-content\/uploads\/2025\/06\/Invista-em-tecnologia-min-300x168.jpeg 300w, https:\/\/www.interlarinterlagos.com.br\/blog\/wp-content\/uploads\/2025\/06\/Invista-em-tecnologia-min-768x430.jpeg 768w, https:\/\/www.interlarinterlagos.com.br\/blog\/wp-content\/uploads\/2025\/06\/Invista-em-tecnologia-min-1536x861.jpeg 1536w, https:\/\/www.interlarinterlagos.com.br\/blog\/wp-content\/uploads\/2025\/06\/Invista-em-tecnologia-min-2048x1148.jpeg 2048w, https:\/\/www.interlarinterlagos.com.br\/blog\/wp-content\/uploads\/2025\/06\/Invista-em-tecnologia-min-1140x639.jpeg 1140w\" sizes=\"auto, (max-width: 1024px) 100vw, 1024px\" \/><figcaption class=\"wp-element-caption\"><em>Imagem: Adobe Stock<\/em><\/figcaption><\/figure>\n\n\n\n<h2 class=\"wp-block-heading\"><strong>Invista em tecnologia<\/strong><\/h2>\n\n\n\n<p>Nos dias de hoje, controle \u00e0 dist\u00e2ncia diversas fun\u00e7\u00f5es na sua casa. E os m\u00f3veis planejados acompanham essa tend\u00eancia. Sistemas multifun\u00e7\u00f5es de ilumina\u00e7\u00e3o em LED, som embutido e aberturas automatizadas, que podem ser controlados por aplicativo asseguram praticidade e facilitam o seu dia a dia, criando espa\u00e7os personalizados e extremamente funcionais.<\/p>\n\n\n\n<p>Seja para o quarto, a sala, o escrit\u00f3rio, a cozinha ou o banheiro, m\u00f3veis planejados s\u00e3o sempre uma \u00f3tima op\u00e7\u00e3o. <a href=\"https:\/\/www.interlarinterlagos.com.br\/busca-lojas.php\">Aqui nas lojas do Shopping Interlar Interlagos<\/a> voc\u00ea encontra m\u00f3veis que seguem as tend\u00eancias de decora\u00e7\u00e3o do momento, qualquer que seja o seu estilo. E conta com a ajuda de projetistas que v\u00e3o te ajudar a conseguir o melhor aproveitamento do espa\u00e7o, com a m\u00e1xima funcionalidade. Venha nos visitar e comprove.<\/p>\n","protected":false},"excerpt":{"rendered":"<p>Na hora de mobiliar sua casa, a escolha por m\u00f3veis planejados pode fazer toda a diferen\u00e7a n\u00e3o apenas pela est\u00e9tica, mas tamb\u00e9m pela funcionalidade.&nbsp; Uma das maiores vantagens \u00e9 a capacidade de adaptar-se perfeitamente ao espa\u00e7o dispon\u00edvel, j\u00e1 que s\u00e3o desenvolvidos sob medida para atender \u00e0s necessidades espec\u00edficas de cada c\u00f4modo. Isso significa que at\u00e9 ambientes mais reduzidos podem ser utilizados de forma mais eficiente, garantindo um design pr\u00e1tico e harmonioso. Mas como escolher os m\u00f3veis planejados para a sua casa? Diferentes materiais, estilos, formatos e funcionalidades est\u00e3o dispon\u00edveis no mercado. O gosto pessoal de cada um e as configura\u00e7\u00f5es dos espa\u00e7os de cada c\u00f4modo \u00e9 que v\u00e3o decidir o melhor caminho. Mas algumas tend\u00eancias est\u00e3o em alta. E vamos ajudar voc\u00ea a entender o que \u00e9 a melhor op\u00e7\u00e3o para a sua casa. &nbsp;Prefira materiais sustent\u00e1veis A busca pela sustentabilidade est\u00e1 definitivamente incorporada tamb\u00e9m ao universo da decora\u00e7\u00e3o e do design. M\u00f3veis planejados feitos com materiais ecol\u00f3gicos, como madeira natural, de texturas diferenciadas e tecidos incorporados, especialmente em \u00e1reas que precisam maior comodidade como o quarto e a sala de estar, s\u00e3o \u00f3timas op\u00e7\u00f5es para dar um toque de eleg\u00e2ncia e sofistica\u00e7\u00e3o ao mesmo tempo proporcionar o conforto que voc\u00ea merece. Uma cor para cada estilo Cores terrosas, tons que remetem \u00e0 natureza, s\u00e3o a pedida do momento. Varia\u00e7\u00f5es de verde e marrom, combinados com madeiras de veios marcados, s\u00e3o ideais para projetos que proporcionam ambientes acolhedores e atemporais. J\u00e1 para quem prefere um estilo mais sofisticado, o azul petr\u00f3leo \u00e9 uma op\u00e7\u00e3o bem indicada, combinados com tons neutros como branco, areia e cinza. &nbsp;Aposte nas linhas curvas O design com linhas curvas, atemporal, est\u00e1 entre as tend\u00eancias que marcam esse momento. M\u00f3veis desse formato proporcionam melhor aproveitamento do espa\u00e7o, facilidade de circula\u00e7\u00e3o e conferem, principalmente, uma percep\u00e7\u00e3o de modernidade e muita leveza visual ao ambiente. Invista em tecnologia Nos dias de hoje, controle \u00e0 dist\u00e2ncia diversas fun\u00e7\u00f5es na sua casa. E os m\u00f3veis planejados acompanham essa tend\u00eancia. Sistemas multifun\u00e7\u00f5es de ilumina\u00e7\u00e3o em LED, som embutido e aberturas automatizadas, que podem ser controlados por aplicativo asseguram praticidade e facilitam o seu dia a dia, criando espa\u00e7os personalizados e extremamente funcionais. Seja para o quarto, a sala, o escrit\u00f3rio, a cozinha ou o banheiro, m\u00f3veis planejados s\u00e3o sempre uma \u00f3tima op\u00e7\u00e3o. Aqui nas lojas do Shopping Interlar Interlagos voc\u00ea encontra m\u00f3veis que seguem as tend\u00eancias de decora\u00e7\u00e3o do momento, qualquer que seja o seu estilo. E conta com a ajuda de projetistas que v\u00e3o te ajudar a conseguir o melhor aproveitamento do espa\u00e7o, com a m\u00e1xima funcionalidade. Venha nos visitar e comprove.<\/p>\n","protected":false},"author":1,"featured_media":1695,"comment_status":"closed","ping_status":"closed","sticky":false,"template":"","format":"standard","meta":{"_monsterinsights_skip_tracking":false,"_monsterinsights_sitenote_active":false,"_monsterinsights_sitenote_note":"","_monsterinsights_sitenote_category":0,"footnotes":""},"categories":[21],"tags":[66,243,60,67],"class_list":["post-1690","post","type-post","status-publish","format-standard","has-post-thumbnail","hentry","category-dicas","tag-decoracao","tag-interlar-interlagos","tag-moveis-planejados","tag-tendencias"],"_links":{"self":[{"href":"https:\/\/www.interlarinterlagos.com.br\/blog\/wp-json\/wp\/v2\/posts\/1690","targetHints":{"allow":["GET"]}}],"collection":[{"href":"https:\/\/www.interlarinterlagos.com.br\/blog\/wp-json\/wp\/v2\/posts"}],"about":[{"href":"https:\/\/www.interlarinterlagos.com.br\/blog\/wp-json\/wp\/v2\/types\/post"}],"author":[{"embeddable":true,"href":"https:\/\/www.interlarinterlagos.com.br\/blog\/wp-json\/wp\/v2\/users\/1"}],"replies":[{"embeddable":true,"href":"https:\/\/www.interlarinterlagos.com.br\/blog\/wp-json\/wp\/v2\/comments?post=1690"}],"version-history":[{"count":5,"href":"https:\/\/www.interlarinterlagos.com.br\/blog\/wp-json\/wp\/v2\/posts\/1690\/revisions"}],"predecessor-version":[{"id":1715,"href":"https:\/\/www.interlarinterlagos.com.br\/blog\/wp-json\/wp\/v2\/posts\/1690\/revisions\/1715"}],"wp:featuredmedia":[{"embeddable":true,"href":"https:\/\/www.interlarinterlagos.com.br\/blog\/wp-json\/wp\/v2\/media\/1695"}],"wp:attachment":[{"href":"https:\/\/www.interlarinterlagos.com.br\/blog\/wp-json\/wp\/v2\/media?parent=1690"}],"wp:term":[{"taxonomy":"category","embeddable":true,"href":"https:\/\/www.interlarinterlagos.com.br\/blog\/wp-json\/wp\/v2\/categories?post=1690"},{"taxonomy":"post_tag","embeddable":true,"href":"https:\/\/www.interlarinterlagos.com.br\/blog\/wp-json\/wp\/v2\/tags?post=1690"}],"curies":[{"name":"wp","href":"https:\/\/api.w.org\/{rel}","templated":true}]}}