{"id":1660,"date":"2025-04-24T10:00:00","date_gmt":"2025-04-24T13:00:00","guid":{"rendered":"https:\/\/www.interlarinterlagos.com.br\/blog\/?p=1660"},"modified":"2025-06-18T09:02:01","modified_gmt":"2025-06-18T12:02:01","slug":"decoracao-escandinava-o-que-voce-precisa-saber-para-renovar-a-casa","status":"publish","type":"post","link":"https:\/\/www.interlarinterlagos.com.br\/blog\/2025\/04\/decoracao-escandinava-o-que-voce-precisa-saber-para-renovar-a-casa\/","title":{"rendered":"Decora\u00e7\u00e3o escandinava: o que voc\u00ea precisa saber para renovar a casa"},"content":{"rendered":"\n<p>A decora\u00e7\u00e3o escandinava, como o pr\u00f3prio nome revela, \u00e9 origin\u00e1ria dos pa\u00edses n\u00f3rdicos europeus como Finl\u00e2ndia, Su\u00e9cia, Dinamarca e Isl\u00e2ndia. Suas principais caracter\u00edsticas s\u00e3o a simplicidade, a funcionalidade e a beleza natural, o que tornou esse estilo uma tend\u00eancia cada vez mais viva no design mundial. Na decora\u00e7\u00e3o escandinava, cada elemento \u00e9 cuidadosamente escolhido para criar um ambiente acolhedor e harmonioso. A preocupa\u00e7\u00e3o com a est\u00e9tica est\u00e1 presente, mas o cuidado com o bem-estar e a qualidade de vida s\u00e3o a prioridade.<\/p>\n\n\n\n<p>Se voc\u00ea vai renovar a decora\u00e7\u00e3o de seu lar, inspirar-se no estilo escandinavo pode ser uma boa pedida. Veja aqui tudo o que voc\u00ea precisa saber sobre essa tend\u00eancia.<\/p>\n\n\n\n<figure class=\"wp-block-image size-large\"><img loading=\"lazy\" decoding=\"async\" width=\"1024\" height=\"683\" src=\"https:\/\/www.interlarinterlagos.com.br\/blog\/wp-content\/uploads\/2025\/04\/Decoracao-escandinava-tons-pasteis-1024x683.jpeg\" alt=\"\" class=\"wp-image-1661\" srcset=\"https:\/\/www.interlarinterlagos.com.br\/blog\/wp-content\/uploads\/2025\/04\/Decoracao-escandinava-tons-pasteis-1024x683.jpeg 1024w, https:\/\/www.interlarinterlagos.com.br\/blog\/wp-content\/uploads\/2025\/04\/Decoracao-escandinava-tons-pasteis-300x200.jpeg 300w, https:\/\/www.interlarinterlagos.com.br\/blog\/wp-content\/uploads\/2025\/04\/Decoracao-escandinava-tons-pasteis-768x512.jpeg 768w, https:\/\/www.interlarinterlagos.com.br\/blog\/wp-content\/uploads\/2025\/04\/Decoracao-escandinava-tons-pasteis-1536x1024.jpeg 1536w, https:\/\/www.interlarinterlagos.com.br\/blog\/wp-content\/uploads\/2025\/04\/Decoracao-escandinava-tons-pasteis-2048x1365.jpeg 2048w, https:\/\/www.interlarinterlagos.com.br\/blog\/wp-content\/uploads\/2025\/04\/Decoracao-escandinava-tons-pasteis-1140x760.jpeg 1140w\" sizes=\"auto, (max-width: 1024px) 100vw, 1024px\" \/><figcaption class=\"wp-element-caption\"><em>Imagem: Adobe Stock<\/em><\/figcaption><\/figure>\n\n\n\n<h2 class=\"wp-block-heading\"><strong>Caracter\u00edsticas de decora\u00e7\u00e3o escandinava<\/strong><\/h2>\n\n\n\n<p>O minimalismo \u00e9 o grande diferencial da decora\u00e7\u00e3o escandinava. Os espa\u00e7os de cada ambiente devem ser sempre organizados de forma simples, eliminando o excesso e focando no essencial. Nada de objetos e m\u00f3veis desnecess\u00e1rios. O uso de materiais naturais \u00e9 um elemento fundamental. A madeira clara \u00e9 frequentemente utilizada em m\u00f3veis, pisos e acabamentos, contribuindo para uma sensa\u00e7\u00e3o de calor e aconchego. L\u00e3, couro, algod\u00e3o, palha e linho s\u00e3o comuns em acess\u00f3rios, proporcionando mais conforto.<\/p>\n\n\n\n<figure class=\"wp-block-image size-large\"><img loading=\"lazy\" decoding=\"async\" width=\"1024\" height=\"701\" src=\"https:\/\/www.interlarinterlagos.com.br\/blog\/wp-content\/uploads\/2025\/04\/Decoracao-escandinava-materiais-naturais-1024x701.jpeg\" alt=\"\" class=\"wp-image-1662\" srcset=\"https:\/\/www.interlarinterlagos.com.br\/blog\/wp-content\/uploads\/2025\/04\/Decoracao-escandinava-materiais-naturais-1024x701.jpeg 1024w, https:\/\/www.interlarinterlagos.com.br\/blog\/wp-content\/uploads\/2025\/04\/Decoracao-escandinava-materiais-naturais-300x205.jpeg 300w, https:\/\/www.interlarinterlagos.com.br\/blog\/wp-content\/uploads\/2025\/04\/Decoracao-escandinava-materiais-naturais-768x525.jpeg 768w, https:\/\/www.interlarinterlagos.com.br\/blog\/wp-content\/uploads\/2025\/04\/Decoracao-escandinava-materiais-naturais-1536x1051.jpeg 1536w, https:\/\/www.interlarinterlagos.com.br\/blog\/wp-content\/uploads\/2025\/04\/Decoracao-escandinava-materiais-naturais-2048x1401.jpeg 2048w, https:\/\/www.interlarinterlagos.com.br\/blog\/wp-content\/uploads\/2025\/04\/Decoracao-escandinava-materiais-naturais-1140x780.jpeg 1140w\" sizes=\"auto, (max-width: 1024px) 100vw, 1024px\" \/><figcaption class=\"wp-element-caption\"><em>Imagem: Adobe Stock<\/em><\/figcaption><\/figure>\n\n\n\n<h2 class=\"wp-block-heading\"><strong>Cores e luzes na decora\u00e7\u00e3o escandinava<\/strong><\/h2>\n\n\n\n<p>A escolha das cores e da ilumina\u00e7\u00e3o em cada espa\u00e7o da casa \u00e9 outro ponto importante na decora\u00e7\u00e3o escandinava. A paleta de cores deve apostar na neutralidade, com tons de branco, cinza ou bege que ajudam a criar um ambiente claro e arejado, proporcionando uma sensa\u00e7\u00e3o de tranquilidade. \u00c9 permitido, contudo adicionar detalhes em cores suaves como azul, verde ou amarelo, para alegrar a decora\u00e7\u00e3o, sem comprometer a harmonia. Como os pa\u00edses n\u00f3rdicos os dias claros s\u00e3o mais curtos, a ilumina\u00e7\u00e3o artificial tamb\u00e9m \u00e9 destaque nesse estilo. Lumin\u00e1rias de design simples, l\u00e2mpadas pendentes e luz indireta s\u00e3o usadas para criar um ambiente acolhedor. Velas decorativas e arom\u00e1ticas tamb\u00e9m s\u00e3o bem-vindas.<\/p>\n\n\n\n<figure class=\"wp-block-image size-large\"><img loading=\"lazy\" decoding=\"async\" width=\"1024\" height=\"684\" src=\"https:\/\/www.interlarinterlagos.com.br\/blog\/wp-content\/uploads\/2025\/04\/Decoracao-escandinava-minimalismo-1024x684.jpeg\" alt=\"\" class=\"wp-image-1663\" srcset=\"https:\/\/www.interlarinterlagos.com.br\/blog\/wp-content\/uploads\/2025\/04\/Decoracao-escandinava-minimalismo-1024x684.jpeg 1024w, https:\/\/www.interlarinterlagos.com.br\/blog\/wp-content\/uploads\/2025\/04\/Decoracao-escandinava-minimalismo-300x200.jpeg 300w, https:\/\/www.interlarinterlagos.com.br\/blog\/wp-content\/uploads\/2025\/04\/Decoracao-escandinava-minimalismo-768x513.jpeg 768w, https:\/\/www.interlarinterlagos.com.br\/blog\/wp-content\/uploads\/2025\/04\/Decoracao-escandinava-minimalismo-1536x1025.jpeg 1536w, https:\/\/www.interlarinterlagos.com.br\/blog\/wp-content\/uploads\/2025\/04\/Decoracao-escandinava-minimalismo-2048x1367.jpeg 2048w, https:\/\/www.interlarinterlagos.com.br\/blog\/wp-content\/uploads\/2025\/04\/Decoracao-escandinava-minimalismo-1140x761.jpeg 1140w\" sizes=\"auto, (max-width: 1024px) 100vw, 1024px\" \/><figcaption class=\"wp-element-caption\"><em>Imagem: Adobe Stock<\/em><\/figcaption><\/figure>\n\n\n\n<h2 class=\"wp-block-heading\"><strong>Como usar a decora\u00e7\u00e3o escandinava na sua casa<\/strong><\/h2>\n\n\n\n<p>Lembre-se que a funcionalidade \u00e9 prioridade na decora\u00e7\u00e3o escandinava. Para incorporar esse estilo na sua casa, invista em m\u00f3veis multifuncionais, como camas e sof\u00e1s com espa\u00e7o de armazenamento, mesas de centro com prateleiras, arm\u00e1rios planejados de acordo com as suas necessidades que v\u00e3o maximizar o uso do espa\u00e7o, seja no quarto, na cozinha, banheiro ou sala de estar. Pe\u00e7as de design simples, claras e de linhas retas ou circulares, sem ornamentos, s\u00e3o indicadas. Pinte as paredes de cores neutras e use e abuse de elementos naturais, como plantas,<\/p>\n\n\n\n<p>Viu como a decora\u00e7\u00e3o escandinava pode dar um toque a mais de funcionalidade e conforto a sua casa? Se voc\u00ea vai se mudar ou quer renovar a decora\u00e7\u00e3o, n\u00e3o perca tempo. <a href=\"https:\/\/www.interlarinterlagos.com.br\/busca-lojas.php\">O Shopping Interlar Interlagos<\/a> \u00e9 o lugar certo para voc\u00ea.<\/p>\n","protected":false},"excerpt":{"rendered":"<p>A decora\u00e7\u00e3o escandinava, como o pr\u00f3prio nome revela, \u00e9 origin\u00e1ria dos pa\u00edses n\u00f3rdicos europeus como Finl\u00e2ndia, Su\u00e9cia, Dinamarca e Isl\u00e2ndia. Suas principais caracter\u00edsticas s\u00e3o a simplicidade, a funcionalidade e a beleza natural, o que tornou esse estilo uma tend\u00eancia cada vez mais viva no design mundial. Na decora\u00e7\u00e3o escandinava, cada elemento \u00e9 cuidadosamente escolhido para criar um ambiente acolhedor e harmonioso. A preocupa\u00e7\u00e3o com a est\u00e9tica est\u00e1 presente, mas o cuidado com o bem-estar e a qualidade de vida s\u00e3o a prioridade. Se voc\u00ea vai renovar a decora\u00e7\u00e3o de seu lar, inspirar-se no estilo escandinavo pode ser uma boa pedida. Veja aqui tudo o que voc\u00ea precisa saber sobre essa tend\u00eancia. Caracter\u00edsticas de decora\u00e7\u00e3o escandinava O minimalismo \u00e9 o grande diferencial da decora\u00e7\u00e3o escandinava. Os espa\u00e7os de cada ambiente devem ser sempre organizados de forma simples, eliminando o excesso e focando no essencial. Nada de objetos e m\u00f3veis desnecess\u00e1rios. O uso de materiais naturais \u00e9 um elemento fundamental. A madeira clara \u00e9 frequentemente utilizada em m\u00f3veis, pisos e acabamentos, contribuindo para uma sensa\u00e7\u00e3o de calor e aconchego. L\u00e3, couro, algod\u00e3o, palha e linho s\u00e3o comuns em acess\u00f3rios, proporcionando mais conforto. Cores e luzes na decora\u00e7\u00e3o escandinava A escolha das cores e da ilumina\u00e7\u00e3o em cada espa\u00e7o da casa \u00e9 outro ponto importante na decora\u00e7\u00e3o escandinava. A paleta de cores deve apostar na neutralidade, com tons de branco, cinza ou bege que ajudam a criar um ambiente claro e arejado, proporcionando uma sensa\u00e7\u00e3o de tranquilidade. \u00c9 permitido, contudo adicionar detalhes em cores suaves como azul, verde ou amarelo, para alegrar a decora\u00e7\u00e3o, sem comprometer a harmonia. Como os pa\u00edses n\u00f3rdicos os dias claros s\u00e3o mais curtos, a ilumina\u00e7\u00e3o artificial tamb\u00e9m \u00e9 destaque nesse estilo. Lumin\u00e1rias de design simples, l\u00e2mpadas pendentes e luz indireta s\u00e3o usadas para criar um ambiente acolhedor. Velas decorativas e arom\u00e1ticas tamb\u00e9m s\u00e3o bem-vindas. Como usar a decora\u00e7\u00e3o escandinava na sua casa Lembre-se que a funcionalidade \u00e9 prioridade na decora\u00e7\u00e3o escandinava. Para incorporar esse estilo na sua casa, invista em m\u00f3veis multifuncionais, como camas e sof\u00e1s com espa\u00e7o de armazenamento, mesas de centro com prateleiras, arm\u00e1rios planejados de acordo com as suas necessidades que v\u00e3o maximizar o uso do espa\u00e7o, seja no quarto, na cozinha, banheiro ou sala de estar. Pe\u00e7as de design simples, claras e de linhas retas ou circulares, sem ornamentos, s\u00e3o indicadas. Pinte as paredes de cores neutras e use e abuse de elementos naturais, como plantas, Viu como a decora\u00e7\u00e3o escandinava pode dar um toque a mais de funcionalidade e conforto a sua casa? Se voc\u00ea vai se mudar ou quer renovar a decora\u00e7\u00e3o, n\u00e3o perca tempo. O Shopping Interlar Interlagos \u00e9 o lugar certo para voc\u00ea.<\/p>\n","protected":false},"author":1,"featured_media":1664,"comment_status":"closed","ping_status":"closed","sticky":false,"template":"","format":"standard","meta":{"_monsterinsights_skip_tracking":false,"_monsterinsights_sitenote_active":false,"_monsterinsights_sitenote_note":"","_monsterinsights_sitenote_category":0,"footnotes":""},"categories":[21],"tags":[395,394,230,243,102,368],"class_list":["post-1660","post","type-post","status-publish","format-standard","has-post-thumbnail","hentry","category-dicas","tag-decoracao-escandinava","tag-design-minimalista","tag-dicas-de-decoracao","tag-interlar-interlagos","tag-moveis","tag-moveis-multifuncionais"],"_links":{"self":[{"href":"https:\/\/www.interlarinterlagos.com.br\/blog\/wp-json\/wp\/v2\/posts\/1660","targetHints":{"allow":["GET"]}}],"collection":[{"href":"https:\/\/www.interlarinterlagos.com.br\/blog\/wp-json\/wp\/v2\/posts"}],"about":[{"href":"https:\/\/www.interlarinterlagos.com.br\/blog\/wp-json\/wp\/v2\/types\/post"}],"author":[{"embeddable":true,"href":"https:\/\/www.interlarinterlagos.com.br\/blog\/wp-json\/wp\/v2\/users\/1"}],"replies":[{"embeddable":true,"href":"https:\/\/www.interlarinterlagos.com.br\/blog\/wp-json\/wp\/v2\/comments?post=1660"}],"version-history":[{"count":2,"href":"https:\/\/www.interlarinterlagos.com.br\/blog\/wp-json\/wp\/v2\/posts\/1660\/revisions"}],"predecessor-version":[{"id":1666,"href":"https:\/\/www.interlarinterlagos.com.br\/blog\/wp-json\/wp\/v2\/posts\/1660\/revisions\/1666"}],"wp:featuredmedia":[{"embeddable":true,"href":"https:\/\/www.interlarinterlagos.com.br\/blog\/wp-json\/wp\/v2\/media\/1664"}],"wp:attachment":[{"href":"https:\/\/www.interlarinterlagos.com.br\/blog\/wp-json\/wp\/v2\/media?parent=1660"}],"wp:term":[{"taxonomy":"category","embeddable":true,"href":"https:\/\/www.interlarinterlagos.com.br\/blog\/wp-json\/wp\/v2\/categories?post=1660"},{"taxonomy":"post_tag","embeddable":true,"href":"https:\/\/www.interlarinterlagos.com.br\/blog\/wp-json\/wp\/v2\/tags?post=1660"}],"curies":[{"name":"wp","href":"https:\/\/api.w.org\/{rel}","templated":true}]}}