{"id":1654,"date":"2025-04-10T09:00:00","date_gmt":"2025-04-10T12:00:00","guid":{"rendered":"https:\/\/www.interlarinterlagos.com.br\/blog\/?p=1654"},"modified":"2025-06-18T09:02:01","modified_gmt":"2025-06-18T12:02:01","slug":"moveis-para-facilitar-a-circulacao-de-luz-natural-e-de-ar-em-seu-lar","status":"publish","type":"post","link":"https:\/\/www.interlarinterlagos.com.br\/blog\/2025\/04\/moveis-para-facilitar-a-circulacao-de-luz-natural-e-de-ar-em-seu-lar\/","title":{"rendered":"M\u00f3veis para facilitar a circula\u00e7\u00e3o de luz natural e de ar em seu lar"},"content":{"rendered":"\n<p>Viver em uma casa mais iluminada e arejada proporciona dias de conforto e harmonia. A escolha dos m\u00f3veis desempenha um papel fundamental para manter cada ambiente ainda mais agrad\u00e1vel. E voc\u00ea sabia que existem tipos de m\u00f3veis que podem auxiliar na entrada de luz natural e melhorar a circula\u00e7\u00e3o de ar, criando um espa\u00e7o mais convidativo para voc\u00ea, seus amigos e familiares?<\/p>\n\n\n\n<p>Pensando nisso, separamos dicas de m\u00f3veis que podem transformar sua casa, otimizando a claridade e o fluxo de ar em todos os ambientes. Quer saber mais? Vem com a gente e confira tr\u00eas dicas que separamos para voc\u00ea incluir em sua casa, trazendo mais leveza, frescor e luminosidade.<\/p>\n\n\n\n<figure class=\"wp-block-image size-large\"><img loading=\"lazy\" decoding=\"async\" width=\"1024\" height=\"683\" src=\"https:\/\/www.interlarinterlagos.com.br\/blog\/wp-content\/uploads\/2025\/04\/Mesa-de-Vidro-min-1024x683.jpeg\" alt=\"\" class=\"wp-image-1655\" srcset=\"https:\/\/www.interlarinterlagos.com.br\/blog\/wp-content\/uploads\/2025\/04\/Mesa-de-Vidro-min-1024x683.jpeg 1024w, https:\/\/www.interlarinterlagos.com.br\/blog\/wp-content\/uploads\/2025\/04\/Mesa-de-Vidro-min-300x200.jpeg 300w, https:\/\/www.interlarinterlagos.com.br\/blog\/wp-content\/uploads\/2025\/04\/Mesa-de-Vidro-min-768x512.jpeg 768w, https:\/\/www.interlarinterlagos.com.br\/blog\/wp-content\/uploads\/2025\/04\/Mesa-de-Vidro-min-1536x1024.jpeg 1536w, https:\/\/www.interlarinterlagos.com.br\/blog\/wp-content\/uploads\/2025\/04\/Mesa-de-Vidro-min-2048x1365.jpeg 2048w, https:\/\/www.interlarinterlagos.com.br\/blog\/wp-content\/uploads\/2025\/04\/Mesa-de-Vidro-min-1140x760.jpeg 1140w\" sizes=\"auto, (max-width: 1024px) 100vw, 1024px\" \/><figcaption class=\"wp-element-caption\"><em>Imagem: Adobe Stock<\/em><\/figcaption><\/figure>\n\n\n\n<h2 class=\"wp-block-heading\"><strong>Mesas de vidro<\/strong><\/h2>\n\n\n\n<p>As mesas de vidro s\u00e3o \u00f3timas alternativas para quem deseja um ambiente mais iluminado. O principal benef\u00edcio desses m\u00f3veis \u00e9 a transpar\u00eancia, que permite a passagem da luminosidade sem criar barreiras f\u00edsicas, melhorando a distribui\u00e7\u00e3o da luz natural e minimizando a forma\u00e7\u00e3o de sombras, iluminando o c\u00f4modo de maneira uniforme.<\/p>\n\n\n\n<p>Al\u00e9m disso, elas proporcionam a sensa\u00e7\u00e3o de ocupar menos espa\u00e7o visualmente, contribuindo para a amplitude do ambiente. Por ser um material mais leve, se comparado a outros tipos usados na fabrica\u00e7\u00e3o de mesas, as mesas de vidro tamb\u00e9m ajudam a evitar o efeito de abafamento, tornando o ambiente mais leve e agrad\u00e1vel.<\/p>\n\n\n\n<figure class=\"wp-block-image size-large\"><img loading=\"lazy\" decoding=\"async\" width=\"1024\" height=\"683\" src=\"https:\/\/www.interlarinterlagos.com.br\/blog\/wp-content\/uploads\/2025\/04\/Estantes-vazadas-min-1024x683.jpeg\" alt=\"\" class=\"wp-image-1656\" srcset=\"https:\/\/www.interlarinterlagos.com.br\/blog\/wp-content\/uploads\/2025\/04\/Estantes-vazadas-min-1024x683.jpeg 1024w, https:\/\/www.interlarinterlagos.com.br\/blog\/wp-content\/uploads\/2025\/04\/Estantes-vazadas-min-300x200.jpeg 300w, https:\/\/www.interlarinterlagos.com.br\/blog\/wp-content\/uploads\/2025\/04\/Estantes-vazadas-min-768x512.jpeg 768w, https:\/\/www.interlarinterlagos.com.br\/blog\/wp-content\/uploads\/2025\/04\/Estantes-vazadas-min-1536x1024.jpeg 1536w, https:\/\/www.interlarinterlagos.com.br\/blog\/wp-content\/uploads\/2025\/04\/Estantes-vazadas-min-2048x1365.jpeg 2048w, https:\/\/www.interlarinterlagos.com.br\/blog\/wp-content\/uploads\/2025\/04\/Estantes-vazadas-min-1140x760.jpeg 1140w\" sizes=\"auto, (max-width: 1024px) 100vw, 1024px\" \/><figcaption class=\"wp-element-caption\"><em>Imagem: Adobe Stock<\/em><\/figcaption><\/figure>\n\n\n\n<h2 class=\"wp-block-heading\"><strong>Estantes e arm\u00e1rios vazados<\/strong><\/h2>\n\n\n\n<p>As estantes e arm\u00e1rios vazados permitem que a luz e o ar fluam livremente, tornando o ambiente mais arejado e luminoso em c\u00f4modos como a cozinha, quartos, salas. A principal vantagem \u00e9 que, sem barreiras s\u00f3lidas, esses elementos garantem que a luz natural se espalhe por todos os cantos do espa\u00e7o, criando um ambiente mais harm\u00f4nico.<\/p>\n\n\n\n<p>Al\u00e9m disso, esses m\u00f3veis promovem uma excelente circula\u00e7\u00e3o de ar, por conta de sua estrutura aberta, sem obstru\u00e7\u00f5es. Isso contribui para proporcionar um clima mais fresco em todos os espa\u00e7os, do quarto \u00e0 cozinha, melhorando o conforto t\u00e9rmico.<\/p>\n\n\n\n<figure class=\"wp-block-image size-large\"><img loading=\"lazy\" decoding=\"async\" width=\"1024\" height=\"675\" src=\"https:\/\/www.interlarinterlagos.com.br\/blog\/wp-content\/uploads\/2025\/04\/Moveis-baixos-min-1024x675.jpeg\" alt=\"\" class=\"wp-image-1658\" srcset=\"https:\/\/www.interlarinterlagos.com.br\/blog\/wp-content\/uploads\/2025\/04\/Moveis-baixos-min-1024x675.jpeg 1024w, https:\/\/www.interlarinterlagos.com.br\/blog\/wp-content\/uploads\/2025\/04\/Moveis-baixos-min-300x198.jpeg 300w, https:\/\/www.interlarinterlagos.com.br\/blog\/wp-content\/uploads\/2025\/04\/Moveis-baixos-min-768x506.jpeg 768w, https:\/\/www.interlarinterlagos.com.br\/blog\/wp-content\/uploads\/2025\/04\/Moveis-baixos-min-1536x1012.jpeg 1536w, https:\/\/www.interlarinterlagos.com.br\/blog\/wp-content\/uploads\/2025\/04\/Moveis-baixos-min-2048x1349.jpeg 2048w, https:\/\/www.interlarinterlagos.com.br\/blog\/wp-content\/uploads\/2025\/04\/Moveis-baixos-min-1140x751.jpeg 1140w, https:\/\/www.interlarinterlagos.com.br\/blog\/wp-content\/uploads\/2025\/04\/Moveis-baixos-min-500x330.jpeg 500w\" sizes=\"auto, (max-width: 1024px) 100vw, 1024px\" \/><figcaption class=\"wp-element-caption\"><em>Imagem: Adobe Stock<\/em><\/figcaption><\/figure>\n\n\n\n<h2 class=\"wp-block-heading\"><strong>M\u00f3veis rebaixados<\/strong><\/h2>\n\n\n\n<p>A escolha de m\u00f3veis baixos, especialmente pr\u00f3ximo \u00e0s janelas, \u00e9 uma excelente op\u00e7\u00e3o para maximizar a entrada de luz natural e facilitar a circula\u00e7\u00e3o de ar. M\u00f3veis como mesas de centro, bancos, aparadores e meia-estantes permitem que a luminosidade se espalhe mais diretamente pelo ambiente, especialmente em c\u00f4modos como salas e quartos.<\/p>\n\n\n\n<p>Al\u00e9m disso, por ocuparem menos espa\u00e7o vertical, esses m\u00f3veis n\u00e3o bloqueiam a passagem do ar, permitindo que a ventila\u00e7\u00e3o circule de forma mais eficiente entre as aberturas (janelas e portas), formando uma corrente de ar natural, essencial para manter o ambiente fresco e evitar a sensa\u00e7\u00e3o de abafamento.<\/p>\n\n\n\n<p>E a\u00ed, gostou das dicas que preparamos para voc\u00ea!? Aproveite e venha nos visitar! <a href=\"https:\/\/www.interlarinterlagos.com.br\/busca-lojas.php\">As lojas e projetistas do Interlar Interlagos&nbsp;<\/a>est\u00e3o preparados para te auxiliar na escolha dos melhores m\u00f3veis para tornar seu lar ainda mais fresco e iluminado. Estamos esperamos por voc\u00ea!<\/p>\n","protected":false},"excerpt":{"rendered":"<p>Viver em uma casa mais iluminada e arejada proporciona dias de conforto e harmonia. A escolha dos m\u00f3veis desempenha um papel fundamental para manter cada ambiente ainda mais agrad\u00e1vel. E voc\u00ea sabia que existem tipos de m\u00f3veis que podem auxiliar na entrada de luz natural e melhorar a circula\u00e7\u00e3o de ar, criando um espa\u00e7o mais convidativo para voc\u00ea, seus amigos e familiares? Pensando nisso, separamos dicas de m\u00f3veis que podem transformar sua casa, otimizando a claridade e o fluxo de ar em todos os ambientes. Quer saber mais? Vem com a gente e confira tr\u00eas dicas que separamos para voc\u00ea incluir em sua casa, trazendo mais leveza, frescor e luminosidade. Mesas de vidro As mesas de vidro s\u00e3o \u00f3timas alternativas para quem deseja um ambiente mais iluminado. O principal benef\u00edcio desses m\u00f3veis \u00e9 a transpar\u00eancia, que permite a passagem da luminosidade sem criar barreiras f\u00edsicas, melhorando a distribui\u00e7\u00e3o da luz natural e minimizando a forma\u00e7\u00e3o de sombras, iluminando o c\u00f4modo de maneira uniforme. Al\u00e9m disso, elas proporcionam a sensa\u00e7\u00e3o de ocupar menos espa\u00e7o visualmente, contribuindo para a amplitude do ambiente. Por ser um material mais leve, se comparado a outros tipos usados na fabrica\u00e7\u00e3o de mesas, as mesas de vidro tamb\u00e9m ajudam a evitar o efeito de abafamento, tornando o ambiente mais leve e agrad\u00e1vel. Estantes e arm\u00e1rios vazados As estantes e arm\u00e1rios vazados permitem que a luz e o ar fluam livremente, tornando o ambiente mais arejado e luminoso em c\u00f4modos como a cozinha, quartos, salas. A principal vantagem \u00e9 que, sem barreiras s\u00f3lidas, esses elementos garantem que a luz natural se espalhe por todos os cantos do espa\u00e7o, criando um ambiente mais harm\u00f4nico. Al\u00e9m disso, esses m\u00f3veis promovem uma excelente circula\u00e7\u00e3o de ar, por conta de sua estrutura aberta, sem obstru\u00e7\u00f5es. Isso contribui para proporcionar um clima mais fresco em todos os espa\u00e7os, do quarto \u00e0 cozinha, melhorando o conforto t\u00e9rmico. M\u00f3veis rebaixados A escolha de m\u00f3veis baixos, especialmente pr\u00f3ximo \u00e0s janelas, \u00e9 uma excelente op\u00e7\u00e3o para maximizar a entrada de luz natural e facilitar a circula\u00e7\u00e3o de ar. M\u00f3veis como mesas de centro, bancos, aparadores e meia-estantes permitem que a luminosidade se espalhe mais diretamente pelo ambiente, especialmente em c\u00f4modos como salas e quartos. Al\u00e9m disso, por ocuparem menos espa\u00e7o vertical, esses m\u00f3veis n\u00e3o bloqueiam a passagem do ar, permitindo que a ventila\u00e7\u00e3o circule de forma mais eficiente entre as aberturas (janelas e portas), formando uma corrente de ar natural, essencial para manter o ambiente fresco e evitar a sensa\u00e7\u00e3o de abafamento. E a\u00ed, gostou das dicas que preparamos para voc\u00ea!? Aproveite e venha nos visitar! As lojas e projetistas do Interlar Interlagos&nbsp;est\u00e3o preparados para te auxiliar na escolha dos melhores m\u00f3veis para tornar seu lar ainda mais fresco e iluminado. Estamos esperamos por voc\u00ea!<\/p>\n","protected":false},"author":1,"featured_media":1657,"comment_status":"closed","ping_status":"closed","sticky":false,"template":"","format":"standard","meta":{"_monsterinsights_skip_tracking":false,"_monsterinsights_sitenote_active":false,"_monsterinsights_sitenote_note":"","_monsterinsights_sitenote_category":0,"footnotes":""},"categories":[21],"tags":[393,390,345,389,392,388,391,102],"class_list":["post-1654","post","type-post","status-publish","format-standard","has-post-thumbnail","hentry","category-dicas","tag-ambiente-iluminado","tag-circulacao-de-ar","tag-dicas-de-moveis","tag-estantes-vazadas","tag-frescor","tag-luz-natural","tag-mesas-de-vidro","tag-moveis"],"_links":{"self":[{"href":"https:\/\/www.interlarinterlagos.com.br\/blog\/wp-json\/wp\/v2\/posts\/1654","targetHints":{"allow":["GET"]}}],"collection":[{"href":"https:\/\/www.interlarinterlagos.com.br\/blog\/wp-json\/wp\/v2\/posts"}],"about":[{"href":"https:\/\/www.interlarinterlagos.com.br\/blog\/wp-json\/wp\/v2\/types\/post"}],"author":[{"embeddable":true,"href":"https:\/\/www.interlarinterlagos.com.br\/blog\/wp-json\/wp\/v2\/users\/1"}],"replies":[{"embeddable":true,"href":"https:\/\/www.interlarinterlagos.com.br\/blog\/wp-json\/wp\/v2\/comments?post=1654"}],"version-history":[{"count":1,"href":"https:\/\/www.interlarinterlagos.com.br\/blog\/wp-json\/wp\/v2\/posts\/1654\/revisions"}],"predecessor-version":[{"id":1659,"href":"https:\/\/www.interlarinterlagos.com.br\/blog\/wp-json\/wp\/v2\/posts\/1654\/revisions\/1659"}],"wp:featuredmedia":[{"embeddable":true,"href":"https:\/\/www.interlarinterlagos.com.br\/blog\/wp-json\/wp\/v2\/media\/1657"}],"wp:attachment":[{"href":"https:\/\/www.interlarinterlagos.com.br\/blog\/wp-json\/wp\/v2\/media?parent=1654"}],"wp:term":[{"taxonomy":"category","embeddable":true,"href":"https:\/\/www.interlarinterlagos.com.br\/blog\/wp-json\/wp\/v2\/categories?post=1654"},{"taxonomy":"post_tag","embeddable":true,"href":"https:\/\/www.interlarinterlagos.com.br\/blog\/wp-json\/wp\/v2\/tags?post=1654"}],"curies":[{"name":"wp","href":"https:\/\/api.w.org\/{rel}","templated":true}]}}