{"id":1505,"date":"2024-10-24T09:00:00","date_gmt":"2024-10-24T12:00:00","guid":{"rendered":"https:\/\/www.interlarinterlagos.com.br\/blog\/?p=1505"},"modified":"2025-06-18T09:02:04","modified_gmt":"2025-06-18T12:02:04","slug":"quarto-modulado-confira-nossas-dicas-de-moveis-e-decoracao","status":"publish","type":"post","link":"https:\/\/www.interlarinterlagos.com.br\/blog\/2024\/10\/quarto-modulado-confira-nossas-dicas-de-moveis-e-decoracao\/","title":{"rendered":"Quarto modulado: confira nossas dicas de m\u00f3veis e decora\u00e7\u00e3o"},"content":{"rendered":"\n<p>Os quartos modulados v\u00eam ganhando cada vez mais espa\u00e7o nos lares brasileiros. Com a versatilidade e a funcionalidade que oferecem, eles se adaptam a diferentes estilos, tamanhos de im\u00f3veis e necessidades das fam\u00edlias. Se voc\u00ea vai construir ou reformar a sua casa, essa \u00e9 uma \u00f3tima op\u00e7\u00e3o a ser considerada. Por isso, preparamos aqui dicas de m\u00f3veis e decora\u00e7\u00e3o para voc\u00ea arrasar na cria\u00e7\u00e3o do seu quarto modulado!<\/p>\n\n\n\n<figure class=\"wp-block-image size-large\"><img loading=\"lazy\" decoding=\"async\" width=\"1024\" height=\"683\" src=\"https:\/\/www.interlarinterlagos.com.br\/blog\/wp-content\/uploads\/2024\/10\/O-que-e-um-quarto-modulado-min-1024x683.jpeg\" alt=\"\" class=\"wp-image-1523\" srcset=\"https:\/\/www.interlarinterlagos.com.br\/blog\/wp-content\/uploads\/2024\/10\/O-que-e-um-quarto-modulado-min-1024x683.jpeg 1024w, https:\/\/www.interlarinterlagos.com.br\/blog\/wp-content\/uploads\/2024\/10\/O-que-e-um-quarto-modulado-min-300x200.jpeg 300w, https:\/\/www.interlarinterlagos.com.br\/blog\/wp-content\/uploads\/2024\/10\/O-que-e-um-quarto-modulado-min-768x512.jpeg 768w, https:\/\/www.interlarinterlagos.com.br\/blog\/wp-content\/uploads\/2024\/10\/O-que-e-um-quarto-modulado-min-1536x1024.jpeg 1536w, https:\/\/www.interlarinterlagos.com.br\/blog\/wp-content\/uploads\/2024\/10\/O-que-e-um-quarto-modulado-min-2048x1366.jpeg 2048w, https:\/\/www.interlarinterlagos.com.br\/blog\/wp-content\/uploads\/2024\/10\/O-que-e-um-quarto-modulado-min-1140x760.jpeg 1140w\" sizes=\"auto, (max-width: 1024px) 100vw, 1024px\" \/><figcaption class=\"wp-element-caption\"><em>Imagem: Adobe Stock<\/em><\/figcaption><\/figure>\n\n\n\n<h2 class=\"wp-block-heading\"><a><\/a><strong>O que \u00e9 um Quarto Modulado?<\/strong><\/h2>\n\n\n\n<p>Um quarto modulado \u00e9 aquele que utiliza m\u00f3veis planejados que podem ser adaptados e personalizados de acordo com o espa\u00e7o dispon\u00edvel e o gosto do morador. \u00c9 uma excelente op\u00e7\u00e3o para maximizar o uso do ambiente e otimizar a organiza\u00e7\u00e3o.<\/p>\n\n\n\n<h2 class=\"wp-block-heading\"><a><\/a><strong>Vantagens dos m\u00f3veis modulados<\/strong><\/h2>\n\n\n\n<p>Os m\u00f3veis modulados s\u00e3o vantajosos por se adaptarem a diferentes espa\u00e7os e estilos de vida. Al\u00e9m de fornecerem uma est\u00e9tica moderna, eles tamb\u00e9m podem ser rearranjados conforme sua necessidade, permitindo um quarto mais funcional.<\/p>\n\n\n\n<figure class=\"wp-block-image size-large\"><img loading=\"lazy\" decoding=\"async\" width=\"1024\" height=\"683\" src=\"https:\/\/www.interlarinterlagos.com.br\/blog\/wp-content\/uploads\/2024\/10\/Como-montar-um-quarto-modulado-min-1024x683.jpeg\" alt=\"\" class=\"wp-image-1524\" srcset=\"https:\/\/www.interlarinterlagos.com.br\/blog\/wp-content\/uploads\/2024\/10\/Como-montar-um-quarto-modulado-min-1024x683.jpeg 1024w, https:\/\/www.interlarinterlagos.com.br\/blog\/wp-content\/uploads\/2024\/10\/Como-montar-um-quarto-modulado-min-300x200.jpeg 300w, https:\/\/www.interlarinterlagos.com.br\/blog\/wp-content\/uploads\/2024\/10\/Como-montar-um-quarto-modulado-min-768x512.jpeg 768w, https:\/\/www.interlarinterlagos.com.br\/blog\/wp-content\/uploads\/2024\/10\/Como-montar-um-quarto-modulado-min-1536x1024.jpeg 1536w, https:\/\/www.interlarinterlagos.com.br\/blog\/wp-content\/uploads\/2024\/10\/Como-montar-um-quarto-modulado-min-2048x1365.jpeg 2048w, https:\/\/www.interlarinterlagos.com.br\/blog\/wp-content\/uploads\/2024\/10\/Como-montar-um-quarto-modulado-min-1140x760.jpeg 1140w\" sizes=\"auto, (max-width: 1024px) 100vw, 1024px\" \/><figcaption class=\"wp-element-caption\"><em>Imagem: Adobe Stock<\/em><\/figcaption><\/figure>\n\n\n\n<h2 class=\"wp-block-heading\"><strong>Como montar um quarto modulado<\/strong><\/h2>\n\n\n\n<p>Agora que voc\u00ea j\u00e1 sabe o que \u00e9 e as vantagens desse tipo de m\u00f3veis, veja aqui algumas dicas importantes para montar e decorar o seu quarto modulado.<\/p>\n\n\n\n<h2 class=\"wp-block-heading\"><strong>Prefira m\u00f3veis multifuncionais<\/strong><\/h2>\n\n\n\n<p>Camas com gavetas, mesas dobr\u00e1veis e estantes integradas s\u00e3o excelentes op\u00e7\u00f5es para quem busca aproveitar cada cent\u00edmetro do espa\u00e7o. Eles ajudam a manter o quarto organizado e pr\u00e1tico. M\u00f3veis modulados s\u00e3o excelentes para conseguir esse ambiente mais racionalizado.<a><\/a><\/p>\n\n\n\n<figure class=\"wp-block-image size-large\"><img loading=\"lazy\" decoding=\"async\" width=\"1024\" height=\"473\" src=\"https:\/\/www.interlarinterlagos.com.br\/blog\/wp-content\/uploads\/2024\/10\/Escolha-das-cores-para-quartos-modulados-min-1024x473.jpeg\" alt=\"\" class=\"wp-image-1525\" srcset=\"https:\/\/www.interlarinterlagos.com.br\/blog\/wp-content\/uploads\/2024\/10\/Escolha-das-cores-para-quartos-modulados-min-1024x473.jpeg 1024w, https:\/\/www.interlarinterlagos.com.br\/blog\/wp-content\/uploads\/2024\/10\/Escolha-das-cores-para-quartos-modulados-min-300x139.jpeg 300w, https:\/\/www.interlarinterlagos.com.br\/blog\/wp-content\/uploads\/2024\/10\/Escolha-das-cores-para-quartos-modulados-min-768x355.jpeg 768w, https:\/\/www.interlarinterlagos.com.br\/blog\/wp-content\/uploads\/2024\/10\/Escolha-das-cores-para-quartos-modulados-min-1536x709.jpeg 1536w, https:\/\/www.interlarinterlagos.com.br\/blog\/wp-content\/uploads\/2024\/10\/Escolha-das-cores-para-quartos-modulados-min-2048x946.jpeg 2048w, https:\/\/www.interlarinterlagos.com.br\/blog\/wp-content\/uploads\/2024\/10\/Escolha-das-cores-para-quartos-modulados-min-1140x526.jpeg 1140w\" sizes=\"auto, (max-width: 1024px) 100vw, 1024px\" \/><figcaption class=\"wp-element-caption\"><em>Imagem: Adobe Stock<\/em><\/figcaption><\/figure>\n\n\n\n<h2 class=\"wp-block-heading\"><strong>Escolha as cores certas<\/strong><\/h2>\n\n\n\n<p>A paleta de cores dos m\u00f3veis e do complemento da decora\u00e7\u00e3o \u00e9 fundamental na decora\u00e7\u00e3o do quarto modulado. Tons neutros podem ampliar o espa\u00e7o, enquanto cores mais vibrantes d\u00e3o um toque de personalidade.<\/p>\n\n\n\n<figure class=\"wp-block-image size-large\"><img loading=\"lazy\" decoding=\"async\" width=\"1024\" height=\"683\" src=\"https:\/\/www.interlarinterlagos.com.br\/blog\/wp-content\/uploads\/2024\/10\/Iluminacao-Quarto-modulado-min-1024x683.jpeg\" alt=\"\" class=\"wp-image-1529\" srcset=\"https:\/\/www.interlarinterlagos.com.br\/blog\/wp-content\/uploads\/2024\/10\/Iluminacao-Quarto-modulado-min-1024x683.jpeg 1024w, https:\/\/www.interlarinterlagos.com.br\/blog\/wp-content\/uploads\/2024\/10\/Iluminacao-Quarto-modulado-min-300x200.jpeg 300w, https:\/\/www.interlarinterlagos.com.br\/blog\/wp-content\/uploads\/2024\/10\/Iluminacao-Quarto-modulado-min-768x512.jpeg 768w, https:\/\/www.interlarinterlagos.com.br\/blog\/wp-content\/uploads\/2024\/10\/Iluminacao-Quarto-modulado-min-1536x1024.jpeg 1536w, https:\/\/www.interlarinterlagos.com.br\/blog\/wp-content\/uploads\/2024\/10\/Iluminacao-Quarto-modulado-min-2048x1365.jpeg 2048w, https:\/\/www.interlarinterlagos.com.br\/blog\/wp-content\/uploads\/2024\/10\/Iluminacao-Quarto-modulado-min-1140x760.jpeg 1140w\" sizes=\"auto, (max-width: 1024px) 100vw, 1024px\" \/><figcaption class=\"wp-element-caption\"><em>Imagem: Adobe Stock<\/em><\/figcaption><\/figure>\n\n\n\n<h2 class=\"wp-block-heading\"><strong>Capriche na Ilumina\u00e7\u00e3o<\/strong><\/h2>\n\n\n\n<p>A ilumina\u00e7\u00e3o adequada transforma qualquer ambiente. Para os quartos modulados, ter uma combina\u00e7\u00e3o de luz natural durante o dia e ilumina\u00e7\u00e3o indireta \u00e0 noite pode criar uma atmosfera aconchegante.<\/p>\n\n\n\n<figure class=\"wp-block-image size-large\"><img loading=\"lazy\" decoding=\"async\" width=\"1024\" height=\"574\" src=\"https:\/\/www.interlarinterlagos.com.br\/blog\/wp-content\/uploads\/2024\/10\/Acessorios-para-quartos-modulados-min-1024x574.jpeg\" alt=\"\" class=\"wp-image-1526\" srcset=\"https:\/\/www.interlarinterlagos.com.br\/blog\/wp-content\/uploads\/2024\/10\/Acessorios-para-quartos-modulados-min-1024x574.jpeg 1024w, https:\/\/www.interlarinterlagos.com.br\/blog\/wp-content\/uploads\/2024\/10\/Acessorios-para-quartos-modulados-min-300x168.jpeg 300w, https:\/\/www.interlarinterlagos.com.br\/blog\/wp-content\/uploads\/2024\/10\/Acessorios-para-quartos-modulados-min-768x430.jpeg 768w, https:\/\/www.interlarinterlagos.com.br\/blog\/wp-content\/uploads\/2024\/10\/Acessorios-para-quartos-modulados-min-1536x861.jpeg 1536w, https:\/\/www.interlarinterlagos.com.br\/blog\/wp-content\/uploads\/2024\/10\/Acessorios-para-quartos-modulados-min-2048x1148.jpeg 2048w, https:\/\/www.interlarinterlagos.com.br\/blog\/wp-content\/uploads\/2024\/10\/Acessorios-para-quartos-modulados-min-1140x639.jpeg 1140w\" sizes=\"auto, (max-width: 1024px) 100vw, 1024px\" \/><figcaption class=\"wp-element-caption\"><em>Imagem: Adobe Stock<\/em><\/figcaption><\/figure>\n\n\n\n<h2 class=\"wp-block-heading\"><a><\/a><a><\/a><strong>Personalize os assess\u00f3rios<\/strong><\/h2>\n\n\n\n<p>Use almofadas, quadros e cortinas para personalizar o ambiente. Acess\u00f3rios criam estilo e conforto, tornando o quarto um espa\u00e7o ainda mais acolhedor.<\/p>\n\n\n\n<figure class=\"wp-block-image size-large\"><img loading=\"lazy\" decoding=\"async\" width=\"1024\" height=\"512\" src=\"https:\/\/www.interlarinterlagos.com.br\/blog\/wp-content\/uploads\/2024\/10\/Organizacao-Quarto-modulado-min-1024x512.jpeg\" alt=\"\" class=\"wp-image-1530\" srcset=\"https:\/\/www.interlarinterlagos.com.br\/blog\/wp-content\/uploads\/2024\/10\/Organizacao-Quarto-modulado-min-1024x512.jpeg 1024w, https:\/\/www.interlarinterlagos.com.br\/blog\/wp-content\/uploads\/2024\/10\/Organizacao-Quarto-modulado-min-300x150.jpeg 300w, https:\/\/www.interlarinterlagos.com.br\/blog\/wp-content\/uploads\/2024\/10\/Organizacao-Quarto-modulado-min-768x384.jpeg 768w, https:\/\/www.interlarinterlagos.com.br\/blog\/wp-content\/uploads\/2024\/10\/Organizacao-Quarto-modulado-min-1536x768.jpeg 1536w, https:\/\/www.interlarinterlagos.com.br\/blog\/wp-content\/uploads\/2024\/10\/Organizacao-Quarto-modulado-min-2048x1024.jpeg 2048w, https:\/\/www.interlarinterlagos.com.br\/blog\/wp-content\/uploads\/2024\/10\/Organizacao-Quarto-modulado-min-1080x540.jpeg 1080w, https:\/\/www.interlarinterlagos.com.br\/blog\/wp-content\/uploads\/2024\/10\/Organizacao-Quarto-modulado-min-1140x570.jpeg 1140w\" sizes=\"auto, (max-width: 1024px) 100vw, 1024px\" \/><figcaption class=\"wp-element-caption\"><em>Imagem: Adobe Stock<\/em><\/figcaption><\/figure>\n\n\n\n<h2 class=\"wp-block-heading\"><a><\/a><strong>Organiza\u00e7\u00e3o \u00e9 fundamental<\/strong><\/h2>\n\n\n\n<p>Ter um quarto modulado tamb\u00e9m significa ter um espa\u00e7o bem organizado. Use caixas organizadoras e aproveite esses espa\u00e7os para guardar objetos que n\u00e3o s\u00e3o usados com frequ\u00eancia.<\/p>\n\n\n\n<figure class=\"wp-block-image size-large\"><img loading=\"lazy\" decoding=\"async\" width=\"1024\" height=\"675\" src=\"https:\/\/www.interlarinterlagos.com.br\/blog\/wp-content\/uploads\/2024\/10\/Escolha-um-profissional-especializado-Quarto-Modulado-min-1024x675.jpeg\" alt=\"\" class=\"wp-image-1527\" srcset=\"https:\/\/www.interlarinterlagos.com.br\/blog\/wp-content\/uploads\/2024\/10\/Escolha-um-profissional-especializado-Quarto-Modulado-min-1024x675.jpeg 1024w, https:\/\/www.interlarinterlagos.com.br\/blog\/wp-content\/uploads\/2024\/10\/Escolha-um-profissional-especializado-Quarto-Modulado-min-300x198.jpeg 300w, https:\/\/www.interlarinterlagos.com.br\/blog\/wp-content\/uploads\/2024\/10\/Escolha-um-profissional-especializado-Quarto-Modulado-min-768x506.jpeg 768w, https:\/\/www.interlarinterlagos.com.br\/blog\/wp-content\/uploads\/2024\/10\/Escolha-um-profissional-especializado-Quarto-Modulado-min-1536x1013.jpeg 1536w, https:\/\/www.interlarinterlagos.com.br\/blog\/wp-content\/uploads\/2024\/10\/Escolha-um-profissional-especializado-Quarto-Modulado-min-2048x1350.jpeg 2048w, https:\/\/www.interlarinterlagos.com.br\/blog\/wp-content\/uploads\/2024\/10\/Escolha-um-profissional-especializado-Quarto-Modulado-min-1140x752.jpeg 1140w, https:\/\/www.interlarinterlagos.com.br\/blog\/wp-content\/uploads\/2024\/10\/Escolha-um-profissional-especializado-Quarto-Modulado-min-500x330.jpeg 500w\" sizes=\"auto, (max-width: 1024px) 100vw, 1024px\" \/><figcaption class=\"wp-element-caption\"><em>Imagem: Adobe Stock<\/em><\/figcaption><\/figure>\n\n\n\n<h2 class=\"wp-block-heading\"><a><\/a><a><\/a><a><\/a><strong>Procure uma consultoria profissional<\/strong><\/h2>\n\n\n\n<p>Se voc\u00ea est\u00e1 disposto(a) a investir em m\u00f3veis modulados para otimizar seu espa\u00e7o nos quartos \u00e9 importante contar com a ajuda de um profissional. Aqui nas <a href=\"https:\/\/www.interlarinterlagos.com.br\/busca-lojas.php\">lojas de planejados do Shopping Interlar Interlagos<\/a>, voc\u00ea encontra diversas op\u00e7\u00f5es de m\u00f3veis para montar um quarto modulado de acordo com seu gosto, suas necessidades e expectativas. Siga essa tend\u00eancia que veio para ficar!<\/p>\n","protected":false},"excerpt":{"rendered":"<p>Os quartos modulados v\u00eam ganhando cada vez mais espa\u00e7o nos lares brasileiros. Com a versatilidade e a funcionalidade que oferecem, eles se adaptam a diferentes estilos, tamanhos de im\u00f3veis e necessidades das fam\u00edlias. Se voc\u00ea vai construir ou reformar a sua casa, essa \u00e9 uma \u00f3tima op\u00e7\u00e3o a ser considerada. Por isso, preparamos aqui dicas de m\u00f3veis e decora\u00e7\u00e3o para voc\u00ea arrasar na cria\u00e7\u00e3o do seu quarto modulado! O que \u00e9 um Quarto Modulado? Um quarto modulado \u00e9 aquele que utiliza m\u00f3veis planejados que podem ser adaptados e personalizados de acordo com o espa\u00e7o dispon\u00edvel e o gosto do morador. \u00c9 uma excelente op\u00e7\u00e3o para maximizar o uso do ambiente e otimizar a organiza\u00e7\u00e3o. Vantagens dos m\u00f3veis modulados Os m\u00f3veis modulados s\u00e3o vantajosos por se adaptarem a diferentes espa\u00e7os e estilos de vida. Al\u00e9m de fornecerem uma est\u00e9tica moderna, eles tamb\u00e9m podem ser rearranjados conforme sua necessidade, permitindo um quarto mais funcional. Como montar um quarto modulado Agora que voc\u00ea j\u00e1 sabe o que \u00e9 e as vantagens desse tipo de m\u00f3veis, veja aqui algumas dicas importantes para montar e decorar o seu quarto modulado. Prefira m\u00f3veis multifuncionais Camas com gavetas, mesas dobr\u00e1veis e estantes integradas s\u00e3o excelentes op\u00e7\u00f5es para quem busca aproveitar cada cent\u00edmetro do espa\u00e7o. Eles ajudam a manter o quarto organizado e pr\u00e1tico. M\u00f3veis modulados s\u00e3o excelentes para conseguir esse ambiente mais racionalizado. Escolha as cores certas A paleta de cores dos m\u00f3veis e do complemento da decora\u00e7\u00e3o \u00e9 fundamental na decora\u00e7\u00e3o do quarto modulado. Tons neutros podem ampliar o espa\u00e7o, enquanto cores mais vibrantes d\u00e3o um toque de personalidade. Capriche na Ilumina\u00e7\u00e3o A ilumina\u00e7\u00e3o adequada transforma qualquer ambiente. Para os quartos modulados, ter uma combina\u00e7\u00e3o de luz natural durante o dia e ilumina\u00e7\u00e3o indireta \u00e0 noite pode criar uma atmosfera aconchegante. Personalize os assess\u00f3rios Use almofadas, quadros e cortinas para personalizar o ambiente. Acess\u00f3rios criam estilo e conforto, tornando o quarto um espa\u00e7o ainda mais acolhedor. Organiza\u00e7\u00e3o \u00e9 fundamental Ter um quarto modulado tamb\u00e9m significa ter um espa\u00e7o bem organizado. Use caixas organizadoras e aproveite esses espa\u00e7os para guardar objetos que n\u00e3o s\u00e3o usados com frequ\u00eancia. Procure uma consultoria profissional Se voc\u00ea est\u00e1 disposto(a) a investir em m\u00f3veis modulados para otimizar seu espa\u00e7o nos quartos \u00e9 importante contar com a ajuda de um profissional. Aqui nas lojas de planejados do Shopping Interlar Interlagos, voc\u00ea encontra diversas op\u00e7\u00f5es de m\u00f3veis para montar um quarto modulado de acordo com seu gosto, suas necessidades e expectativas. Siga essa tend\u00eancia que veio para ficar!<\/p>\n","protected":false},"author":1,"featured_media":1531,"comment_status":"closed","ping_status":"closed","sticky":false,"template":"","format":"standard","meta":{"_monsterinsights_skip_tracking":false,"_monsterinsights_sitenote_active":false,"_monsterinsights_sitenote_note":"","_monsterinsights_sitenote_category":0,"footnotes":""},"categories":[10],"tags":[66,346,345,60,159,344],"class_list":["post-1505","post","type-post","status-publish","format-standard","has-post-thumbnail","hentry","category-quarto","tag-decoracao","tag-decoracao-de-quarto","tag-dicas-de-moveis","tag-moveis-planejados","tag-quarto","tag-quarto-modulado"],"_links":{"self":[{"href":"https:\/\/www.interlarinterlagos.com.br\/blog\/wp-json\/wp\/v2\/posts\/1505","targetHints":{"allow":["GET"]}}],"collection":[{"href":"https:\/\/www.interlarinterlagos.com.br\/blog\/wp-json\/wp\/v2\/posts"}],"about":[{"href":"https:\/\/www.interlarinterlagos.com.br\/blog\/wp-json\/wp\/v2\/types\/post"}],"author":[{"embeddable":true,"href":"https:\/\/www.interlarinterlagos.com.br\/blog\/wp-json\/wp\/v2\/users\/1"}],"replies":[{"embeddable":true,"href":"https:\/\/www.interlarinterlagos.com.br\/blog\/wp-json\/wp\/v2\/comments?post=1505"}],"version-history":[{"count":2,"href":"https:\/\/www.interlarinterlagos.com.br\/blog\/wp-json\/wp\/v2\/posts\/1505\/revisions"}],"predecessor-version":[{"id":1532,"href":"https:\/\/www.interlarinterlagos.com.br\/blog\/wp-json\/wp\/v2\/posts\/1505\/revisions\/1532"}],"wp:featuredmedia":[{"embeddable":true,"href":"https:\/\/www.interlarinterlagos.com.br\/blog\/wp-json\/wp\/v2\/media\/1531"}],"wp:attachment":[{"href":"https:\/\/www.interlarinterlagos.com.br\/blog\/wp-json\/wp\/v2\/media?parent=1505"}],"wp:term":[{"taxonomy":"category","embeddable":true,"href":"https:\/\/www.interlarinterlagos.com.br\/blog\/wp-json\/wp\/v2\/categories?post=1505"},{"taxonomy":"post_tag","embeddable":true,"href":"https:\/\/www.interlarinterlagos.com.br\/blog\/wp-json\/wp\/v2\/tags?post=1505"}],"curies":[{"name":"wp","href":"https:\/\/api.w.org\/{rel}","templated":true}]}}