{"id":1477,"date":"2024-09-12T09:00:00","date_gmt":"2024-09-12T12:00:00","guid":{"rendered":"https:\/\/www.interlarinterlagos.com.br\/blog\/?p=1477"},"modified":"2025-06-18T09:02:05","modified_gmt":"2025-06-18T12:02:05","slug":"pontos-de-cor-como-deixar-a-casa-colorida-com-muita-criatividade","status":"publish","type":"post","link":"https:\/\/www.interlarinterlagos.com.br\/blog\/2024\/09\/pontos-de-cor-como-deixar-a-casa-colorida-com-muita-criatividade\/","title":{"rendered":"Pontos de Cor: como deixar a casa colorida com muita criatividade"},"content":{"rendered":"\n<p>Se voc\u00ea est\u00e1 querendo dar uma animada no visual da sua casa, nada melhor do que investir em pontos de cor! Com algumas dicas de acess\u00f3rios, almofadas e quadros, a gente vai te mostrar o caminho para deixar os ambientes mais alegres e cheios de personalidade. Vamos l\u00e1?<\/p>\n\n\n\n<h2 class=\"wp-block-heading\"><strong>Porque apostar em pontos de cor<\/strong><\/h2>\n\n\n\n<p>Antes de mais nada, \u00e9 importante saber que um pouquinho de cor pode fazer milagres! Al\u00e9m de alegrar o ambiente, as cores tamb\u00e9m podem influenciar no seu humor e deixar tudo mais acolhedor. Por isso, investir numa decora\u00e7\u00e3o colorida, mais do que transformar um ambiente, pode levar novos ares a sua casa.<\/p>\n\n\n\n<p>Mas aten\u00e7\u00e3o: evitar o excesso tamb\u00e9m \u00e9 importante, o efeito pode ser contr\u00e1rio. Por isso, quando for misturar as cores, uma dica \u00e9 escolher uma paleta que harmonize. Voc\u00ea pode come\u00e7ar com uma cor base e ir complementando com tons que se destaquem! E o ideal \u00e9 escolher apenas um ou dois pontos de cor que listamos a seguir.<\/p>\n\n\n\n<h2 class=\"wp-block-heading\"><a><\/a><strong>Comece com Almofadas Coloridas<\/strong><\/h2>\n\n\n\n<figure class=\"wp-block-image size-large\"><img loading=\"lazy\" decoding=\"async\" width=\"1024\" height=\"683\" src=\"https:\/\/www.interlarinterlagos.com.br\/blog\/wp-content\/uploads\/2024\/09\/Almofadas-Coloridas-1024x683.jpeg\" alt=\"\" class=\"wp-image-1478\" srcset=\"https:\/\/www.interlarinterlagos.com.br\/blog\/wp-content\/uploads\/2024\/09\/Almofadas-Coloridas-1024x683.jpeg 1024w, https:\/\/www.interlarinterlagos.com.br\/blog\/wp-content\/uploads\/2024\/09\/Almofadas-Coloridas-300x200.jpeg 300w, https:\/\/www.interlarinterlagos.com.br\/blog\/wp-content\/uploads\/2024\/09\/Almofadas-Coloridas-768x512.jpeg 768w, https:\/\/www.interlarinterlagos.com.br\/blog\/wp-content\/uploads\/2024\/09\/Almofadas-Coloridas-1536x1024.jpeg 1536w, https:\/\/www.interlarinterlagos.com.br\/blog\/wp-content\/uploads\/2024\/09\/Almofadas-Coloridas-2048x1365.jpeg 2048w, https:\/\/www.interlarinterlagos.com.br\/blog\/wp-content\/uploads\/2024\/09\/Almofadas-Coloridas-1140x760.jpeg 1140w\" sizes=\"auto, (max-width: 1024px) 100vw, 1024px\" \/><figcaption class=\"wp-element-caption\"><em>Imagem: Adobe Stock<\/em><\/figcaption><\/figure>\n\n\n\n<p>As almofadas s\u00e3o um dos jeitos mais f\u00e1ceis e pr\u00e1ticos de trazer cor para sua sala. Misturar estampas e cores diferentes pode criar um visual super descolado e divertido! Aposte em texturas variadas, n\u00e3o se incomode de misturar estampas de listras, por exemplo, com formas geom\u00e9tricas ou florais.<\/p>\n\n\n\n<h2 class=\"wp-block-heading\"><strong>A valoriza\u00e7\u00e3o das cortinas<\/strong><\/h2>\n\n\n\n<figure class=\"wp-block-image size-large\"><img loading=\"lazy\" decoding=\"async\" width=\"1024\" height=\"574\" src=\"https:\/\/www.interlarinterlagos.com.br\/blog\/wp-content\/uploads\/2024\/09\/A-valorizacao-das-cortinas-1024x574.jpeg\" alt=\"\" class=\"wp-image-1479\" srcset=\"https:\/\/www.interlarinterlagos.com.br\/blog\/wp-content\/uploads\/2024\/09\/A-valorizacao-das-cortinas-1024x574.jpeg 1024w, https:\/\/www.interlarinterlagos.com.br\/blog\/wp-content\/uploads\/2024\/09\/A-valorizacao-das-cortinas-300x168.jpeg 300w, https:\/\/www.interlarinterlagos.com.br\/blog\/wp-content\/uploads\/2024\/09\/A-valorizacao-das-cortinas-768x430.jpeg 768w, https:\/\/www.interlarinterlagos.com.br\/blog\/wp-content\/uploads\/2024\/09\/A-valorizacao-das-cortinas-1536x861.jpeg 1536w, https:\/\/www.interlarinterlagos.com.br\/blog\/wp-content\/uploads\/2024\/09\/A-valorizacao-das-cortinas-2048x1148.jpeg 2048w, https:\/\/www.interlarinterlagos.com.br\/blog\/wp-content\/uploads\/2024\/09\/A-valorizacao-das-cortinas-1140x639.jpeg 1140w\" sizes=\"auto, (max-width: 1024px) 100vw, 1024px\" \/><figcaption class=\"wp-element-caption\"><em>Imagem: Adobe Stock<\/em><\/figcaption><\/figure>\n\n\n\n<p>As cortinas tamb\u00e9m podem fazer uma grande diferen\u00e7a! Opte por tecidos em tons vibrantes ou at\u00e9 mesmo estampas florais para dar aquele charme extra aos seus ambientes.<a><\/a><\/p>\n\n\n\n<h2 class=\"wp-block-heading\"><strong>Quadros e Artes nas Paredes<\/strong><\/h2>\n\n\n\n<figure class=\"wp-block-image size-large\"><img loading=\"lazy\" decoding=\"async\" width=\"1024\" height=\"574\" src=\"https:\/\/www.interlarinterlagos.com.br\/blog\/wp-content\/uploads\/2024\/09\/Quadros-e-Artes-nas-Paredes-1024x574.jpeg\" alt=\"\" class=\"wp-image-1481\" srcset=\"https:\/\/www.interlarinterlagos.com.br\/blog\/wp-content\/uploads\/2024\/09\/Quadros-e-Artes-nas-Paredes-1024x574.jpeg 1024w, https:\/\/www.interlarinterlagos.com.br\/blog\/wp-content\/uploads\/2024\/09\/Quadros-e-Artes-nas-Paredes-300x168.jpeg 300w, https:\/\/www.interlarinterlagos.com.br\/blog\/wp-content\/uploads\/2024\/09\/Quadros-e-Artes-nas-Paredes-768x430.jpeg 768w, https:\/\/www.interlarinterlagos.com.br\/blog\/wp-content\/uploads\/2024\/09\/Quadros-e-Artes-nas-Paredes-1536x861.jpeg 1536w, https:\/\/www.interlarinterlagos.com.br\/blog\/wp-content\/uploads\/2024\/09\/Quadros-e-Artes-nas-Paredes-2048x1148.jpeg 2048w, https:\/\/www.interlarinterlagos.com.br\/blog\/wp-content\/uploads\/2024\/09\/Quadros-e-Artes-nas-Paredes-1140x639.jpeg 1140w\" sizes=\"auto, (max-width: 1024px) 100vw, 1024px\" \/><figcaption class=\"wp-element-caption\"><em>Imagem: Adobe Stock<\/em><\/figcaption><\/figure>\n\n\n\n<p>Invista em quadros ou artes que tenham cores marcantes. Voc\u00ea pode criar uma galeria com v\u00e1rias obras ou escolher uma pe\u00e7a \u00fanica que se destaque na parede.<a><\/a><\/p>\n\n\n\n<h2 class=\"wp-block-heading\"><strong>Objetos Decorativos<\/strong><\/h2>\n\n\n\n<figure class=\"wp-block-image size-large\"><img loading=\"lazy\" decoding=\"async\" width=\"1024\" height=\"683\" src=\"https:\/\/www.interlarinterlagos.com.br\/blog\/wp-content\/uploads\/2024\/09\/Objetos-Decorativos-1024x683.jpeg\" alt=\"\" class=\"wp-image-1482\" srcset=\"https:\/\/www.interlarinterlagos.com.br\/blog\/wp-content\/uploads\/2024\/09\/Objetos-Decorativos-1024x683.jpeg 1024w, https:\/\/www.interlarinterlagos.com.br\/blog\/wp-content\/uploads\/2024\/09\/Objetos-Decorativos-300x200.jpeg 300w, https:\/\/www.interlarinterlagos.com.br\/blog\/wp-content\/uploads\/2024\/09\/Objetos-Decorativos-768x512.jpeg 768w, https:\/\/www.interlarinterlagos.com.br\/blog\/wp-content\/uploads\/2024\/09\/Objetos-Decorativos-1536x1024.jpeg 1536w, https:\/\/www.interlarinterlagos.com.br\/blog\/wp-content\/uploads\/2024\/09\/Objetos-Decorativos-2048x1365.jpeg 2048w, https:\/\/www.interlarinterlagos.com.br\/blog\/wp-content\/uploads\/2024\/09\/Objetos-Decorativos-1140x760.jpeg 1140w\" sizes=\"auto, (max-width: 1024px) 100vw, 1024px\" \/><figcaption class=\"wp-element-caption\"><em>Imagem: Adobe Stock<\/em><\/figcaption><\/figure>\n\n\n\n<p>Pequenos detalhes fazem toda a diferen\u00e7a. Vasos, livros e esculturas em cores diferentes podem ser colocados em prateleiras ou mesas para adicionar personalidade a qualquer c\u00f4modo.<\/p>\n\n\n\n<h2 class=\"wp-block-heading\"><a><\/a><strong>M\u00f3veis Coloridos<\/strong><\/h2>\n\n\n\n<figure class=\"wp-block-image size-large\"><img loading=\"lazy\" decoding=\"async\" width=\"1024\" height=\"683\" src=\"https:\/\/www.interlarinterlagos.com.br\/blog\/wp-content\/uploads\/2024\/09\/Moveis-Coloridos-1024x683.jpeg\" alt=\"\" class=\"wp-image-1480\" srcset=\"https:\/\/www.interlarinterlagos.com.br\/blog\/wp-content\/uploads\/2024\/09\/Moveis-Coloridos-1024x683.jpeg 1024w, https:\/\/www.interlarinterlagos.com.br\/blog\/wp-content\/uploads\/2024\/09\/Moveis-Coloridos-300x200.jpeg 300w, https:\/\/www.interlarinterlagos.com.br\/blog\/wp-content\/uploads\/2024\/09\/Moveis-Coloridos-768x512.jpeg 768w, https:\/\/www.interlarinterlagos.com.br\/blog\/wp-content\/uploads\/2024\/09\/Moveis-Coloridos-1536x1024.jpeg 1536w, https:\/\/www.interlarinterlagos.com.br\/blog\/wp-content\/uploads\/2024\/09\/Moveis-Coloridos-2048x1365.jpeg 2048w, https:\/\/www.interlarinterlagos.com.br\/blog\/wp-content\/uploads\/2024\/09\/Moveis-Coloridos-1140x760.jpeg 1140w\" sizes=\"auto, (max-width: 1024px) 100vw, 1024px\" \/><figcaption class=\"wp-element-caption\"><em>Imagem: Adobe Stock<\/em><\/figcaption><\/figure>\n\n\n\n<p>Se voc\u00ea quer uma decora\u00e7\u00e3o ainda mais ousada, que tal investir em um m\u00f3vel colorido? Uma cadeira ou uma mesa em um tom vibrante pode ser o ponto focal da sua decora\u00e7\u00e3o.<\/p>\n\n\n\n<h2 class=\"wp-block-heading\"><a><\/a><strong>Tapetes Estilosos<\/strong><\/h2>\n\n\n\n<figure class=\"wp-block-image size-large\"><img loading=\"lazy\" decoding=\"async\" width=\"1024\" height=\"683\" src=\"https:\/\/www.interlarinterlagos.com.br\/blog\/wp-content\/uploads\/2024\/09\/Tapetes-Estilosos-1024x683.jpeg\" alt=\"\" class=\"wp-image-1483\" srcset=\"https:\/\/www.interlarinterlagos.com.br\/blog\/wp-content\/uploads\/2024\/09\/Tapetes-Estilosos-1024x683.jpeg 1024w, https:\/\/www.interlarinterlagos.com.br\/blog\/wp-content\/uploads\/2024\/09\/Tapetes-Estilosos-300x200.jpeg 300w, https:\/\/www.interlarinterlagos.com.br\/blog\/wp-content\/uploads\/2024\/09\/Tapetes-Estilosos-768x512.jpeg 768w, https:\/\/www.interlarinterlagos.com.br\/blog\/wp-content\/uploads\/2024\/09\/Tapetes-Estilosos-1536x1024.jpeg 1536w, https:\/\/www.interlarinterlagos.com.br\/blog\/wp-content\/uploads\/2024\/09\/Tapetes-Estilosos-2048x1365.jpeg 2048w, https:\/\/www.interlarinterlagos.com.br\/blog\/wp-content\/uploads\/2024\/09\/Tapetes-Estilosos-1140x760.jpeg 1140w\" sizes=\"auto, (max-width: 1024px) 100vw, 1024px\" \/><figcaption class=\"wp-element-caption\"><em>Imagem: Adobe Stock<\/em><\/figcaption><\/figure>\n\n\n\n<p><br>Um tapete colorido \u00e9 uma \u00f3tima maneira de definir espa\u00e7os e adicionar um toque divertido \u00e0 sua casa. Escolha padr\u00f5es e cores que combinem com o restante da decora\u00e7\u00e3o!<\/p>\n\n\n\n<h2 class=\"wp-block-heading\"><strong>A Magia dos Detalhes<\/strong><\/h2>\n\n\n\n<figure class=\"wp-block-image size-large\"><img loading=\"lazy\" decoding=\"async\" width=\"1024\" height=\"574\" src=\"https:\/\/www.interlarinterlagos.com.br\/blog\/wp-content\/uploads\/2024\/09\/A-Magia-dos-Detalhes-1024x574.jpeg\" alt=\"\" class=\"wp-image-1484\" srcset=\"https:\/\/www.interlarinterlagos.com.br\/blog\/wp-content\/uploads\/2024\/09\/A-Magia-dos-Detalhes-1024x574.jpeg 1024w, https:\/\/www.interlarinterlagos.com.br\/blog\/wp-content\/uploads\/2024\/09\/A-Magia-dos-Detalhes-300x168.jpeg 300w, https:\/\/www.interlarinterlagos.com.br\/blog\/wp-content\/uploads\/2024\/09\/A-Magia-dos-Detalhes-768x430.jpeg 768w, https:\/\/www.interlarinterlagos.com.br\/blog\/wp-content\/uploads\/2024\/09\/A-Magia-dos-Detalhes-1536x861.jpeg 1536w, https:\/\/www.interlarinterlagos.com.br\/blog\/wp-content\/uploads\/2024\/09\/A-Magia-dos-Detalhes-2048x1148.jpeg 2048w, https:\/\/www.interlarinterlagos.com.br\/blog\/wp-content\/uploads\/2024\/09\/A-Magia-dos-Detalhes-1140x639.jpeg 1140w\" sizes=\"auto, (max-width: 1024px) 100vw, 1024px\" \/><figcaption class=\"wp-element-caption\"><em>Imagem: Adobe Stock<\/em><\/figcaption><\/figure>\n\n\n\n<p>N\u00e3o esque\u00e7a dos pequenos detalhes, como lumin\u00e1rias coloridas ou at\u00e9 mesmo uma nova capa para a sua poltrona. Esses elementos s\u00e3o o que realmente v\u00e3o fazer a diferen\u00e7a!<\/p>\n\n\n\n<h2 class=\"wp-block-heading\"><a><\/a><a><\/a><strong>Seja Criativo!<\/strong><\/h2>\n\n\n\n<figure class=\"wp-block-image size-large\"><img loading=\"lazy\" decoding=\"async\" width=\"1024\" height=\"683\" src=\"https:\/\/www.interlarinterlagos.com.br\/blog\/wp-content\/uploads\/2024\/09\/Seja-Criativo-1024x683.jpeg\" alt=\"\" class=\"wp-image-1485\" srcset=\"https:\/\/www.interlarinterlagos.com.br\/blog\/wp-content\/uploads\/2024\/09\/Seja-Criativo-1024x683.jpeg 1024w, https:\/\/www.interlarinterlagos.com.br\/blog\/wp-content\/uploads\/2024\/09\/Seja-Criativo-300x200.jpeg 300w, https:\/\/www.interlarinterlagos.com.br\/blog\/wp-content\/uploads\/2024\/09\/Seja-Criativo-768x512.jpeg 768w, https:\/\/www.interlarinterlagos.com.br\/blog\/wp-content\/uploads\/2024\/09\/Seja-Criativo-1536x1024.jpeg 1536w, https:\/\/www.interlarinterlagos.com.br\/blog\/wp-content\/uploads\/2024\/09\/Seja-Criativo-2048x1365.jpeg 2048w, https:\/\/www.interlarinterlagos.com.br\/blog\/wp-content\/uploads\/2024\/09\/Seja-Criativo-1140x760.jpeg 1140w\" sizes=\"auto, (max-width: 1024px) 100vw, 1024px\" \/><figcaption class=\"wp-element-caption\"><em>Imagem: Adobe Stock<\/em><\/figcaption><\/figure>\n\n\n\n<p>O mais importante \u00e9 ser criativo e deixar sua personalidade brilhar! N\u00e3o tenha medo de arriscar e experimentar combina\u00e7\u00f5es diferentes. Afinal, sua casa deve refletir seu estilo e suas vibra\u00e7\u00f5es! Com essas dicas, d\u00e1 para dar uma nova cara para sua casa e criar um espa\u00e7o cheio de cor e vida. Passe <a href=\"https:\/\/www.interlarinterlagos.com.br\/busca-lojas.php\" data-type=\"URL\" data-id=\"https:\/\/www.interlarinterlagos.com.br\/busca-lojas.php\">aqui no Shopping Interlar Interlagos<\/a> e comece a transforma\u00e7\u00e3o.<\/p>\n","protected":false},"excerpt":{"rendered":"<p>Se voc\u00ea est\u00e1 querendo dar uma animada no visual da sua casa, nada melhor do que investir em pontos de cor! Com algumas dicas de acess\u00f3rios, almofadas e quadros, a gente vai te mostrar o caminho para deixar os ambientes mais alegres e cheios de personalidade. Vamos l\u00e1? Porque apostar em pontos de cor Antes de mais nada, \u00e9 importante saber que um pouquinho de cor pode fazer milagres! Al\u00e9m de alegrar o ambiente, as cores tamb\u00e9m podem influenciar no seu humor e deixar tudo mais acolhedor. Por isso, investir numa decora\u00e7\u00e3o colorida, mais do que transformar um ambiente, pode levar novos ares a sua casa. Mas aten\u00e7\u00e3o: evitar o excesso tamb\u00e9m \u00e9 importante, o efeito pode ser contr\u00e1rio. Por isso, quando for misturar as cores, uma dica \u00e9 escolher uma paleta que harmonize. Voc\u00ea pode come\u00e7ar com uma cor base e ir complementando com tons que se destaquem! E o ideal \u00e9 escolher apenas um ou dois pontos de cor que listamos a seguir. Comece com Almofadas Coloridas As almofadas s\u00e3o um dos jeitos mais f\u00e1ceis e pr\u00e1ticos de trazer cor para sua sala. Misturar estampas e cores diferentes pode criar um visual super descolado e divertido! Aposte em texturas variadas, n\u00e3o se incomode de misturar estampas de listras, por exemplo, com formas geom\u00e9tricas ou florais. A valoriza\u00e7\u00e3o das cortinas As cortinas tamb\u00e9m podem fazer uma grande diferen\u00e7a! Opte por tecidos em tons vibrantes ou at\u00e9 mesmo estampas florais para dar aquele charme extra aos seus ambientes. Quadros e Artes nas Paredes Invista em quadros ou artes que tenham cores marcantes. Voc\u00ea pode criar uma galeria com v\u00e1rias obras ou escolher uma pe\u00e7a \u00fanica que se destaque na parede. Objetos Decorativos Pequenos detalhes fazem toda a diferen\u00e7a. Vasos, livros e esculturas em cores diferentes podem ser colocados em prateleiras ou mesas para adicionar personalidade a qualquer c\u00f4modo. M\u00f3veis Coloridos Se voc\u00ea quer uma decora\u00e7\u00e3o ainda mais ousada, que tal investir em um m\u00f3vel colorido? Uma cadeira ou uma mesa em um tom vibrante pode ser o ponto focal da sua decora\u00e7\u00e3o. Tapetes Estilosos Um tapete colorido \u00e9 uma \u00f3tima maneira de definir espa\u00e7os e adicionar um toque divertido \u00e0 sua casa. Escolha padr\u00f5es e cores que combinem com o restante da decora\u00e7\u00e3o! A Magia dos Detalhes N\u00e3o esque\u00e7a dos pequenos detalhes, como lumin\u00e1rias coloridas ou at\u00e9 mesmo uma nova capa para a sua poltrona. Esses elementos s\u00e3o o que realmente v\u00e3o fazer a diferen\u00e7a! Seja Criativo! O mais importante \u00e9 ser criativo e deixar sua personalidade brilhar! N\u00e3o tenha medo de arriscar e experimentar combina\u00e7\u00f5es diferentes. Afinal, sua casa deve refletir seu estilo e suas vibra\u00e7\u00f5es! Com essas dicas, d\u00e1 para dar uma nova cara para sua casa e criar um espa\u00e7o cheio de cor e vida. Passe aqui no Shopping Interlar Interlagos e comece a transforma\u00e7\u00e3o.<\/p>\n","protected":false},"author":1,"featured_media":1486,"comment_status":"closed","ping_status":"closed","sticky":false,"template":"","format":"standard","meta":{"_monsterinsights_skip_tracking":false,"_monsterinsights_sitenote_active":false,"_monsterinsights_sitenote_note":"","_monsterinsights_sitenote_category":0,"footnotes":""},"categories":[21],"tags":[336,229,66,23,230,335],"class_list":["post-1477","post","type-post","status-publish","format-standard","has-post-thumbnail","hentry","category-dicas","tag-cor-na-decoracao","tag-criatividade","tag-decoracao","tag-dicas","tag-dicas-de-decoracao","tag-pontos-de-cor"],"_links":{"self":[{"href":"https:\/\/www.interlarinterlagos.com.br\/blog\/wp-json\/wp\/v2\/posts\/1477","targetHints":{"allow":["GET"]}}],"collection":[{"href":"https:\/\/www.interlarinterlagos.com.br\/blog\/wp-json\/wp\/v2\/posts"}],"about":[{"href":"https:\/\/www.interlarinterlagos.com.br\/blog\/wp-json\/wp\/v2\/types\/post"}],"author":[{"embeddable":true,"href":"https:\/\/www.interlarinterlagos.com.br\/blog\/wp-json\/wp\/v2\/users\/1"}],"replies":[{"embeddable":true,"href":"https:\/\/www.interlarinterlagos.com.br\/blog\/wp-json\/wp\/v2\/comments?post=1477"}],"version-history":[{"count":2,"href":"https:\/\/www.interlarinterlagos.com.br\/blog\/wp-json\/wp\/v2\/posts\/1477\/revisions"}],"predecessor-version":[{"id":1489,"href":"https:\/\/www.interlarinterlagos.com.br\/blog\/wp-json\/wp\/v2\/posts\/1477\/revisions\/1489"}],"wp:featuredmedia":[{"embeddable":true,"href":"https:\/\/www.interlarinterlagos.com.br\/blog\/wp-json\/wp\/v2\/media\/1486"}],"wp:attachment":[{"href":"https:\/\/www.interlarinterlagos.com.br\/blog\/wp-json\/wp\/v2\/media?parent=1477"}],"wp:term":[{"taxonomy":"category","embeddable":true,"href":"https:\/\/www.interlarinterlagos.com.br\/blog\/wp-json\/wp\/v2\/categories?post=1477"},{"taxonomy":"post_tag","embeddable":true,"href":"https:\/\/www.interlarinterlagos.com.br\/blog\/wp-json\/wp\/v2\/tags?post=1477"}],"curies":[{"name":"wp","href":"https:\/\/api.w.org\/{rel}","templated":true}]}}