{"id":1366,"date":"2024-04-25T09:00:00","date_gmt":"2024-04-25T12:00:00","guid":{"rendered":"https:\/\/www.interlarinterlagos.com.br\/blog\/?p=1366"},"modified":"2025-06-18T09:02:06","modified_gmt":"2025-06-18T12:02:06","slug":"moveis-de-palete-economia-e-estilo-para-a-decoracao-da-sua-casa","status":"publish","type":"post","link":"https:\/\/www.interlarinterlagos.com.br\/blog\/2024\/04\/moveis-de-palete-economia-e-estilo-para-a-decoracao-da-sua-casa\/","title":{"rendered":"Divis\u00f3rias de ambiente: 5 dicas para delimitar espa\u00e7os em sua casa"},"content":{"rendered":"\n<p>Aproveitar melhor os espa\u00e7os dispon\u00edveis em nossa casa \u00e9 sempre um desafio. Nestes casos, usar divis\u00f3rias para separar os ambientes \u00e9 sempre uma boa op\u00e7\u00e3o. Esta \u00e9 a forma mais pr\u00e1tica de dividir um espa\u00e7o grande, como uma sala de estar, por exemplo, ou mesmo racionalizar o uso de um apartamento do tipo est\u00fadio.<\/p>\n\n\n\n<p>S\u00e3o v\u00e1rios os modelos de divis\u00f3rias de ambiente dispon\u00edveis no mercado. Alguns s\u00e3o fixos, outros m\u00f3veis, o que permite que voc\u00ea modifique a formata\u00e7\u00e3o de um c\u00f4modo quantas vezes desejar, al\u00e9m de estarem dispon\u00edveis em diferentes materiais para os mais diversos tipos de projetos.&nbsp; Mas, al\u00e9m da funcionalidade, voc\u00ea deve escolher o modelo que mais combine com a decora\u00e7\u00e3o de sua casa. Afinal, al\u00e9m do conforto e da praticidade, a est\u00e9tica tamb\u00e9m \u00e9 importante, n\u00e3o \u00e9 mesmo? Vem com a gente e confira todos os detalhes para delimitar espa\u00e7os em sua casa e proporcionar um ambiente ainda mais incr\u00edvel!<\/p>\n\n\n\n<h2 class=\"wp-block-heading\"><strong>Tipos de divis\u00f3rias de ambiente<\/strong><\/h2>\n\n\n\n<p>Para te ajudar a descobrir o material, as cores e a textura da divis\u00f3ria de ambiente que voc\u00ea precisa para a sua casa, separamos aqui algumas dicas. S\u00e3o diversos modelos que voc\u00ea encontra no mercado para dar um <em>up<\/em> no visual da sua casa. Olha s\u00f3:<\/p>\n\n\n\n<h2 class=\"wp-block-heading\"><strong>Divis\u00f3ria de ambiente de madeira<\/strong><\/h2>\n\n\n\n<figure class=\"wp-block-image size-large is-resized\"><img loading=\"lazy\" decoding=\"async\" src=\"https:\/\/www.interlarinterlagos.com.br\/blog\/wp-content\/uploads\/2024\/04\/AdobeStock_402962290-1024x641.jpeg\" alt=\"\" class=\"wp-image-1381\" width=\"840\" height=\"525\" srcset=\"https:\/\/www.interlarinterlagos.com.br\/blog\/wp-content\/uploads\/2024\/04\/AdobeStock_402962290-1024x641.jpeg 1024w, https:\/\/www.interlarinterlagos.com.br\/blog\/wp-content\/uploads\/2024\/04\/AdobeStock_402962290-300x188.jpeg 300w, https:\/\/www.interlarinterlagos.com.br\/blog\/wp-content\/uploads\/2024\/04\/AdobeStock_402962290-768x481.jpeg 768w, https:\/\/www.interlarinterlagos.com.br\/blog\/wp-content\/uploads\/2024\/04\/AdobeStock_402962290-1536x961.jpeg 1536w, https:\/\/www.interlarinterlagos.com.br\/blog\/wp-content\/uploads\/2024\/04\/AdobeStock_402962290-2048x1282.jpeg 2048w, https:\/\/www.interlarinterlagos.com.br\/blog\/wp-content\/uploads\/2024\/04\/AdobeStock_402962290-1140x713.jpeg 1140w\" sizes=\"auto, (max-width: 840px) 100vw, 840px\" \/><figcaption class=\"wp-element-caption\"><em>Imagem: Adobe Stock<\/em><\/figcaption><\/figure>\n\n\n\n<p>Se voc\u00ea busca uma decora\u00e7\u00e3o mais natural e r\u00fastica, mas sem perder a eleg\u00e2ncia, as divis\u00f3rias de ambiente de madeira s\u00e3o uma \u00f3tima op\u00e7\u00e3o. S\u00e3o muitos os modelos que se utilizam desse material, mas os chapados lisos, os vazados ou os de treli\u00e7a s\u00e3o os mais procurados. A madeira tamb\u00e9m \u00e9 muito usada em biombos, que t\u00eam a vantagem de ser divis\u00f3rias m\u00f3veis, permitindo a mudan\u00e7a da configura\u00e7\u00e3o do ambiente.<\/p>\n\n\n\n<h2 class=\"wp-block-heading\"><strong>Divis\u00f3ria de ambiente de <\/strong><strong>tecido<\/strong><strong>\u00a0<\/strong><\/h2>\n\n\n\n<figure class=\"wp-block-image size-large\"><img loading=\"lazy\" decoding=\"async\" width=\"1024\" height=\"638\" src=\"https:\/\/www.interlarinterlagos.com.br\/blog\/wp-content\/uploads\/2024\/04\/Imagem12-1024x638.jpg\" alt=\"\" class=\"wp-image-1382\" srcset=\"https:\/\/www.interlarinterlagos.com.br\/blog\/wp-content\/uploads\/2024\/04\/Imagem12-1024x638.jpg 1024w, https:\/\/www.interlarinterlagos.com.br\/blog\/wp-content\/uploads\/2024\/04\/Imagem12-300x187.jpg 300w, https:\/\/www.interlarinterlagos.com.br\/blog\/wp-content\/uploads\/2024\/04\/Imagem12-768x478.jpg 768w, https:\/\/www.interlarinterlagos.com.br\/blog\/wp-content\/uploads\/2024\/04\/Imagem12-1140x710.jpg 1140w, https:\/\/www.interlarinterlagos.com.br\/blog\/wp-content\/uploads\/2024\/04\/Imagem12.jpg 1243w\" sizes=\"auto, (max-width: 1024px) 100vw, 1024px\" \/><figcaption class=\"wp-element-caption\"><em>Imagem: Adobe Stock<\/em><\/figcaption><\/figure>\n\n\n\n<p>Divis\u00f3rias de ambiente de tecido s\u00e3o simples e funcionais. As cortinas de tecidos opacos, funcionam bem para quem precisa de ambientes bem protegidos da luminosidade. J\u00e1 os tecidos mais leves, transl\u00facidos permitem a passagem de luz natural de uma forma mais suave. Biombos feitos de tecidos tamb\u00e9m s\u00e3o uma boa op\u00e7\u00e3o de divis\u00f3ria, com a vantagem de serem m\u00f3veis, adaptando-se \u00e0s necessidades de mudan\u00e7a.<\/p>\n\n\n\n<h2 class=\"wp-block-heading\"><strong>Divis\u00f3ria de ambiente de drywall<\/strong><\/h2>\n\n\n\n<figure class=\"wp-block-image size-large\"><img loading=\"lazy\" decoding=\"async\" width=\"1024\" height=\"684\" src=\"https:\/\/www.interlarinterlagos.com.br\/blog\/wp-content\/uploads\/2024\/04\/AdobeStock_498290379-1024x684.jpeg\" alt=\"\" class=\"wp-image-1383\" srcset=\"https:\/\/www.interlarinterlagos.com.br\/blog\/wp-content\/uploads\/2024\/04\/AdobeStock_498290379-1024x684.jpeg 1024w, https:\/\/www.interlarinterlagos.com.br\/blog\/wp-content\/uploads\/2024\/04\/AdobeStock_498290379-300x200.jpeg 300w, https:\/\/www.interlarinterlagos.com.br\/blog\/wp-content\/uploads\/2024\/04\/AdobeStock_498290379-768x513.jpeg 768w, https:\/\/www.interlarinterlagos.com.br\/blog\/wp-content\/uploads\/2024\/04\/AdobeStock_498290379-1536x1025.jpeg 1536w, https:\/\/www.interlarinterlagos.com.br\/blog\/wp-content\/uploads\/2024\/04\/AdobeStock_498290379-2048x1367.jpeg 2048w, https:\/\/www.interlarinterlagos.com.br\/blog\/wp-content\/uploads\/2024\/04\/AdobeStock_498290379-1140x761.jpeg 1140w\" sizes=\"auto, (max-width: 1024px) 100vw, 1024px\" \/><figcaption class=\"wp-element-caption\"><em>Imagem: Adobe Stock<\/em><\/figcaption><\/figure>\n\n\n\n<p>Para quem necessita de divis\u00f3rias fixas, incorporadas \u00e0 decora\u00e7\u00e3o da sua casa, o uso do drywall \u00e9 sem d\u00favida uma das pedidas mais pr\u00e1ticas. De f\u00e1cil instala\u00e7\u00e3o, esse material se adapta a qualquer espa\u00e7o e permite que se crie nichos de decora\u00e7\u00e3o na pr\u00f3pria divis\u00f3ria al\u00e9m de embutir a ilumina\u00e7\u00e3o garantindo um toque a mais de sofistica\u00e7\u00e3o aos ambientes.<\/p>\n\n\n\n<h2 class=\"wp-block-heading\"><strong>Divis\u00f3ria de ambiente de vidro<\/strong><\/h2>\n\n\n\n<figure class=\"wp-block-image size-large\"><img loading=\"lazy\" decoding=\"async\" width=\"1024\" height=\"576\" src=\"https:\/\/www.interlarinterlagos.com.br\/blog\/wp-content\/uploads\/2024\/04\/AdobeStock_226334588-1024x576.jpeg\" alt=\"\" class=\"wp-image-1384\" srcset=\"https:\/\/www.interlarinterlagos.com.br\/blog\/wp-content\/uploads\/2024\/04\/AdobeStock_226334588-1024x576.jpeg 1024w, https:\/\/www.interlarinterlagos.com.br\/blog\/wp-content\/uploads\/2024\/04\/AdobeStock_226334588-300x169.jpeg 300w, https:\/\/www.interlarinterlagos.com.br\/blog\/wp-content\/uploads\/2024\/04\/AdobeStock_226334588-768x432.jpeg 768w, https:\/\/www.interlarinterlagos.com.br\/blog\/wp-content\/uploads\/2024\/04\/AdobeStock_226334588-1536x864.jpeg 1536w, https:\/\/www.interlarinterlagos.com.br\/blog\/wp-content\/uploads\/2024\/04\/AdobeStock_226334588-2048x1152.jpeg 2048w, https:\/\/www.interlarinterlagos.com.br\/blog\/wp-content\/uploads\/2024\/04\/AdobeStock_226334588-1140x641.jpeg 1140w\" sizes=\"auto, (max-width: 1024px) 100vw, 1024px\" \/><figcaption class=\"wp-element-caption\"><em>Imagem: Adobe Stock<\/em><\/figcaption><\/figure>\n\n\n\n<p>A maior vantagem desse tipo de divis\u00f3ria \u00e9 permitir a passagem da luz natural. Ela serve para escrit\u00f3rios comerciais ou para uso residencial, na separa\u00e7\u00e3o da cozinha ou na divis\u00e3o entre a sala de jantar e a sala de visitas, por exemplo. Existem op\u00e7\u00f5es de vidro transparente, para ambientes longe das janelas, e jateados que, garantem maior privacidade.&nbsp;A sofistica\u00e7\u00e3o \u00e9 uma marca desse tipo de material.<\/p>\n\n\n\n<h2 class=\"wp-block-heading\"><strong>Divis\u00f3ria de ambiente de cobog\u00f3\u00a0<\/strong><\/h2>\n\n\n\n<figure class=\"wp-block-image size-large\"><img loading=\"lazy\" decoding=\"async\" width=\"1024\" height=\"683\" src=\"https:\/\/www.interlarinterlagos.com.br\/blog\/wp-content\/uploads\/2024\/04\/AdobeStock_621172366-1024x683.jpeg\" alt=\"\" class=\"wp-image-1385\" srcset=\"https:\/\/www.interlarinterlagos.com.br\/blog\/wp-content\/uploads\/2024\/04\/AdobeStock_621172366-1024x683.jpeg 1024w, https:\/\/www.interlarinterlagos.com.br\/blog\/wp-content\/uploads\/2024\/04\/AdobeStock_621172366-300x200.jpeg 300w, https:\/\/www.interlarinterlagos.com.br\/blog\/wp-content\/uploads\/2024\/04\/AdobeStock_621172366-768x512.jpeg 768w, https:\/\/www.interlarinterlagos.com.br\/blog\/wp-content\/uploads\/2024\/04\/AdobeStock_621172366-1536x1024.jpeg 1536w, https:\/\/www.interlarinterlagos.com.br\/blog\/wp-content\/uploads\/2024\/04\/AdobeStock_621172366-2048x1365.jpeg 2048w, https:\/\/www.interlarinterlagos.com.br\/blog\/wp-content\/uploads\/2024\/04\/AdobeStock_621172366-1140x760.jpeg 1140w\" sizes=\"auto, (max-width: 1024px) 100vw, 1024px\" \/><figcaption class=\"wp-element-caption\"><em>Imagem: Adobe Stock<\/em><\/figcaption><\/figure>\n\n\n\n<p>Cobog\u00f3 \u00e9 a denomina\u00e7\u00e3o dada ao elemento vazado, normalmente feito de cer\u00e2mica, barro ou cimento, que, usado como divis\u00f3ria de ambientes, assegura maior ventila\u00e7\u00e3o e luminosidade no espa\u00e7o. Dispon\u00edveis em cores e formas variadas, trazem um elemento decorativo funcional especialmente para \u00e1reas externas\u200b\u200b.<\/p>\n\n\n\n<p>Gostou das nossas dicas? Aproveite e transforme o seu lar com estilo, praticidade e otimiza\u00e7\u00e3o!<\/p>\n","protected":false},"excerpt":{"rendered":"<p>Aproveitar melhor os espa\u00e7os dispon\u00edveis em nossa casa \u00e9 sempre um desafio. Nestes casos, usar divis\u00f3rias para separar os ambientes \u00e9 sempre uma boa op\u00e7\u00e3o. Esta \u00e9 a forma mais pr\u00e1tica de dividir um espa\u00e7o grande, como uma sala de estar, por exemplo, ou mesmo racionalizar o uso de um apartamento do tipo est\u00fadio. S\u00e3o v\u00e1rios os modelos de divis\u00f3rias de ambiente dispon\u00edveis no mercado. Alguns s\u00e3o fixos, outros m\u00f3veis, o que permite que voc\u00ea modifique a formata\u00e7\u00e3o de um c\u00f4modo quantas vezes desejar, al\u00e9m de estarem dispon\u00edveis em diferentes materiais para os mais diversos tipos de projetos.&nbsp; Mas, al\u00e9m da funcionalidade, voc\u00ea deve escolher o modelo que mais combine com a decora\u00e7\u00e3o de sua casa. Afinal, al\u00e9m do conforto e da praticidade, a est\u00e9tica tamb\u00e9m \u00e9 importante, n\u00e3o \u00e9 mesmo? Vem com a gente e confira todos os detalhes para delimitar espa\u00e7os em sua casa e proporcionar um ambiente ainda mais incr\u00edvel! Tipos de divis\u00f3rias de ambiente Para te ajudar a descobrir o material, as cores e a textura da divis\u00f3ria de ambiente que voc\u00ea precisa para a sua casa, separamos aqui algumas dicas. S\u00e3o diversos modelos que voc\u00ea encontra no mercado para dar um up no visual da sua casa. Olha s\u00f3: Divis\u00f3ria de ambiente de madeira Se voc\u00ea busca uma decora\u00e7\u00e3o mais natural e r\u00fastica, mas sem perder a eleg\u00e2ncia, as divis\u00f3rias de ambiente de madeira s\u00e3o uma \u00f3tima op\u00e7\u00e3o. S\u00e3o muitos os modelos que se utilizam desse material, mas os chapados lisos, os vazados ou os de treli\u00e7a s\u00e3o os mais procurados. A madeira tamb\u00e9m \u00e9 muito usada em biombos, que t\u00eam a vantagem de ser divis\u00f3rias m\u00f3veis, permitindo a mudan\u00e7a da configura\u00e7\u00e3o do ambiente. Divis\u00f3ria de ambiente de tecido\u00a0 Divis\u00f3rias de ambiente de tecido s\u00e3o simples e funcionais. As cortinas de tecidos opacos, funcionam bem para quem precisa de ambientes bem protegidos da luminosidade. J\u00e1 os tecidos mais leves, transl\u00facidos permitem a passagem de luz natural de uma forma mais suave. Biombos feitos de tecidos tamb\u00e9m s\u00e3o uma boa op\u00e7\u00e3o de divis\u00f3ria, com a vantagem de serem m\u00f3veis, adaptando-se \u00e0s necessidades de mudan\u00e7a. Divis\u00f3ria de ambiente de drywall Para quem necessita de divis\u00f3rias fixas, incorporadas \u00e0 decora\u00e7\u00e3o da sua casa, o uso do drywall \u00e9 sem d\u00favida uma das pedidas mais pr\u00e1ticas. De f\u00e1cil instala\u00e7\u00e3o, esse material se adapta a qualquer espa\u00e7o e permite que se crie nichos de decora\u00e7\u00e3o na pr\u00f3pria divis\u00f3ria al\u00e9m de embutir a ilumina\u00e7\u00e3o garantindo um toque a mais de sofistica\u00e7\u00e3o aos ambientes. Divis\u00f3ria de ambiente de vidro A maior vantagem desse tipo de divis\u00f3ria \u00e9 permitir a passagem da luz natural. Ela serve para escrit\u00f3rios comerciais ou para uso residencial, na separa\u00e7\u00e3o da cozinha ou na divis\u00e3o entre a sala de jantar e a sala de visitas, por exemplo. Existem op\u00e7\u00f5es de vidro transparente, para ambientes longe das janelas, e jateados que, garantem maior privacidade.&nbsp;A sofistica\u00e7\u00e3o \u00e9 uma marca desse tipo de material. Divis\u00f3ria de ambiente de cobog\u00f3\u00a0 Cobog\u00f3 \u00e9 a denomina\u00e7\u00e3o dada ao elemento vazado, normalmente feito de cer\u00e2mica, barro ou cimento, que, usado como divis\u00f3ria de ambientes, assegura maior ventila\u00e7\u00e3o e luminosidade no espa\u00e7o. Dispon\u00edveis em cores e formas variadas, trazem um elemento decorativo funcional especialmente para \u00e1reas externas\u200b\u200b. Gostou das nossas dicas? Aproveite e transforme o seu lar com estilo, praticidade e otimiza\u00e7\u00e3o!<\/p>\n","protected":false},"author":1,"featured_media":1386,"comment_status":"closed","ping_status":"closed","sticky":false,"template":"","format":"standard","meta":{"_monsterinsights_skip_tracking":false,"_monsterinsights_sitenote_active":false,"_monsterinsights_sitenote_note":"","_monsterinsights_sitenote_category":0,"footnotes":""},"categories":[21],"tags":[301,303,302,300,299],"class_list":["post-1366","post","type-post","status-publish","format-standard","has-post-thumbnail","hentry","category-dicas","tag-decoracao-de-ambientes","tag-divisorias-de-ambiente","tag-divisorias-de-drywall","tag-divisorias-de-madeira","tag-divisorias-de-vidro"],"_links":{"self":[{"href":"https:\/\/www.interlarinterlagos.com.br\/blog\/wp-json\/wp\/v2\/posts\/1366","targetHints":{"allow":["GET"]}}],"collection":[{"href":"https:\/\/www.interlarinterlagos.com.br\/blog\/wp-json\/wp\/v2\/posts"}],"about":[{"href":"https:\/\/www.interlarinterlagos.com.br\/blog\/wp-json\/wp\/v2\/types\/post"}],"author":[{"embeddable":true,"href":"https:\/\/www.interlarinterlagos.com.br\/blog\/wp-json\/wp\/v2\/users\/1"}],"replies":[{"embeddable":true,"href":"https:\/\/www.interlarinterlagos.com.br\/blog\/wp-json\/wp\/v2\/comments?post=1366"}],"version-history":[{"count":2,"href":"https:\/\/www.interlarinterlagos.com.br\/blog\/wp-json\/wp\/v2\/posts\/1366\/revisions"}],"predecessor-version":[{"id":1387,"href":"https:\/\/www.interlarinterlagos.com.br\/blog\/wp-json\/wp\/v2\/posts\/1366\/revisions\/1387"}],"wp:featuredmedia":[{"embeddable":true,"href":"https:\/\/www.interlarinterlagos.com.br\/blog\/wp-json\/wp\/v2\/media\/1386"}],"wp:attachment":[{"href":"https:\/\/www.interlarinterlagos.com.br\/blog\/wp-json\/wp\/v2\/media?parent=1366"}],"wp:term":[{"taxonomy":"category","embeddable":true,"href":"https:\/\/www.interlarinterlagos.com.br\/blog\/wp-json\/wp\/v2\/categories?post=1366"},{"taxonomy":"post_tag","embeddable":true,"href":"https:\/\/www.interlarinterlagos.com.br\/blog\/wp-json\/wp\/v2\/tags?post=1366"}],"curies":[{"name":"wp","href":"https:\/\/api.w.org\/{rel}","templated":true}]}}