{"id":1364,"date":"2024-04-11T09:00:00","date_gmt":"2024-04-11T12:00:00","guid":{"rendered":"https:\/\/www.interlarinterlagos.com.br\/blog\/?p=1364"},"modified":"2025-06-18T09:02:06","modified_gmt":"2025-06-18T12:02:06","slug":"moveis-de-palete-economia-e-estilo-para-a-decoracao-da-sua-casa-2","status":"publish","type":"post","link":"https:\/\/www.interlarinterlagos.com.br\/blog\/2024\/04\/moveis-de-palete-economia-e-estilo-para-a-decoracao-da-sua-casa-2\/","title":{"rendered":"M\u00f3veis de palete: economia e estilo para a decora\u00e7\u00e3o da sua casa"},"content":{"rendered":"\n<p>Quer dar uma renovada no visual de sua casa, com pe\u00e7as diferenciadas? Os m\u00f3veis de palete s\u00e3o uma \u00f3tima op\u00e7\u00e3o para isso. Originalmente uma pe\u00e7a de log\u00edstica, para o transporte de produtos nas f\u00e1bricas, os paletes ganharam espa\u00e7o na decora\u00e7\u00e3o de ambientes, possibilitando in\u00fameras composi\u00e7\u00f5es de m\u00f3veis e acabamentos.<\/p>\n\n\n\n<p>Feito de madeira, o palete \u00e9 vers\u00e1til, funcional e, o melhor de tudo, permite que voc\u00ea use toda a sua criatividade, deixando sua casa do jeitinho que \u00e9 s\u00f3 seu. Pela facilidade de montagem, \u00e9 uma op\u00e7\u00e3o que proporciona versatilidade na decora\u00e7\u00e3o, al\u00e9m de um charme diferenciado para cada ambiente. Quer saber mais? Ent\u00e3o vem com a gente e confira todas as dicas para inserir essa tend\u00eancia em projeto de decora\u00e7\u00e3o.<\/p>\n\n\n\n<h2 class=\"wp-block-heading\"><strong>Como fazer m\u00f3veis de palete<\/strong><\/h2>\n\n\n\n<p>Os paletes, de uma forma geral, seguem uma dimens\u00e3o padr\u00e3o, t\u00eam 1m por 1,20m. H\u00e1 v\u00e1rias formas de trabalhar essas pe\u00e7as, de acordo com o tipo de m\u00f3vel que voc\u00ea quer produzir. Elas podem ser cortadas, dispostas lado a lado ou mesmo uma sobre a outra, de acordo com a sua proposta.&nbsp; Da mesma forma, podem ter acabamentos variados, mantendo a cor natural da madeira, envernizados ou at\u00e9 coloridos para dar um toque de modernidade.<\/p>\n\n\n\n<figure class=\"wp-block-image size-large is-resized\"><img loading=\"lazy\" decoding=\"async\" src=\"https:\/\/www.interlarinterlagos.com.br\/blog\/wp-content\/uploads\/2024\/04\/AdobeStock_636331174-min-1024x683.jpeg\" alt=\"\" class=\"wp-image-1371\" width=\"840\" height=\"560\" srcset=\"https:\/\/www.interlarinterlagos.com.br\/blog\/wp-content\/uploads\/2024\/04\/AdobeStock_636331174-min-1024x683.jpeg 1024w, https:\/\/www.interlarinterlagos.com.br\/blog\/wp-content\/uploads\/2024\/04\/AdobeStock_636331174-min-300x200.jpeg 300w, https:\/\/www.interlarinterlagos.com.br\/blog\/wp-content\/uploads\/2024\/04\/AdobeStock_636331174-min-768x512.jpeg 768w, https:\/\/www.interlarinterlagos.com.br\/blog\/wp-content\/uploads\/2024\/04\/AdobeStock_636331174-min-1536x1024.jpeg 1536w, https:\/\/www.interlarinterlagos.com.br\/blog\/wp-content\/uploads\/2024\/04\/AdobeStock_636331174-min-2048x1365.jpeg 2048w, https:\/\/www.interlarinterlagos.com.br\/blog\/wp-content\/uploads\/2024\/04\/AdobeStock_636331174-min-1140x760.jpeg 1140w\" sizes=\"auto, (max-width: 840px) 100vw, 840px\" \/><figcaption class=\"wp-element-caption\"><em>Imagem: Adobe Stock<\/em><\/figcaption><\/figure>\n\n\n\n<h2 class=\"wp-block-heading\"><strong>M\u00f3veis de palete para o quarto<\/strong><\/h2>\n\n\n\n<p>Uma cama de palete \u00e9 uma op\u00e7\u00e3o pr\u00e1tica e funcional para mudar a decora\u00e7\u00e3o do seu quarto. \u00c9 s\u00f3 dispor essas pe\u00e7as lado a lado, colocar sobre elas o colch\u00e3o e o m\u00f3vel estar\u00e1 completo. Voc\u00ea pode tamb\u00e9m usar paletes para fazer uma mesinha de cabeceira ou uma estante, compondo dessa forma, um belo conjunto.<\/p>\n\n\n\n<figure class=\"wp-block-image size-large\"><img loading=\"lazy\" decoding=\"async\" width=\"1024\" height=\"447\" src=\"https:\/\/www.interlarinterlagos.com.br\/blog\/wp-content\/uploads\/2024\/04\/AdobeStock_748914559-min-1024x447.jpeg\" alt=\"\" class=\"wp-image-1372\" srcset=\"https:\/\/www.interlarinterlagos.com.br\/blog\/wp-content\/uploads\/2024\/04\/AdobeStock_748914559-min-1024x447.jpeg 1024w, https:\/\/www.interlarinterlagos.com.br\/blog\/wp-content\/uploads\/2024\/04\/AdobeStock_748914559-min-300x131.jpeg 300w, https:\/\/www.interlarinterlagos.com.br\/blog\/wp-content\/uploads\/2024\/04\/AdobeStock_748914559-min-768x336.jpeg 768w, https:\/\/www.interlarinterlagos.com.br\/blog\/wp-content\/uploads\/2024\/04\/AdobeStock_748914559-min-1536x671.jpeg 1536w, https:\/\/www.interlarinterlagos.com.br\/blog\/wp-content\/uploads\/2024\/04\/AdobeStock_748914559-min-2048x895.jpeg 2048w, https:\/\/www.interlarinterlagos.com.br\/blog\/wp-content\/uploads\/2024\/04\/AdobeStock_748914559-min-1140x498.jpeg 1140w\" sizes=\"auto, (max-width: 1024px) 100vw, 1024px\" \/><figcaption class=\"wp-element-caption\"><em>Imagem: Adobe Stock<\/em><\/figcaption><\/figure>\n\n\n\n<h2 class=\"wp-block-heading\"><strong>M\u00f3veis de palete para a sala<\/strong><\/h2>\n\n\n\n<p>Sof\u00e1s, poltronas, estantes, mesas de centro. Os paletes podem ser usados das mais variadas maneiras no mobili\u00e1rio da sua sala. S\u00e3o m\u00f3veis que podem ser montados com muita facilidade. O importante aqui, \u00e9 voc\u00ea dar o seu toque pessoal escolhendo os estofados, as almofadas, os tapetes das cores que mais combinarem com o seu estilo.<\/p>\n\n\n\n<figure class=\"wp-block-image size-large\"><img loading=\"lazy\" decoding=\"async\" width=\"1024\" height=\"574\" src=\"https:\/\/www.interlarinterlagos.com.br\/blog\/wp-content\/uploads\/2024\/04\/AdobeStock_647559100-min-1024x574.jpeg\" alt=\"\" class=\"wp-image-1373\" srcset=\"https:\/\/www.interlarinterlagos.com.br\/blog\/wp-content\/uploads\/2024\/04\/AdobeStock_647559100-min-1024x574.jpeg 1024w, https:\/\/www.interlarinterlagos.com.br\/blog\/wp-content\/uploads\/2024\/04\/AdobeStock_647559100-min-300x168.jpeg 300w, https:\/\/www.interlarinterlagos.com.br\/blog\/wp-content\/uploads\/2024\/04\/AdobeStock_647559100-min-768x430.jpeg 768w, https:\/\/www.interlarinterlagos.com.br\/blog\/wp-content\/uploads\/2024\/04\/AdobeStock_647559100-min-1536x861.jpeg 1536w, https:\/\/www.interlarinterlagos.com.br\/blog\/wp-content\/uploads\/2024\/04\/AdobeStock_647559100-min-2048x1148.jpeg 2048w, https:\/\/www.interlarinterlagos.com.br\/blog\/wp-content\/uploads\/2024\/04\/AdobeStock_647559100-min-1140x639.jpeg 1140w\" sizes=\"auto, (max-width: 1024px) 100vw, 1024px\" \/><figcaption class=\"wp-element-caption\"><em>Imagem: Adobe Stock<\/em><\/figcaption><\/figure>\n\n\n\n<h2 class=\"wp-block-heading\"><strong>M\u00f3veis de palete para a varanda<\/strong><\/h2>\n\n\n\n<p>Jardins suspensos feitos com paletes v\u00e3o dar um ar diferenciado \u00e0 varanda de sua casa ou apartamento, um toque r\u00fastico, mas sem perder o estilo. Basta fixar as pe\u00e7as \u00e0 parede e acrescentar suporte para os vasinhos. Escolha as plantas que mais gostar e que se adequem ao ambiente e pronto. Voc\u00ea vai adorar o resultado.<\/p>\n\n\n\n<figure class=\"wp-block-image size-large\"><img loading=\"lazy\" decoding=\"async\" width=\"1024\" height=\"695\" src=\"https:\/\/www.interlarinterlagos.com.br\/blog\/wp-content\/uploads\/2024\/04\/AdobeStock_457002904-min-1024x695.jpeg\" alt=\"\" class=\"wp-image-1374\" srcset=\"https:\/\/www.interlarinterlagos.com.br\/blog\/wp-content\/uploads\/2024\/04\/AdobeStock_457002904-min-1024x695.jpeg 1024w, https:\/\/www.interlarinterlagos.com.br\/blog\/wp-content\/uploads\/2024\/04\/AdobeStock_457002904-min-300x204.jpeg 300w, https:\/\/www.interlarinterlagos.com.br\/blog\/wp-content\/uploads\/2024\/04\/AdobeStock_457002904-min-768x521.jpeg 768w, https:\/\/www.interlarinterlagos.com.br\/blog\/wp-content\/uploads\/2024\/04\/AdobeStock_457002904-min-1536x1042.jpeg 1536w, https:\/\/www.interlarinterlagos.com.br\/blog\/wp-content\/uploads\/2024\/04\/AdobeStock_457002904-min-2048x1390.jpeg 2048w, https:\/\/www.interlarinterlagos.com.br\/blog\/wp-content\/uploads\/2024\/04\/AdobeStock_457002904-min-1140x774.jpeg 1140w\" sizes=\"auto, (max-width: 1024px) 100vw, 1024px\" \/><figcaption class=\"wp-element-caption\"><em>Imagem: Adobe Stock<\/em><\/figcaption><\/figure>\n\n\n\n<h2 class=\"wp-block-heading\"><strong>Acess\u00f3rios para m\u00f3veis de palete<\/strong><\/h2>\n\n\n\n<p>Algumas interven\u00e7\u00f5es podem deixar seus m\u00f3veis de palete ainda mais funcionais. Voc\u00ea pode, por exemplo, incluir rodinhas que permitem o deslocamento por diversos ambientes da sala ou do quarto. Ou revestir a superf\u00edcie com vidro, o que d\u00e1 um toque de estilo e sofistica\u00e7\u00e3o. S\u00e3o diversas possibilidades para deixar o ambiente ainda mais funcional, moderno, e principalmente, seguro.<\/p>\n\n\n\n<p>Gostou dessas ideias? Ent\u00e3o, anote a\u00ed uma \u00faltima dica: na hora de comprar os paletes para fazer seus m\u00f3veis, muita aten\u00e7\u00e3o \u00e0 qualidade da madeira. D\u00ea prefer\u00eancia a fornecedores que trabalhem com madeira certificada. Consulte ainda se a madeira \u00e9 tratada, o que evita problemas como o aparecimento de cupins, por exemplo. Feito isso, m\u00e3os \u00e0 obra para renovar a sua casa.<\/p>\n\n\n\n<p>Gostou das nossas dicas? Inspire-se e transforme o seu lar com essa tend\u00eancia que une praticidade, funcionalidade e estilo!<\/p>\n","protected":false},"excerpt":{"rendered":"<p>Quer dar uma renovada no visual de sua casa, com pe\u00e7as diferenciadas? Os m\u00f3veis de palete s\u00e3o uma \u00f3tima op\u00e7\u00e3o para isso. Originalmente uma pe\u00e7a de log\u00edstica, para o transporte de produtos nas f\u00e1bricas, os paletes ganharam espa\u00e7o na decora\u00e7\u00e3o de ambientes, possibilitando in\u00fameras composi\u00e7\u00f5es de m\u00f3veis e acabamentos. Feito de madeira, o palete \u00e9 vers\u00e1til, funcional e, o melhor de tudo, permite que voc\u00ea use toda a sua criatividade, deixando sua casa do jeitinho que \u00e9 s\u00f3 seu. Pela facilidade de montagem, \u00e9 uma op\u00e7\u00e3o que proporciona versatilidade na decora\u00e7\u00e3o, al\u00e9m de um charme diferenciado para cada ambiente. Quer saber mais? Ent\u00e3o vem com a gente e confira todas as dicas para inserir essa tend\u00eancia em projeto de decora\u00e7\u00e3o. Como fazer m\u00f3veis de palete Os paletes, de uma forma geral, seguem uma dimens\u00e3o padr\u00e3o, t\u00eam 1m por 1,20m. H\u00e1 v\u00e1rias formas de trabalhar essas pe\u00e7as, de acordo com o tipo de m\u00f3vel que voc\u00ea quer produzir. Elas podem ser cortadas, dispostas lado a lado ou mesmo uma sobre a outra, de acordo com a sua proposta.&nbsp; Da mesma forma, podem ter acabamentos variados, mantendo a cor natural da madeira, envernizados ou at\u00e9 coloridos para dar um toque de modernidade. M\u00f3veis de palete para o quarto Uma cama de palete \u00e9 uma op\u00e7\u00e3o pr\u00e1tica e funcional para mudar a decora\u00e7\u00e3o do seu quarto. \u00c9 s\u00f3 dispor essas pe\u00e7as lado a lado, colocar sobre elas o colch\u00e3o e o m\u00f3vel estar\u00e1 completo. Voc\u00ea pode tamb\u00e9m usar paletes para fazer uma mesinha de cabeceira ou uma estante, compondo dessa forma, um belo conjunto. M\u00f3veis de palete para a sala Sof\u00e1s, poltronas, estantes, mesas de centro. Os paletes podem ser usados das mais variadas maneiras no mobili\u00e1rio da sua sala. S\u00e3o m\u00f3veis que podem ser montados com muita facilidade. O importante aqui, \u00e9 voc\u00ea dar o seu toque pessoal escolhendo os estofados, as almofadas, os tapetes das cores que mais combinarem com o seu estilo. M\u00f3veis de palete para a varanda Jardins suspensos feitos com paletes v\u00e3o dar um ar diferenciado \u00e0 varanda de sua casa ou apartamento, um toque r\u00fastico, mas sem perder o estilo. Basta fixar as pe\u00e7as \u00e0 parede e acrescentar suporte para os vasinhos. Escolha as plantas que mais gostar e que se adequem ao ambiente e pronto. Voc\u00ea vai adorar o resultado. Acess\u00f3rios para m\u00f3veis de palete Algumas interven\u00e7\u00f5es podem deixar seus m\u00f3veis de palete ainda mais funcionais. Voc\u00ea pode, por exemplo, incluir rodinhas que permitem o deslocamento por diversos ambientes da sala ou do quarto. Ou revestir a superf\u00edcie com vidro, o que d\u00e1 um toque de estilo e sofistica\u00e7\u00e3o. S\u00e3o diversas possibilidades para deixar o ambiente ainda mais funcional, moderno, e principalmente, seguro. Gostou dessas ideias? Ent\u00e3o, anote a\u00ed uma \u00faltima dica: na hora de comprar os paletes para fazer seus m\u00f3veis, muita aten\u00e7\u00e3o \u00e0 qualidade da madeira. D\u00ea prefer\u00eancia a fornecedores que trabalhem com madeira certificada. Consulte ainda se a madeira \u00e9 tratada, o que evita problemas como o aparecimento de cupins, por exemplo. Feito isso, m\u00e3os \u00e0 obra para renovar a sua casa. Gostou das nossas dicas? Inspire-se e transforme o seu lar com essa tend\u00eancia que une praticidade, funcionalidade e estilo!<\/p>\n","protected":false},"author":1,"featured_media":1369,"comment_status":"closed","ping_status":"closed","sticky":false,"template":"","format":"standard","meta":{"_monsterinsights_skip_tracking":false,"_monsterinsights_sitenote_active":false,"_monsterinsights_sitenote_note":"","_monsterinsights_sitenote_category":0,"footnotes":""},"categories":[21],"tags":[294,297,295,298,296],"class_list":["post-1364","post","type-post","status-publish","format-standard","has-post-thumbnail","hentry","category-dicas","tag-cama-de-palete","tag-estante-de-palete","tag-mesa-de-palete","tag-palete","tag-sofa-de-palete"],"_links":{"self":[{"href":"https:\/\/www.interlarinterlagos.com.br\/blog\/wp-json\/wp\/v2\/posts\/1364","targetHints":{"allow":["GET"]}}],"collection":[{"href":"https:\/\/www.interlarinterlagos.com.br\/blog\/wp-json\/wp\/v2\/posts"}],"about":[{"href":"https:\/\/www.interlarinterlagos.com.br\/blog\/wp-json\/wp\/v2\/types\/post"}],"author":[{"embeddable":true,"href":"https:\/\/www.interlarinterlagos.com.br\/blog\/wp-json\/wp\/v2\/users\/1"}],"replies":[{"embeddable":true,"href":"https:\/\/www.interlarinterlagos.com.br\/blog\/wp-json\/wp\/v2\/comments?post=1364"}],"version-history":[{"count":3,"href":"https:\/\/www.interlarinterlagos.com.br\/blog\/wp-json\/wp\/v2\/posts\/1364\/revisions"}],"predecessor-version":[{"id":1377,"href":"https:\/\/www.interlarinterlagos.com.br\/blog\/wp-json\/wp\/v2\/posts\/1364\/revisions\/1377"}],"wp:featuredmedia":[{"embeddable":true,"href":"https:\/\/www.interlarinterlagos.com.br\/blog\/wp-json\/wp\/v2\/media\/1369"}],"wp:attachment":[{"href":"https:\/\/www.interlarinterlagos.com.br\/blog\/wp-json\/wp\/v2\/media?parent=1364"}],"wp:term":[{"taxonomy":"category","embeddable":true,"href":"https:\/\/www.interlarinterlagos.com.br\/blog\/wp-json\/wp\/v2\/categories?post=1364"},{"taxonomy":"post_tag","embeddable":true,"href":"https:\/\/www.interlarinterlagos.com.br\/blog\/wp-json\/wp\/v2\/tags?post=1364"}],"curies":[{"name":"wp","href":"https:\/\/api.w.org\/{rel}","templated":true}]}}