{"id":1310,"date":"2024-02-22T09:00:00","date_gmt":"2024-02-22T12:00:00","guid":{"rendered":"https:\/\/www.interlarinterlagos.com.br\/blog\/?p=1310"},"modified":"2025-06-18T09:02:06","modified_gmt":"2025-06-18T12:02:06","slug":"brasilidade-na-decoracao-as-cores-e-a-natureza-do-brasil-na-sua-casa","status":"publish","type":"post","link":"https:\/\/www.interlarinterlagos.com.br\/blog\/2024\/02\/brasilidade-na-decoracao-as-cores-e-a-natureza-do-brasil-na-sua-casa\/","title":{"rendered":"Brasilidade na decora\u00e7\u00e3o: as cores e a natureza do Brasil na sua casa"},"content":{"rendered":"\n<p>A diversidade \u00e9 uma marca da cultura brasileira. Aqui, temos influ\u00eancia das mais variadas etnias, temos uma flora e uma fauna riqu\u00edssimas, um estilo de vida marcado pela descontra\u00e7\u00e3o e a alegria. Por que n\u00e3o, ent\u00e3o, trazer todos esses elementos para a decora\u00e7\u00e3o de sua casa? Gostou da ideia? Pois saiba que voc\u00ea n\u00e3o est\u00e1 s\u00f3: a brasilidade \u00e9 uma tend\u00eancia na decora\u00e7\u00e3o.<\/p>\n\n\n\n<p>Isso mesmo! Ao inv\u00e9s de importar ideias e estilos estrangeiros, uma decora\u00e7\u00e3o inspirada em motivos brasileiros, exaltando nossa cultura e nossa natureza, permite construir ambientes aconchegantes, confort\u00e1veis e o que \u00e9 melhor: com o seu toque pessoal. Quer ver algumas dicas de como fazer? Anota a\u00ed, ent\u00e3o:<\/p>\n\n\n\n<figure class=\"wp-block-image size-large\"><img loading=\"lazy\" decoding=\"async\" width=\"1024\" height=\"574\" src=\"https:\/\/www.interlarinterlagos.com.br\/blog\/wp-content\/uploads\/2024\/02\/sala-com-parede-verde-1024x574.jpeg\" alt=\"\" class=\"wp-image-1321\" srcset=\"https:\/\/www.interlarinterlagos.com.br\/blog\/wp-content\/uploads\/2024\/02\/sala-com-parede-verde-1024x574.jpeg 1024w, https:\/\/www.interlarinterlagos.com.br\/blog\/wp-content\/uploads\/2024\/02\/sala-com-parede-verde-300x168.jpeg 300w, https:\/\/www.interlarinterlagos.com.br\/blog\/wp-content\/uploads\/2024\/02\/sala-com-parede-verde-768x430.jpeg 768w, https:\/\/www.interlarinterlagos.com.br\/blog\/wp-content\/uploads\/2024\/02\/sala-com-parede-verde-1536x861.jpeg 1536w, https:\/\/www.interlarinterlagos.com.br\/blog\/wp-content\/uploads\/2024\/02\/sala-com-parede-verde-2048x1148.jpeg 2048w, https:\/\/www.interlarinterlagos.com.br\/blog\/wp-content\/uploads\/2024\/02\/sala-com-parede-verde-1140x639.jpeg 1140w\" sizes=\"auto, (max-width: 1024px) 100vw, 1024px\" \/><figcaption class=\"wp-element-caption\"><em>Imagem: Adobe Stock<\/em><\/figcaption><\/figure>\n\n\n\n<h2 class=\"wp-block-heading\"><strong>Use e abuse das cores tropicais<\/strong><\/h2>\n\n\n\n<p>A proposta da decora\u00e7\u00e3o baseada na brasilidade \u00e9 valorizar, entre outros elementos, tudo aquilo que representa as belezas naturais e a cultura do nosso pa\u00eds. Nesse sentido, as cores cumprem um papel importante. Muito al\u00e9m do verde e amarelo da nossa bandeira, ter uma parede refletindo o azul suave do mar, o beje das areias das praias, as diversas tonalidades de verde de nossas matas e o marrom das terras f\u00e9rteis comp\u00f5em com perfei\u00e7\u00e3o esse cen\u00e1rio. Cores alegres, vivas ou em tons past\u00e9is s\u00e3o uma outra op\u00e7\u00e3o interessante.<\/p>\n\n\n\n<figure class=\"wp-block-image size-large\"><img loading=\"lazy\" decoding=\"async\" width=\"1024\" height=\"683\" src=\"https:\/\/www.interlarinterlagos.com.br\/blog\/wp-content\/uploads\/2024\/02\/moveis-de-vime-e-palha-1024x683.jpeg\" alt=\"\" class=\"wp-image-1322\" srcset=\"https:\/\/www.interlarinterlagos.com.br\/blog\/wp-content\/uploads\/2024\/02\/moveis-de-vime-e-palha-1024x683.jpeg 1024w, https:\/\/www.interlarinterlagos.com.br\/blog\/wp-content\/uploads\/2024\/02\/moveis-de-vime-e-palha-300x200.jpeg 300w, https:\/\/www.interlarinterlagos.com.br\/blog\/wp-content\/uploads\/2024\/02\/moveis-de-vime-e-palha-768x512.jpeg 768w, https:\/\/www.interlarinterlagos.com.br\/blog\/wp-content\/uploads\/2024\/02\/moveis-de-vime-e-palha-1536x1024.jpeg 1536w, https:\/\/www.interlarinterlagos.com.br\/blog\/wp-content\/uploads\/2024\/02\/moveis-de-vime-e-palha-2048x1365.jpeg 2048w, https:\/\/www.interlarinterlagos.com.br\/blog\/wp-content\/uploads\/2024\/02\/moveis-de-vime-e-palha-1140x760.jpeg 1140w\" sizes=\"auto, (max-width: 1024px) 100vw, 1024px\" \/><figcaption class=\"wp-element-caption\"><em>Imagem: Adobe Stock<\/em><\/figcaption><\/figure>\n\n\n\n<h2 class=\"wp-block-heading\"><strong>Prefira materiais naturais<\/strong><\/h2>\n\n\n\n<p>M\u00f3veis e revestimentos feitos de materiais tipicamente brasileiros tamb\u00e9m s\u00e3o uma forma bem positiva de embarcar na onda da decora\u00e7\u00e3o com brasilidade. Os diferentes tipos de madeira extra\u00eddos de nossas matas \u2013 de forma respons\u00e1vel e certificada, \u00e9 claro \u2013 podem ser usados em revestimentos e no mobili\u00e1rio. Al\u00e9m disso, o bambu, a palha, o couro e o sisal, usados corretamente, em m\u00f3veis, tapetes, quadros ou almofadas d\u00e3o um charme a mais ao seu projeto.<\/p>\n\n\n\n<figure class=\"wp-block-image size-large\"><img loading=\"lazy\" decoding=\"async\" width=\"1024\" height=\"447\" src=\"https:\/\/www.interlarinterlagos.com.br\/blog\/wp-content\/uploads\/2024\/02\/potes-de-barro-artesanato-indigena-1024x447.jpeg\" alt=\"\" class=\"wp-image-1324\" srcset=\"https:\/\/www.interlarinterlagos.com.br\/blog\/wp-content\/uploads\/2024\/02\/potes-de-barro-artesanato-indigena-1024x447.jpeg 1024w, https:\/\/www.interlarinterlagos.com.br\/blog\/wp-content\/uploads\/2024\/02\/potes-de-barro-artesanato-indigena-300x131.jpeg 300w, https:\/\/www.interlarinterlagos.com.br\/blog\/wp-content\/uploads\/2024\/02\/potes-de-barro-artesanato-indigena-768x336.jpeg 768w, https:\/\/www.interlarinterlagos.com.br\/blog\/wp-content\/uploads\/2024\/02\/potes-de-barro-artesanato-indigena-1536x671.jpeg 1536w, https:\/\/www.interlarinterlagos.com.br\/blog\/wp-content\/uploads\/2024\/02\/potes-de-barro-artesanato-indigena-2048x895.jpeg 2048w, https:\/\/www.interlarinterlagos.com.br\/blog\/wp-content\/uploads\/2024\/02\/potes-de-barro-artesanato-indigena-1140x498.jpeg 1140w\" sizes=\"auto, (max-width: 1024px) 100vw, 1024px\" \/><figcaption class=\"wp-element-caption\"><em>Imagem: Adobe Stock<\/em><\/figcaption><\/figure>\n\n\n\n<h2 class=\"wp-block-heading\"><strong>Componha o ambiente com pe\u00e7as de artesanato<\/strong><\/h2>\n\n\n\n<p>Atrav\u00e9s do artesanato \u00e9 poss\u00edvel contar a hist\u00f3ria e os costumes de um povo. E poucos lugares no mundo t\u00eam um artesanato t\u00e3o rico como o Brasil. Esculturas de barro e cer\u00e2mica, pe\u00e7as de madeira ou de palha, tape\u00e7aria, potes, panelas, bonecos, bichos, vasos, o que n\u00e3o faltam s\u00e3o op\u00e7\u00f5es para compor a decora\u00e7\u00e3o dos mais variados ambientes da casa. E um outro aspecto muito importante: valorizando essas pe\u00e7as tamb\u00e9m estamos cultivando nossas lembran\u00e7as, viagens e momentos que desfrutamos ao longo dos anos.<\/p>\n\n\n\n<figure class=\"wp-block-image size-large\"><img loading=\"lazy\" decoding=\"async\" width=\"1024\" height=\"683\" src=\"https:\/\/www.interlarinterlagos.com.br\/blog\/wp-content\/uploads\/2024\/02\/arvores-brasileiras-na-decoracaoi-1024x683.jpeg\" alt=\"\" class=\"wp-image-1325\" srcset=\"https:\/\/www.interlarinterlagos.com.br\/blog\/wp-content\/uploads\/2024\/02\/arvores-brasileiras-na-decoracaoi-1024x683.jpeg 1024w, https:\/\/www.interlarinterlagos.com.br\/blog\/wp-content\/uploads\/2024\/02\/arvores-brasileiras-na-decoracaoi-300x200.jpeg 300w, https:\/\/www.interlarinterlagos.com.br\/blog\/wp-content\/uploads\/2024\/02\/arvores-brasileiras-na-decoracaoi-768x512.jpeg 768w, https:\/\/www.interlarinterlagos.com.br\/blog\/wp-content\/uploads\/2024\/02\/arvores-brasileiras-na-decoracaoi-1536x1024.jpeg 1536w, https:\/\/www.interlarinterlagos.com.br\/blog\/wp-content\/uploads\/2024\/02\/arvores-brasileiras-na-decoracaoi-2048x1365.jpeg 2048w, https:\/\/www.interlarinterlagos.com.br\/blog\/wp-content\/uploads\/2024\/02\/arvores-brasileiras-na-decoracaoi-1140x760.jpeg 1140w\" sizes=\"auto, (max-width: 1024px) 100vw, 1024px\" \/><figcaption class=\"wp-element-caption\"><em>Imagem: Adobe Stock<\/em><\/figcaption><\/figure>\n\n\n\n<h2 class=\"wp-block-heading\"><strong>Leve a natureza para dentro de casa<\/strong><\/h2>\n\n\n\n<p>Praias e montanhas, rios e lagos, as belezas naturais s\u00e3o uma das caracter\u00edsticas mais marcantes do nosso pa\u00eds. E isso n\u00e3o pode ser descartado quando falamos da decora\u00e7\u00e3o inspirada na brasilidade. E, se o tema \u00e9 natureza, nada melhor do que recorrer a elementos autenticamente naturais, n\u00e3o \u00e9 mesmo? Espalhar pela casa esp\u00e9cies de plantas nativas, por exemplo, vai transmitir muito dessa sensa\u00e7\u00e3o.<\/p>\n\n\n\n<p>Mas n\u00e3o \u00e9 somente isso. Azulejos decorados, quadros, almofadas, lou\u00e7as, roupas de cama e de banho com estampas de \u00e1rvores, flores e animais que remetem \u00e0 natureza do Brasil tamb\u00e9m ajudam a trazer um pouco de nossas riquezas para dentro de casa.<\/p>\n","protected":false},"excerpt":{"rendered":"<p>A diversidade \u00e9 uma marca da cultura brasileira. Aqui, temos influ\u00eancia das mais variadas etnias, temos uma flora e uma fauna riqu\u00edssimas, um estilo de vida marcado pela descontra\u00e7\u00e3o e a alegria. Por que n\u00e3o, ent\u00e3o, trazer todos esses elementos para a decora\u00e7\u00e3o de sua casa? Gostou da ideia? Pois saiba que voc\u00ea n\u00e3o est\u00e1 s\u00f3: a brasilidade \u00e9 uma tend\u00eancia na decora\u00e7\u00e3o. Isso mesmo! Ao inv\u00e9s de importar ideias e estilos estrangeiros, uma decora\u00e7\u00e3o inspirada em motivos brasileiros, exaltando nossa cultura e nossa natureza, permite construir ambientes aconchegantes, confort\u00e1veis e o que \u00e9 melhor: com o seu toque pessoal. Quer ver algumas dicas de como fazer? Anota a\u00ed, ent\u00e3o: Use e abuse das cores tropicais A proposta da decora\u00e7\u00e3o baseada na brasilidade \u00e9 valorizar, entre outros elementos, tudo aquilo que representa as belezas naturais e a cultura do nosso pa\u00eds. Nesse sentido, as cores cumprem um papel importante. Muito al\u00e9m do verde e amarelo da nossa bandeira, ter uma parede refletindo o azul suave do mar, o beje das areias das praias, as diversas tonalidades de verde de nossas matas e o marrom das terras f\u00e9rteis comp\u00f5em com perfei\u00e7\u00e3o esse cen\u00e1rio. Cores alegres, vivas ou em tons past\u00e9is s\u00e3o uma outra op\u00e7\u00e3o interessante. Prefira materiais naturais M\u00f3veis e revestimentos feitos de materiais tipicamente brasileiros tamb\u00e9m s\u00e3o uma forma bem positiva de embarcar na onda da decora\u00e7\u00e3o com brasilidade. Os diferentes tipos de madeira extra\u00eddos de nossas matas \u2013 de forma respons\u00e1vel e certificada, \u00e9 claro \u2013 podem ser usados em revestimentos e no mobili\u00e1rio. Al\u00e9m disso, o bambu, a palha, o couro e o sisal, usados corretamente, em m\u00f3veis, tapetes, quadros ou almofadas d\u00e3o um charme a mais ao seu projeto. Componha o ambiente com pe\u00e7as de artesanato Atrav\u00e9s do artesanato \u00e9 poss\u00edvel contar a hist\u00f3ria e os costumes de um povo. E poucos lugares no mundo t\u00eam um artesanato t\u00e3o rico como o Brasil. Esculturas de barro e cer\u00e2mica, pe\u00e7as de madeira ou de palha, tape\u00e7aria, potes, panelas, bonecos, bichos, vasos, o que n\u00e3o faltam s\u00e3o op\u00e7\u00f5es para compor a decora\u00e7\u00e3o dos mais variados ambientes da casa. E um outro aspecto muito importante: valorizando essas pe\u00e7as tamb\u00e9m estamos cultivando nossas lembran\u00e7as, viagens e momentos que desfrutamos ao longo dos anos. Leve a natureza para dentro de casa Praias e montanhas, rios e lagos, as belezas naturais s\u00e3o uma das caracter\u00edsticas mais marcantes do nosso pa\u00eds. E isso n\u00e3o pode ser descartado quando falamos da decora\u00e7\u00e3o inspirada na brasilidade. E, se o tema \u00e9 natureza, nada melhor do que recorrer a elementos autenticamente naturais, n\u00e3o \u00e9 mesmo? Espalhar pela casa esp\u00e9cies de plantas nativas, por exemplo, vai transmitir muito dessa sensa\u00e7\u00e3o. Mas n\u00e3o \u00e9 somente isso. Azulejos decorados, quadros, almofadas, lou\u00e7as, roupas de cama e de banho com estampas de \u00e1rvores, flores e animais que remetem \u00e0 natureza do Brasil tamb\u00e9m ajudam a trazer um pouco de nossas riquezas para dentro de casa.<\/p>\n","protected":false},"author":1,"featured_media":1326,"comment_status":"closed","ping_status":"closed","sticky":false,"template":"","format":"standard","meta":{"_monsterinsights_skip_tracking":false,"_monsterinsights_sitenote_active":false,"_monsterinsights_sitenote_note":"","_monsterinsights_sitenote_category":0,"footnotes":""},"categories":[21],"tags":[283,282,13,66,284,230,102,241],"class_list":["post-1310","post","type-post","status-publish","format-standard","has-post-thumbnail","hentry","category-dicas","tag-artesanato","tag-brasilidade","tag-cores","tag-decoracao","tag-decoracao-latina","tag-dicas-de-decoracao","tag-moveis","tag-shopping-interlar-interlagos"],"_links":{"self":[{"href":"https:\/\/www.interlarinterlagos.com.br\/blog\/wp-json\/wp\/v2\/posts\/1310","targetHints":{"allow":["GET"]}}],"collection":[{"href":"https:\/\/www.interlarinterlagos.com.br\/blog\/wp-json\/wp\/v2\/posts"}],"about":[{"href":"https:\/\/www.interlarinterlagos.com.br\/blog\/wp-json\/wp\/v2\/types\/post"}],"author":[{"embeddable":true,"href":"https:\/\/www.interlarinterlagos.com.br\/blog\/wp-json\/wp\/v2\/users\/1"}],"replies":[{"embeddable":true,"href":"https:\/\/www.interlarinterlagos.com.br\/blog\/wp-json\/wp\/v2\/comments?post=1310"}],"version-history":[{"count":4,"href":"https:\/\/www.interlarinterlagos.com.br\/blog\/wp-json\/wp\/v2\/posts\/1310\/revisions"}],"predecessor-version":[{"id":1330,"href":"https:\/\/www.interlarinterlagos.com.br\/blog\/wp-json\/wp\/v2\/posts\/1310\/revisions\/1330"}],"wp:featuredmedia":[{"embeddable":true,"href":"https:\/\/www.interlarinterlagos.com.br\/blog\/wp-json\/wp\/v2\/media\/1326"}],"wp:attachment":[{"href":"https:\/\/www.interlarinterlagos.com.br\/blog\/wp-json\/wp\/v2\/media?parent=1310"}],"wp:term":[{"taxonomy":"category","embeddable":true,"href":"https:\/\/www.interlarinterlagos.com.br\/blog\/wp-json\/wp\/v2\/categories?post=1310"},{"taxonomy":"post_tag","embeddable":true,"href":"https:\/\/www.interlarinterlagos.com.br\/blog\/wp-json\/wp\/v2\/tags?post=1310"}],"curies":[{"name":"wp","href":"https:\/\/api.w.org\/{rel}","templated":true}]}}