{"id":1308,"date":"2024-02-08T09:00:00","date_gmt":"2024-02-08T12:00:00","guid":{"rendered":"https:\/\/www.interlarinterlagos.com.br\/blog\/?p=1308"},"modified":"2025-06-18T09:02:06","modified_gmt":"2025-06-18T12:02:06","slug":"cor-do-ano-dicas-de-como-usar-a-peach-fuzz-na-decoracao-da-sua-casa","status":"publish","type":"post","link":"https:\/\/www.interlarinterlagos.com.br\/blog\/2024\/02\/cor-do-ano-dicas-de-como-usar-a-peach-fuzz-na-decoracao-da-sua-casa\/","title":{"rendered":"Cor do ano: dicas de como usar a Peach Fuzz na decora\u00e7\u00e3o da sua casa"},"content":{"rendered":"\n<p>A Peach Fuzz, penugem de p\u00eassego em tradu\u00e7\u00e3o literal, \u00e9 a Cor do Ano de 2024. De acordo com a descri\u00e7\u00e3o oficial \u00e9 uma cor emp\u00e1tica que traz uma sensa\u00e7\u00e3o de gentileza e acolhimento, comunicando uma mensagem de cuidados, compartilhamento e colabora\u00e7\u00e3o. \u00c9 um tom c\u00e1lido e aconchegante, entre o rosa e o laranja, que reflete nossos desejos de proximidade com os outros ou de momentos de quietude.<\/p>\n\n\n\n<p>A escolha da cor do ano tradicionalmente exerce uma forte influ\u00eancia na moda, no design de objetos e tamb\u00e9m na decora\u00e7\u00e3o, pautando o trabalho de arquitetos, estilistas e profissionais das mais variadas \u00e1reas. Mas voc\u00ea, que gosta de estar em linha com as tend\u00eancias do momento, tamb\u00e9m pode incorporar a suavidade da Peach Fuzz na decora\u00e7\u00e3o da sua casa. N\u00e3o \u00e9 uma tarefa dif\u00edcil, as possibilidades s\u00e3o muitas, quer ver s\u00f3? Ent\u00e3o olha as dicas que preparamos para voc\u00ea.<\/p>\n\n\n\n<figure class=\"wp-block-image size-large\"><img loading=\"lazy\" decoding=\"async\" width=\"1024\" height=\"768\" src=\"https:\/\/www.interlarinterlagos.com.br\/blog\/wp-content\/uploads\/2024\/02\/parede-com-pintura-peach-fuzz-1024x768.jpeg\" alt=\"\" class=\"wp-image-1313\" srcset=\"https:\/\/www.interlarinterlagos.com.br\/blog\/wp-content\/uploads\/2024\/02\/parede-com-pintura-peach-fuzz-1024x768.jpeg 1024w, https:\/\/www.interlarinterlagos.com.br\/blog\/wp-content\/uploads\/2024\/02\/parede-com-pintura-peach-fuzz-300x225.jpeg 300w, https:\/\/www.interlarinterlagos.com.br\/blog\/wp-content\/uploads\/2024\/02\/parede-com-pintura-peach-fuzz-768x576.jpeg 768w, https:\/\/www.interlarinterlagos.com.br\/blog\/wp-content\/uploads\/2024\/02\/parede-com-pintura-peach-fuzz-1536x1152.jpeg 1536w, https:\/\/www.interlarinterlagos.com.br\/blog\/wp-content\/uploads\/2024\/02\/parede-com-pintura-peach-fuzz-2048x1536.jpeg 2048w, https:\/\/www.interlarinterlagos.com.br\/blog\/wp-content\/uploads\/2024\/02\/parede-com-pintura-peach-fuzz-1140x855.jpeg 1140w\" sizes=\"auto, (max-width: 1024px) 100vw, 1024px\" \/><figcaption class=\"wp-element-caption\"><em>Imagem: Adobe Stock<\/em><\/figcaption><\/figure>\n\n\n\n<h2 class=\"wp-block-heading\"><strong>Peach Fuzz na pintura das paredes<\/strong><\/h2>\n\n\n\n<p>Uma \u00f3tima op\u00e7\u00e3o para explorar a cor do ano na decora\u00e7\u00e3o da sua casa \u00e9 escolher uma parede da sala, do quarto ou do escrit\u00f3rio para aplicar a Peach Fuzz. Sua combina\u00e7\u00e3o com cores neutras como o branco, o gelo ou o beje transmite ao ambiente uma sensa\u00e7\u00e3o de acolhimento com um toque a mais de eleg\u00e2ncia.<\/p>\n\n\n\n<figure class=\"wp-block-image size-large\"><img loading=\"lazy\" decoding=\"async\" width=\"1024\" height=\"683\" src=\"https:\/\/www.interlarinterlagos.com.br\/blog\/wp-content\/uploads\/2024\/02\/Almofadas-em-cor-peach-fuzz-1024x683.jpeg\" alt=\"\" class=\"wp-image-1314\" srcset=\"https:\/\/www.interlarinterlagos.com.br\/blog\/wp-content\/uploads\/2024\/02\/Almofadas-em-cor-peach-fuzz-1024x683.jpeg 1024w, https:\/\/www.interlarinterlagos.com.br\/blog\/wp-content\/uploads\/2024\/02\/Almofadas-em-cor-peach-fuzz-300x200.jpeg 300w, https:\/\/www.interlarinterlagos.com.br\/blog\/wp-content\/uploads\/2024\/02\/Almofadas-em-cor-peach-fuzz-768x512.jpeg 768w, https:\/\/www.interlarinterlagos.com.br\/blog\/wp-content\/uploads\/2024\/02\/Almofadas-em-cor-peach-fuzz-1536x1024.jpeg 1536w, https:\/\/www.interlarinterlagos.com.br\/blog\/wp-content\/uploads\/2024\/02\/Almofadas-em-cor-peach-fuzz-2048x1365.jpeg 2048w, https:\/\/www.interlarinterlagos.com.br\/blog\/wp-content\/uploads\/2024\/02\/Almofadas-em-cor-peach-fuzz-1140x760.jpeg 1140w\" sizes=\"auto, (max-width: 1024px) 100vw, 1024px\" \/><figcaption class=\"wp-element-caption\"><em>Imagem: Adobe Stock<\/em><\/figcaption><\/figure>\n\n\n\n<h2 class=\"wp-block-heading\"><strong>Peach Fuzz nos acess\u00f3rios<\/strong><\/h2>\n\n\n\n<p>Uma forma mais simples de investir na cor do ano \u00e9 explorar a versatilidade dos acess\u00f3rios que complementam a decora\u00e7\u00e3o da sua casa. As possibilidades s\u00e3o muitas, v\u00e3o desde almofadas, roupa de cama e mesa, vasos de plantas, quadros e lumin\u00e1rias at\u00e9 tapetes e cortinas. O fato que \u00e9 o Peach Fuzz com certeza vai dar um realce aos ambientes e o que \u00e9 melhor, mantendo o seu toque pessoal na decora\u00e7\u00e3o. &nbsp;<\/p>\n\n\n\n<figure class=\"wp-block-image size-large\"><img loading=\"lazy\" decoding=\"async\" width=\"1024\" height=\"683\" src=\"https:\/\/www.interlarinterlagos.com.br\/blog\/wp-content\/uploads\/2024\/02\/poltrona-em-cor-peach-fuzz-1024x683.jpeg\" alt=\"\" class=\"wp-image-1316\" srcset=\"https:\/\/www.interlarinterlagos.com.br\/blog\/wp-content\/uploads\/2024\/02\/poltrona-em-cor-peach-fuzz-1024x683.jpeg 1024w, https:\/\/www.interlarinterlagos.com.br\/blog\/wp-content\/uploads\/2024\/02\/poltrona-em-cor-peach-fuzz-300x200.jpeg 300w, https:\/\/www.interlarinterlagos.com.br\/blog\/wp-content\/uploads\/2024\/02\/poltrona-em-cor-peach-fuzz-768x512.jpeg 768w, https:\/\/www.interlarinterlagos.com.br\/blog\/wp-content\/uploads\/2024\/02\/poltrona-em-cor-peach-fuzz-1536x1024.jpeg 1536w, https:\/\/www.interlarinterlagos.com.br\/blog\/wp-content\/uploads\/2024\/02\/poltrona-em-cor-peach-fuzz-2048x1365.jpeg 2048w, https:\/\/www.interlarinterlagos.com.br\/blog\/wp-content\/uploads\/2024\/02\/poltrona-em-cor-peach-fuzz-1140x760.jpeg 1140w\" sizes=\"auto, (max-width: 1024px) 100vw, 1024px\" \/><figcaption class=\"wp-element-caption\"><em>Imagem: Adobe Stock<\/em><\/figcaption><\/figure>\n\n\n\n<h2 class=\"wp-block-heading\"><strong>Peach Fuzz nos m\u00f3veis<\/strong><\/h2>\n\n\n\n<p>Para usar a Peach Fuzz nos m\u00f3veis da sua casa, a dica \u00e9 escolher pe\u00e7as coringas, de menor porte, mas que se destacam na decora\u00e7\u00e3o. \u00c9 o caso da poltrona ou das banquetas da sala, da mesinha de cabeceira ou do ba\u00fa do quarto, dos nichos da estante do escrit\u00f3rio, por exemplo.&nbsp; Dessa forma, a cor do ano vai conferir um ar contempor\u00e2neo e caloroso a esses espa\u00e7os, sem interferir no estilo da decora\u00e7\u00e3o dos ambientes.<\/p>\n\n\n\n<p>Viu como s\u00e3o diversas as oportunidades de incluir a cor do ano na decora\u00e7\u00e3o da sua casa? <a href=\"https:\/\/www.interlarinterlagos.com.br\/busca-lojas.php\" data-type=\"URL\" data-id=\"https:\/\/www.interlarinterlagos.com.br\/busca-lojas.php\">Agora passa aqui no Shopping Interlar Interlagos<\/a> onde voc\u00ea encontra as \u00faltimas tend\u00eancias de decora\u00e7\u00e3o. E ainda encontra profissionais preparados para te ajudar nas melhores escolhas. Vem pra c\u00e1!.<\/p>\n","protected":false},"excerpt":{"rendered":"<p>A Peach Fuzz, penugem de p\u00eassego em tradu\u00e7\u00e3o literal, \u00e9 a Cor do Ano de 2024. De acordo com a descri\u00e7\u00e3o oficial \u00e9 uma cor emp\u00e1tica que traz uma sensa\u00e7\u00e3o de gentileza e acolhimento, comunicando uma mensagem de cuidados, compartilhamento e colabora\u00e7\u00e3o. \u00c9 um tom c\u00e1lido e aconchegante, entre o rosa e o laranja, que reflete nossos desejos de proximidade com os outros ou de momentos de quietude. A escolha da cor do ano tradicionalmente exerce uma forte influ\u00eancia na moda, no design de objetos e tamb\u00e9m na decora\u00e7\u00e3o, pautando o trabalho de arquitetos, estilistas e profissionais das mais variadas \u00e1reas. Mas voc\u00ea, que gosta de estar em linha com as tend\u00eancias do momento, tamb\u00e9m pode incorporar a suavidade da Peach Fuzz na decora\u00e7\u00e3o da sua casa. N\u00e3o \u00e9 uma tarefa dif\u00edcil, as possibilidades s\u00e3o muitas, quer ver s\u00f3? Ent\u00e3o olha as dicas que preparamos para voc\u00ea. Peach Fuzz na pintura das paredes Uma \u00f3tima op\u00e7\u00e3o para explorar a cor do ano na decora\u00e7\u00e3o da sua casa \u00e9 escolher uma parede da sala, do quarto ou do escrit\u00f3rio para aplicar a Peach Fuzz. Sua combina\u00e7\u00e3o com cores neutras como o branco, o gelo ou o beje transmite ao ambiente uma sensa\u00e7\u00e3o de acolhimento com um toque a mais de eleg\u00e2ncia. Peach Fuzz nos acess\u00f3rios Uma forma mais simples de investir na cor do ano \u00e9 explorar a versatilidade dos acess\u00f3rios que complementam a decora\u00e7\u00e3o da sua casa. As possibilidades s\u00e3o muitas, v\u00e3o desde almofadas, roupa de cama e mesa, vasos de plantas, quadros e lumin\u00e1rias at\u00e9 tapetes e cortinas. O fato que \u00e9 o Peach Fuzz com certeza vai dar um realce aos ambientes e o que \u00e9 melhor, mantendo o seu toque pessoal na decora\u00e7\u00e3o. &nbsp; Peach Fuzz nos m\u00f3veis Para usar a Peach Fuzz nos m\u00f3veis da sua casa, a dica \u00e9 escolher pe\u00e7as coringas, de menor porte, mas que se destacam na decora\u00e7\u00e3o. \u00c9 o caso da poltrona ou das banquetas da sala, da mesinha de cabeceira ou do ba\u00fa do quarto, dos nichos da estante do escrit\u00f3rio, por exemplo.&nbsp; Dessa forma, a cor do ano vai conferir um ar contempor\u00e2neo e caloroso a esses espa\u00e7os, sem interferir no estilo da decora\u00e7\u00e3o dos ambientes. Viu como s\u00e3o diversas as oportunidades de incluir a cor do ano na decora\u00e7\u00e3o da sua casa? Agora passa aqui no Shopping Interlar Interlagos onde voc\u00ea encontra as \u00faltimas tend\u00eancias de decora\u00e7\u00e3o. E ainda encontra profissionais preparados para te ajudar nas melhores escolhas. Vem pra c\u00e1!.<\/p>\n","protected":false},"author":1,"featured_media":1317,"comment_status":"closed","ping_status":"closed","sticky":false,"template":"","format":"standard","meta":{"_monsterinsights_skip_tracking":false,"_monsterinsights_sitenote_active":false,"_monsterinsights_sitenote_note":"","_monsterinsights_sitenote_category":0,"footnotes":""},"categories":[21],"tags":[281,66,243,280,279],"class_list":["post-1308","post","type-post","status-publish","format-standard","has-post-thumbnail","hentry","category-dicas","tag-cor-do-ano","tag-decoracao","tag-interlar-interlagos","tag-peach-fuzz","tag-rosa-e-laranja"],"_links":{"self":[{"href":"https:\/\/www.interlarinterlagos.com.br\/blog\/wp-json\/wp\/v2\/posts\/1308","targetHints":{"allow":["GET"]}}],"collection":[{"href":"https:\/\/www.interlarinterlagos.com.br\/blog\/wp-json\/wp\/v2\/posts"}],"about":[{"href":"https:\/\/www.interlarinterlagos.com.br\/blog\/wp-json\/wp\/v2\/types\/post"}],"author":[{"embeddable":true,"href":"https:\/\/www.interlarinterlagos.com.br\/blog\/wp-json\/wp\/v2\/users\/1"}],"replies":[{"embeddable":true,"href":"https:\/\/www.interlarinterlagos.com.br\/blog\/wp-json\/wp\/v2\/comments?post=1308"}],"version-history":[{"count":3,"href":"https:\/\/www.interlarinterlagos.com.br\/blog\/wp-json\/wp\/v2\/posts\/1308\/revisions"}],"predecessor-version":[{"id":1319,"href":"https:\/\/www.interlarinterlagos.com.br\/blog\/wp-json\/wp\/v2\/posts\/1308\/revisions\/1319"}],"wp:featuredmedia":[{"embeddable":true,"href":"https:\/\/www.interlarinterlagos.com.br\/blog\/wp-json\/wp\/v2\/media\/1317"}],"wp:attachment":[{"href":"https:\/\/www.interlarinterlagos.com.br\/blog\/wp-json\/wp\/v2\/media?parent=1308"}],"wp:term":[{"taxonomy":"category","embeddable":true,"href":"https:\/\/www.interlarinterlagos.com.br\/blog\/wp-json\/wp\/v2\/categories?post=1308"},{"taxonomy":"post_tag","embeddable":true,"href":"https:\/\/www.interlarinterlagos.com.br\/blog\/wp-json\/wp\/v2\/tags?post=1308"}],"curies":[{"name":"wp","href":"https:\/\/api.w.org\/{rel}","templated":true}]}}