{"id":1225,"date":"2023-11-09T09:00:00","date_gmt":"2023-11-09T12:00:00","guid":{"rendered":"https:\/\/www.interlarinterlagos.com.br\/blog\/?p=1225"},"modified":"2025-06-18T09:02:07","modified_gmt":"2025-06-18T12:02:07","slug":"confira-as-dicas-para-manter-sua-cozinha-organizada-e-funcional","status":"publish","type":"post","link":"https:\/\/www.interlarinterlagos.com.br\/blog\/2023\/11\/confira-as-dicas-para-manter-sua-cozinha-organizada-e-funcional\/","title":{"rendered":"Confira as dicas para manter sua cozinha organizada e funcional"},"content":{"rendered":"\n<p>A cozinha \u00e9, sem d\u00favidas, um dos principais c\u00f4modos da casa por proporcionar n\u00e3o s\u00f3 refei\u00e7\u00f5es deliciosas, mas tamb\u00e9m muitos momentos com a fam\u00edlia e os amigos.<\/p>\n\n\n\n<p>Por\u00e9m, nem sempre \u00e9 f\u00e1cil manter a organiza\u00e7\u00e3o da cozinha em dia, com toda essa movimenta\u00e7\u00e3o do dia a dia.<\/p>\n\n\n\n<p>Por isso \u00e9 importante pensar na organiza\u00e7\u00e3o da cozinha de forma funcional e se voc\u00ea ainda n\u00e3o sabe como fazer isso, vem conferir nossas dicas!<\/p>\n\n\n\n<h2 class=\"wp-block-heading\"><strong>Pense na acessibilidade<\/strong><\/h2>\n\n\n\n<figure class=\"wp-block-image size-large is-resized\"><img loading=\"lazy\" decoding=\"async\" src=\"https:\/\/www.interlarinterlagos.com.br\/blog\/wp-content\/uploads\/2023\/10\/Bancada-de-cozinha-organizada-1024x606.jpeg\" alt=\"\" class=\"wp-image-1226\" width=\"840\" height=\"497\" srcset=\"https:\/\/www.interlarinterlagos.com.br\/blog\/wp-content\/uploads\/2023\/10\/Bancada-de-cozinha-organizada-1024x606.jpeg 1024w, https:\/\/www.interlarinterlagos.com.br\/blog\/wp-content\/uploads\/2023\/10\/Bancada-de-cozinha-organizada-300x177.jpeg 300w, https:\/\/www.interlarinterlagos.com.br\/blog\/wp-content\/uploads\/2023\/10\/Bancada-de-cozinha-organizada-768x454.jpeg 768w, https:\/\/www.interlarinterlagos.com.br\/blog\/wp-content\/uploads\/2023\/10\/Bancada-de-cozinha-organizada-1536x909.jpeg 1536w, https:\/\/www.interlarinterlagos.com.br\/blog\/wp-content\/uploads\/2023\/10\/Bancada-de-cozinha-organizada-2048x1212.jpeg 2048w, https:\/\/www.interlarinterlagos.com.br\/blog\/wp-content\/uploads\/2023\/10\/Bancada-de-cozinha-organizada-1140x674.jpeg 1140w\" sizes=\"auto, (max-width: 840px) 100vw, 840px\" \/><figcaption class=\"wp-element-caption\"><em>Imagem: Adobe Stock<\/em><\/figcaption><\/figure>\n\n\n\n<p>Para que sua cozinha seja funcional, tenha em mente os itens que voc\u00ea mais usa no seu dia a dia e os organize de forma pr\u00e1tica.<\/p>\n\n\n\n<p>Por exemplo, se voc\u00ea costuma fazer caf\u00e9 todos os dias, mantenha a cafeteira em cima da bancada pr\u00f3ximo a uma tomada. Assim, n\u00e3o \u00e9 preciso moviment\u00e1-la.<\/p>\n\n\n\n<p>Outros itens como talheres tamb\u00e9m costumam ser muito utilizados no dia a dia. Por isso, opte por mant\u00ea-los em gavetas mais altas e pr\u00f3ximas ao fog\u00e3o.<\/p>\n\n\n\n<p>Para organizar seus itens nos arm\u00e1rios, deixe os espa\u00e7os mais altos e mais baixos para aqueles que voc\u00ea n\u00e3o usa no dia a dia, como ta\u00e7as e cristais. Dessa forma, sua cozinha ter\u00e1 uma organiza\u00e7\u00e3o muito mais funcional.<\/p>\n\n\n\n<h2 class=\"wp-block-heading\"><strong>Use o espa\u00e7o vertical da cozinha<\/strong><\/h2>\n\n\n\n<figure class=\"wp-block-image size-large\"><img loading=\"lazy\" decoding=\"async\" width=\"1024\" height=\"683\" src=\"https:\/\/www.interlarinterlagos.com.br\/blog\/wp-content\/uploads\/2023\/10\/Prateleiras-na-cozinha-1024x683.jpeg\" alt=\"\" class=\"wp-image-1227\" srcset=\"https:\/\/www.interlarinterlagos.com.br\/blog\/wp-content\/uploads\/2023\/10\/Prateleiras-na-cozinha-1024x683.jpeg 1024w, https:\/\/www.interlarinterlagos.com.br\/blog\/wp-content\/uploads\/2023\/10\/Prateleiras-na-cozinha-300x200.jpeg 300w, https:\/\/www.interlarinterlagos.com.br\/blog\/wp-content\/uploads\/2023\/10\/Prateleiras-na-cozinha-768x512.jpeg 768w, https:\/\/www.interlarinterlagos.com.br\/blog\/wp-content\/uploads\/2023\/10\/Prateleiras-na-cozinha-1536x1024.jpeg 1536w, https:\/\/www.interlarinterlagos.com.br\/blog\/wp-content\/uploads\/2023\/10\/Prateleiras-na-cozinha-2048x1365.jpeg 2048w, https:\/\/www.interlarinterlagos.com.br\/blog\/wp-content\/uploads\/2023\/10\/Prateleiras-na-cozinha-1140x760.jpeg 1140w\" sizes=\"auto, (max-width: 1024px) 100vw, 1024px\" \/><figcaption class=\"wp-element-caption\"><em>Imagem: Adobe Stock<\/em><\/figcaption><\/figure>\n\n\n\n<p>Para ajudar na organiza\u00e7\u00e3o da sua cozinha, aproveite os espa\u00e7os da parede para instalar prateleiras, nichos e ganchos que te ajudem a mant\u00ea-la funcional.<\/p>\n\n\n\n<p>Itens como os talheres maiores, temperos e papel toalha podem ser organizados em suportes que os mant\u00eam organizados.<\/p>\n\n\n\n<p>J\u00e1 espa\u00e7os como as prateleiras voc\u00ea pode usar tanto para organizar seus itens como para dar um toque na decora\u00e7\u00e3o.<\/p>\n\n\n\n<h2 class=\"wp-block-heading\"><strong>Aposte nos organizadores de arm\u00e1rio<\/strong><\/h2>\n\n\n\n<figure class=\"wp-block-image size-large\"><img loading=\"lazy\" decoding=\"async\" width=\"1024\" height=\"683\" src=\"https:\/\/www.interlarinterlagos.com.br\/blog\/wp-content\/uploads\/2023\/10\/Organizadores-de-cozinha-1024x683.jpeg\" alt=\"\" class=\"wp-image-1228\" srcset=\"https:\/\/www.interlarinterlagos.com.br\/blog\/wp-content\/uploads\/2023\/10\/Organizadores-de-cozinha-1024x683.jpeg 1024w, https:\/\/www.interlarinterlagos.com.br\/blog\/wp-content\/uploads\/2023\/10\/Organizadores-de-cozinha-300x200.jpeg 300w, https:\/\/www.interlarinterlagos.com.br\/blog\/wp-content\/uploads\/2023\/10\/Organizadores-de-cozinha-768x512.jpeg 768w, https:\/\/www.interlarinterlagos.com.br\/blog\/wp-content\/uploads\/2023\/10\/Organizadores-de-cozinha-1536x1024.jpeg 1536w, https:\/\/www.interlarinterlagos.com.br\/blog\/wp-content\/uploads\/2023\/10\/Organizadores-de-cozinha-2048x1365.jpeg 2048w, https:\/\/www.interlarinterlagos.com.br\/blog\/wp-content\/uploads\/2023\/10\/Organizadores-de-cozinha-1140x760.jpeg 1140w\" sizes=\"auto, (max-width: 1024px) 100vw, 1024px\" \/><figcaption class=\"wp-element-caption\"><em>Imagem: Adobe Stock<\/em><\/figcaption><\/figure>\n\n\n\n<p>Quer manter sua cozinha funcional? Ent\u00e3o os organizadores de arm\u00e1rio n\u00e3o podem faltar! H\u00e1 uma enorme diversidade de itens de organiza\u00e7\u00e3o que fazem toda a diferen\u00e7a na cozinha como porta talheres, organizadores para frutas, escorredor de talheres, paneleiros, potes herm\u00e9ticos e suporte para copos e x\u00edcaras.<\/p>\n\n\n\n<p>Apostando nesses objetos, al\u00e9m de manter tudo em seu devido lugar, voc\u00ea ainda economiza espa\u00e7o nos seus arm\u00e1rios.<\/p>\n\n\n\n<p>Agora que voc\u00ea j\u00e1 sabe como fazer a organiza\u00e7\u00e3o da sua cozinha, c<a href=\"https:\/\/www.interlarinterlagos.com.br\/busca-lojas.php\" data-type=\"URL\" data-id=\"https:\/\/www.interlarinterlagos.com.br\/busca-lojas.php\">orre para o Shopping Interlar Interlagos<\/a> e confira as nossas op\u00e7\u00f5es de m\u00f3veis para deixar esse cantinho ainda mais especial em sua casa! Esperamos por voc\u00ea!<\/p>\n","protected":false},"excerpt":{"rendered":"<p>A cozinha \u00e9, sem d\u00favidas, um dos principais c\u00f4modos da casa por proporcionar n\u00e3o s\u00f3 refei\u00e7\u00f5es deliciosas, mas tamb\u00e9m muitos momentos com a fam\u00edlia e os amigos. Por\u00e9m, nem sempre \u00e9 f\u00e1cil manter a organiza\u00e7\u00e3o da cozinha em dia, com toda essa movimenta\u00e7\u00e3o do dia a dia. Por isso \u00e9 importante pensar na organiza\u00e7\u00e3o da cozinha de forma funcional e se voc\u00ea ainda n\u00e3o sabe como fazer isso, vem conferir nossas dicas! Pense na acessibilidade Para que sua cozinha seja funcional, tenha em mente os itens que voc\u00ea mais usa no seu dia a dia e os organize de forma pr\u00e1tica. Por exemplo, se voc\u00ea costuma fazer caf\u00e9 todos os dias, mantenha a cafeteira em cima da bancada pr\u00f3ximo a uma tomada. Assim, n\u00e3o \u00e9 preciso moviment\u00e1-la. Outros itens como talheres tamb\u00e9m costumam ser muito utilizados no dia a dia. Por isso, opte por mant\u00ea-los em gavetas mais altas e pr\u00f3ximas ao fog\u00e3o. Para organizar seus itens nos arm\u00e1rios, deixe os espa\u00e7os mais altos e mais baixos para aqueles que voc\u00ea n\u00e3o usa no dia a dia, como ta\u00e7as e cristais. Dessa forma, sua cozinha ter\u00e1 uma organiza\u00e7\u00e3o muito mais funcional. Use o espa\u00e7o vertical da cozinha Para ajudar na organiza\u00e7\u00e3o da sua cozinha, aproveite os espa\u00e7os da parede para instalar prateleiras, nichos e ganchos que te ajudem a mant\u00ea-la funcional. Itens como os talheres maiores, temperos e papel toalha podem ser organizados em suportes que os mant\u00eam organizados. J\u00e1 espa\u00e7os como as prateleiras voc\u00ea pode usar tanto para organizar seus itens como para dar um toque na decora\u00e7\u00e3o. Aposte nos organizadores de arm\u00e1rio Quer manter sua cozinha funcional? Ent\u00e3o os organizadores de arm\u00e1rio n\u00e3o podem faltar! H\u00e1 uma enorme diversidade de itens de organiza\u00e7\u00e3o que fazem toda a diferen\u00e7a na cozinha como porta talheres, organizadores para frutas, escorredor de talheres, paneleiros, potes herm\u00e9ticos e suporte para copos e x\u00edcaras. Apostando nesses objetos, al\u00e9m de manter tudo em seu devido lugar, voc\u00ea ainda economiza espa\u00e7o nos seus arm\u00e1rios. Agora que voc\u00ea j\u00e1 sabe como fazer a organiza\u00e7\u00e3o da sua cozinha, corre para o Shopping Interlar Interlagos e confira as nossas op\u00e7\u00f5es de m\u00f3veis para deixar esse cantinho ainda mais especial em sua casa! Esperamos por voc\u00ea!<\/p>\n","protected":false},"author":1,"featured_media":1229,"comment_status":"closed","ping_status":"closed","sticky":false,"template":"","format":"standard","meta":{"_monsterinsights_skip_tracking":false,"_monsterinsights_sitenote_active":false,"_monsterinsights_sitenote_note":"","_monsterinsights_sitenote_category":0,"footnotes":""},"categories":[5],"tags":[29,66,23,259,24,241],"class_list":["post-1225","post","type-post","status-publish","format-standard","has-post-thumbnail","hentry","category-cozinha","tag-cozinha","tag-decoracao","tag-dicas","tag-funcional","tag-organizacao","tag-shopping-interlar-interlagos"],"_links":{"self":[{"href":"https:\/\/www.interlarinterlagos.com.br\/blog\/wp-json\/wp\/v2\/posts\/1225","targetHints":{"allow":["GET"]}}],"collection":[{"href":"https:\/\/www.interlarinterlagos.com.br\/blog\/wp-json\/wp\/v2\/posts"}],"about":[{"href":"https:\/\/www.interlarinterlagos.com.br\/blog\/wp-json\/wp\/v2\/types\/post"}],"author":[{"embeddable":true,"href":"https:\/\/www.interlarinterlagos.com.br\/blog\/wp-json\/wp\/v2\/users\/1"}],"replies":[{"embeddable":true,"href":"https:\/\/www.interlarinterlagos.com.br\/blog\/wp-json\/wp\/v2\/comments?post=1225"}],"version-history":[{"count":3,"href":"https:\/\/www.interlarinterlagos.com.br\/blog\/wp-json\/wp\/v2\/posts\/1225\/revisions"}],"predecessor-version":[{"id":1252,"href":"https:\/\/www.interlarinterlagos.com.br\/blog\/wp-json\/wp\/v2\/posts\/1225\/revisions\/1252"}],"wp:featuredmedia":[{"embeddable":true,"href":"https:\/\/www.interlarinterlagos.com.br\/blog\/wp-json\/wp\/v2\/media\/1229"}],"wp:attachment":[{"href":"https:\/\/www.interlarinterlagos.com.br\/blog\/wp-json\/wp\/v2\/media?parent=1225"}],"wp:term":[{"taxonomy":"category","embeddable":true,"href":"https:\/\/www.interlarinterlagos.com.br\/blog\/wp-json\/wp\/v2\/categories?post=1225"},{"taxonomy":"post_tag","embeddable":true,"href":"https:\/\/www.interlarinterlagos.com.br\/blog\/wp-json\/wp\/v2\/tags?post=1225"}],"curies":[{"name":"wp","href":"https:\/\/api.w.org\/{rel}","templated":true}]}}