{"id":1212,"date":"2023-10-26T09:00:00","date_gmt":"2023-10-26T12:00:00","guid":{"rendered":"https:\/\/www.interlarinterlagos.com.br\/blog\/?p=1212"},"modified":"2025-06-18T09:02:07","modified_gmt":"2025-06-18T12:02:07","slug":"sofa-ilha-aposte-nessa-ideia-para-a-sua-sala-de-estar","status":"publish","type":"post","link":"https:\/\/www.interlarinterlagos.com.br\/blog\/2023\/10\/sofa-ilha-aposte-nessa-ideia-para-a-sua-sala-de-estar\/","title":{"rendered":"Sof\u00e1 ilha: aposte nessa ideia para a sua sala de estar"},"content":{"rendered":"\n<p>Versatilidade e aconchego s\u00e3o as principais caracter\u00edsticas do sof\u00e1 ilha. Por isso, essa pe\u00e7a vem conquistando cada vez mais espa\u00e7o na decora\u00e7\u00e3o de ambientes, especialmente na sala de estar. Despertou a curiosidade de conhecer um pouco mais sobre esse tipo de m\u00f3vel? Ent\u00e3o vem com a gente.<\/p>\n\n\n\n<p>Listamos aqui os motivos e as vantagens de voc\u00ea apostar nessa ideia para otimizar o espa\u00e7o e criar um ambiente muito mais aconchegante para desfrutar com a fam\u00edlia ou receber seus convidados! \u00a0E tem ainda boas dicas para inserir com muito estilo o sof\u00e1 ilha na decora\u00e7\u00e3o de sua sala de estar. Confere a\u00ed:<\/p>\n\n\n\n<h2 class=\"wp-block-heading\"><strong>O que \u00e9 o sof\u00e1 ilha?<\/strong><\/h2>\n\n\n\n<p>O sof\u00e1 ilha \u00e9 um m\u00f3vel com duas faces, geralmente sem bra\u00e7os ou apoio. Por conta dessa caracter\u00edstica, ele comumente \u00e9 posicionado no centro dos ambientes e n\u00e3o encostado na parede como os sof\u00e1s comuns. Tamb\u00e9m serve para otimizar o espa\u00e7o, criando uma conex\u00e3o entre dois c\u00f4modos, eliminando a necessidade de uma parede divis\u00f3ria entre eles.<\/p>\n\n\n\n<figure class=\"wp-block-image size-large\"><img loading=\"lazy\" decoding=\"async\" width=\"1024\" height=\"683\" src=\"https:\/\/www.interlarinterlagos.com.br\/blog\/wp-content\/uploads\/2023\/09\/Sofa-Ilha-Home-Blog-min-1-1024x683.jpeg\" alt=\"\" class=\"wp-image-1219\" srcset=\"https:\/\/www.interlarinterlagos.com.br\/blog\/wp-content\/uploads\/2023\/09\/Sofa-Ilha-Home-Blog-min-1-1024x683.jpeg 1024w, https:\/\/www.interlarinterlagos.com.br\/blog\/wp-content\/uploads\/2023\/09\/Sofa-Ilha-Home-Blog-min-1-300x200.jpeg 300w, https:\/\/www.interlarinterlagos.com.br\/blog\/wp-content\/uploads\/2023\/09\/Sofa-Ilha-Home-Blog-min-1-768x512.jpeg 768w, https:\/\/www.interlarinterlagos.com.br\/blog\/wp-content\/uploads\/2023\/09\/Sofa-Ilha-Home-Blog-min-1-1536x1024.jpeg 1536w, https:\/\/www.interlarinterlagos.com.br\/blog\/wp-content\/uploads\/2023\/09\/Sofa-Ilha-Home-Blog-min-1-2048x1365.jpeg 2048w, https:\/\/www.interlarinterlagos.com.br\/blog\/wp-content\/uploads\/2023\/09\/Sofa-Ilha-Home-Blog-min-1-1140x760.jpeg 1140w\" sizes=\"auto, (max-width: 1024px) 100vw, 1024px\" \/><figcaption class=\"wp-element-caption\"><em>Imagem: Adobe Stock<\/em><\/figcaption><\/figure>\n\n\n\n<h2 class=\"wp-block-heading\"><strong>Como usar sof\u00e1 ilha na sala de estar?<\/strong><\/h2>\n\n\n\n<p>A sala de estar \u00e9 o ambiente perfeito para voc\u00ea inserir o sof\u00e1 ilha na sua casa. Se voc\u00ea preferir uma decora\u00e7\u00e3o mais chamativa, os modelos coloridos s\u00e3o os mais indicados. J\u00e1 para quem gosta de um ambiente mais neutro, tons terrosos ou cores como branco, cinza e preto s\u00e3o excelentes para combinar com seu estilo.<\/p>\n\n\n\n<h2 class=\"wp-block-heading\"><strong>Aten\u00e7\u00e3o na escolha do material do sof\u00e1 ilha<\/strong><\/h2>\n\n\n\n<p>O material usado no sof\u00e1 ilha \u00e9 um ponto que merece toda aten\u00e7\u00e3o na hora de compor a decora\u00e7\u00e3o da sala de estar de sua casa. Os modelos aveludados ou confeccionados em couro, atribuem ao m\u00f3vel um aspecto luxuoso, mais solene e atemporal. J\u00e1 para quem prefere um ar mais moderno e informal, a dica \u00e9 apostar no acabamento em linho. E se voc\u00ea possui crian\u00e7as ou animais em casa, a escolha de um sof\u00e1 ilha imperme\u00e1vel \u00e9 o mais indicado, pelas facilidades de limpeza que oferece. &nbsp;<\/p>\n\n\n\n<p>Qualquer que seja a op\u00e7\u00e3o, contudo, aposte na coloca\u00e7\u00e3o de belas almofadas para complementar a decora\u00e7\u00e3o!<\/p>\n\n\n\n<h2 class=\"wp-block-heading\"><strong>O sof\u00e1 ilha na integra\u00e7\u00e3o de ambientes<\/strong><\/h2>\n\n\n\n<p>Como vimos anteriormente, o sof\u00e1 ilha \u00e9 perfeito para criar ambientes integrados, unindo dois ou mais c\u00f4modos, sem necessidade de paredes e ou divis\u00f3rias. Exatamente por possibilitar essa integra\u00e7\u00e3o, ele \u00e9 muito usado em lofts, est\u00fadios e apartamentos dos mais variados tamanhos, possibilitando um espa\u00e7o com muito mais conforto, praticidade e facilidade na circula\u00e7\u00e3o.<\/p>\n\n\n\n<figure class=\"wp-block-gallery has-nested-images columns-default is-cropped wp-block-gallery-1 is-layout-flex wp-block-gallery-is-layout-flex\">\n<figure class=\"wp-block-image size-large is-style-default\"><img loading=\"lazy\" decoding=\"async\" width=\"1024\" height=\"683\" data-id=\"1215\" src=\"https:\/\/www.interlarinterlagos.com.br\/blog\/wp-content\/uploads\/2023\/09\/Dicas-Decoracao-Sofa-Ilha-1-min-1024x683.jpeg\" alt=\"\" class=\"wp-image-1215\" srcset=\"https:\/\/www.interlarinterlagos.com.br\/blog\/wp-content\/uploads\/2023\/09\/Dicas-Decoracao-Sofa-Ilha-1-min-1024x683.jpeg 1024w, https:\/\/www.interlarinterlagos.com.br\/blog\/wp-content\/uploads\/2023\/09\/Dicas-Decoracao-Sofa-Ilha-1-min-300x200.jpeg 300w, https:\/\/www.interlarinterlagos.com.br\/blog\/wp-content\/uploads\/2023\/09\/Dicas-Decoracao-Sofa-Ilha-1-min-768x512.jpeg 768w, https:\/\/www.interlarinterlagos.com.br\/blog\/wp-content\/uploads\/2023\/09\/Dicas-Decoracao-Sofa-Ilha-1-min-1536x1024.jpeg 1536w, https:\/\/www.interlarinterlagos.com.br\/blog\/wp-content\/uploads\/2023\/09\/Dicas-Decoracao-Sofa-Ilha-1-min-2048x1365.jpeg 2048w, https:\/\/www.interlarinterlagos.com.br\/blog\/wp-content\/uploads\/2023\/09\/Dicas-Decoracao-Sofa-Ilha-1-min-1140x760.jpeg 1140w\" sizes=\"auto, (max-width: 1024px) 100vw, 1024px\" \/><figcaption class=\"wp-element-caption\"><em>Imagem: Adobe Stock<\/em><\/figcaption><\/figure>\n\n\n\n<figure class=\"wp-block-image size-large\"><img loading=\"lazy\" decoding=\"async\" width=\"1024\" height=\"683\" data-id=\"1218\" src=\"https:\/\/www.interlarinterlagos.com.br\/blog\/wp-content\/uploads\/2023\/09\/Dicas-Decoracao-Sofa-Ilha-2-min-1024x683.jpeg\" alt=\"\" class=\"wp-image-1218\" srcset=\"https:\/\/www.interlarinterlagos.com.br\/blog\/wp-content\/uploads\/2023\/09\/Dicas-Decoracao-Sofa-Ilha-2-min-1024x683.jpeg 1024w, https:\/\/www.interlarinterlagos.com.br\/blog\/wp-content\/uploads\/2023\/09\/Dicas-Decoracao-Sofa-Ilha-2-min-300x200.jpeg 300w, https:\/\/www.interlarinterlagos.com.br\/blog\/wp-content\/uploads\/2023\/09\/Dicas-Decoracao-Sofa-Ilha-2-min-768x512.jpeg 768w, https:\/\/www.interlarinterlagos.com.br\/blog\/wp-content\/uploads\/2023\/09\/Dicas-Decoracao-Sofa-Ilha-2-min-1536x1024.jpeg 1536w, https:\/\/www.interlarinterlagos.com.br\/blog\/wp-content\/uploads\/2023\/09\/Dicas-Decoracao-Sofa-Ilha-2-min-2048x1365.jpeg 2048w, https:\/\/www.interlarinterlagos.com.br\/blog\/wp-content\/uploads\/2023\/09\/Dicas-Decoracao-Sofa-Ilha-2-min-1140x760.jpeg 1140w\" sizes=\"auto, (max-width: 1024px) 100vw, 1024px\" \/><figcaption class=\"wp-element-caption\"><em>Imagem: Adobe Stock<\/em><\/figcaption><\/figure>\n<\/figure>\n\n\n\n<figure class=\"wp-block-image size-large\"><img loading=\"lazy\" decoding=\"async\" width=\"1024\" height=\"683\" src=\"https:\/\/www.interlarinterlagos.com.br\/blog\/wp-content\/uploads\/2023\/09\/Dicas-Decoracao-Sofa-Ilha-3-min-1024x683.jpeg\" alt=\"\" class=\"wp-image-1217\" srcset=\"https:\/\/www.interlarinterlagos.com.br\/blog\/wp-content\/uploads\/2023\/09\/Dicas-Decoracao-Sofa-Ilha-3-min-1024x683.jpeg 1024w, https:\/\/www.interlarinterlagos.com.br\/blog\/wp-content\/uploads\/2023\/09\/Dicas-Decoracao-Sofa-Ilha-3-min-300x200.jpeg 300w, https:\/\/www.interlarinterlagos.com.br\/blog\/wp-content\/uploads\/2023\/09\/Dicas-Decoracao-Sofa-Ilha-3-min-768x512.jpeg 768w, https:\/\/www.interlarinterlagos.com.br\/blog\/wp-content\/uploads\/2023\/09\/Dicas-Decoracao-Sofa-Ilha-3-min-1536x1024.jpeg 1536w, https:\/\/www.interlarinterlagos.com.br\/blog\/wp-content\/uploads\/2023\/09\/Dicas-Decoracao-Sofa-Ilha-3-min-2048x1365.jpeg 2048w, https:\/\/www.interlarinterlagos.com.br\/blog\/wp-content\/uploads\/2023\/09\/Dicas-Decoracao-Sofa-Ilha-3-min-1140x760.jpeg 1140w\" sizes=\"auto, (max-width: 1024px) 100vw, 1024px\" \/><figcaption class=\"wp-element-caption\"><em>Imagem: Adobe Stock<\/em><\/figcaption><\/figure>\n\n\n\n<p>Um bom exemplo, neste sentido, \u00e9 a integra\u00e7\u00e3o da sala de estar com a cozinha, uma das formas mais comuns de utiliza\u00e7\u00e3o do sof\u00e1 ilha. Mas voc\u00ea tamb\u00e9m pode integrar a sala de estar com a varanda, o hall de entrada ou outros ambientes pr\u00f3ximos ao c\u00f4modo, garantindo praticidade para o dia a dia da sua casa.&nbsp;<\/p>\n\n\n\n<p>Gostou das nossas dicas? Ent\u00e3o, bora l\u00e1 escolher o seu modelo favorito e apostar nessa ideia para a sua sala de estar! <a href=\"https:\/\/www.interlarinterlagos.com.br\/busca-lojas.php\">Aqui no Shopping Interlar Interlagos<\/a>, voc\u00ea vai encontrar lojas de m\u00f3veis planejados com consultores que v\u00e3o te ajudar a decidir o que \u00e9 melhor para voc\u00ea. Venha conferir!<\/p>\n","protected":false},"excerpt":{"rendered":"<p>Versatilidade e aconchego s\u00e3o as principais caracter\u00edsticas do sof\u00e1 ilha. Por isso, essa pe\u00e7a vem conquistando cada vez mais espa\u00e7o na decora\u00e7\u00e3o de ambientes, especialmente na sala de estar. Despertou a curiosidade de conhecer um pouco mais sobre esse tipo de m\u00f3vel? Ent\u00e3o vem com a gente. Listamos aqui os motivos e as vantagens de voc\u00ea apostar nessa ideia para otimizar o espa\u00e7o e criar um ambiente muito mais aconchegante para desfrutar com a fam\u00edlia ou receber seus convidados! \u00a0E tem ainda boas dicas para inserir com muito estilo o sof\u00e1 ilha na decora\u00e7\u00e3o de sua sala de estar. Confere a\u00ed: O que \u00e9 o sof\u00e1 ilha? O sof\u00e1 ilha \u00e9 um m\u00f3vel com duas faces, geralmente sem bra\u00e7os ou apoio. Por conta dessa caracter\u00edstica, ele comumente \u00e9 posicionado no centro dos ambientes e n\u00e3o encostado na parede como os sof\u00e1s comuns. Tamb\u00e9m serve para otimizar o espa\u00e7o, criando uma conex\u00e3o entre dois c\u00f4modos, eliminando a necessidade de uma parede divis\u00f3ria entre eles. Como usar sof\u00e1 ilha na sala de estar? A sala de estar \u00e9 o ambiente perfeito para voc\u00ea inserir o sof\u00e1 ilha na sua casa. Se voc\u00ea preferir uma decora\u00e7\u00e3o mais chamativa, os modelos coloridos s\u00e3o os mais indicados. J\u00e1 para quem gosta de um ambiente mais neutro, tons terrosos ou cores como branco, cinza e preto s\u00e3o excelentes para combinar com seu estilo. Aten\u00e7\u00e3o na escolha do material do sof\u00e1 ilha O material usado no sof\u00e1 ilha \u00e9 um ponto que merece toda aten\u00e7\u00e3o na hora de compor a decora\u00e7\u00e3o da sala de estar de sua casa. Os modelos aveludados ou confeccionados em couro, atribuem ao m\u00f3vel um aspecto luxuoso, mais solene e atemporal. J\u00e1 para quem prefere um ar mais moderno e informal, a dica \u00e9 apostar no acabamento em linho. E se voc\u00ea possui crian\u00e7as ou animais em casa, a escolha de um sof\u00e1 ilha imperme\u00e1vel \u00e9 o mais indicado, pelas facilidades de limpeza que oferece. &nbsp; Qualquer que seja a op\u00e7\u00e3o, contudo, aposte na coloca\u00e7\u00e3o de belas almofadas para complementar a decora\u00e7\u00e3o! O sof\u00e1 ilha na integra\u00e7\u00e3o de ambientes Como vimos anteriormente, o sof\u00e1 ilha \u00e9 perfeito para criar ambientes integrados, unindo dois ou mais c\u00f4modos, sem necessidade de paredes e ou divis\u00f3rias. Exatamente por possibilitar essa integra\u00e7\u00e3o, ele \u00e9 muito usado em lofts, est\u00fadios e apartamentos dos mais variados tamanhos, possibilitando um espa\u00e7o com muito mais conforto, praticidade e facilidade na circula\u00e7\u00e3o. Um bom exemplo, neste sentido, \u00e9 a integra\u00e7\u00e3o da sala de estar com a cozinha, uma das formas mais comuns de utiliza\u00e7\u00e3o do sof\u00e1 ilha. Mas voc\u00ea tamb\u00e9m pode integrar a sala de estar com a varanda, o hall de entrada ou outros ambientes pr\u00f3ximos ao c\u00f4modo, garantindo praticidade para o dia a dia da sua casa.&nbsp; Gostou das nossas dicas? Ent\u00e3o, bora l\u00e1 escolher o seu modelo favorito e apostar nessa ideia para a sua sala de estar! Aqui no Shopping Interlar Interlagos, voc\u00ea vai encontrar lojas de m\u00f3veis planejados com consultores que v\u00e3o te ajudar a decidir o que \u00e9 melhor para voc\u00ea. Venha conferir!<\/p>\n","protected":false},"author":1,"featured_media":1213,"comment_status":"closed","ping_status":"closed","sticky":false,"template":"","format":"standard","meta":{"_monsterinsights_skip_tracking":false,"_monsterinsights_sitenote_active":false,"_monsterinsights_sitenote_note":"","_monsterinsights_sitenote_category":0,"footnotes":""},"categories":[21],"tags":[257,66,243,258,256,241,255],"class_list":["post-1212","post","type-post","status-publish","format-standard","has-post-thumbnail","hentry","category-dicas","tag-ambiente-integrado","tag-decoracao","tag-interlar-interlagos","tag-otimizacao-de-espaco","tag-sala-de-estar","tag-shopping-interlar-interlagos","tag-sofa-ilha"],"_links":{"self":[{"href":"https:\/\/www.interlarinterlagos.com.br\/blog\/wp-json\/wp\/v2\/posts\/1212","targetHints":{"allow":["GET"]}}],"collection":[{"href":"https:\/\/www.interlarinterlagos.com.br\/blog\/wp-json\/wp\/v2\/posts"}],"about":[{"href":"https:\/\/www.interlarinterlagos.com.br\/blog\/wp-json\/wp\/v2\/types\/post"}],"author":[{"embeddable":true,"href":"https:\/\/www.interlarinterlagos.com.br\/blog\/wp-json\/wp\/v2\/users\/1"}],"replies":[{"embeddable":true,"href":"https:\/\/www.interlarinterlagos.com.br\/blog\/wp-json\/wp\/v2\/comments?post=1212"}],"version-history":[{"count":2,"href":"https:\/\/www.interlarinterlagos.com.br\/blog\/wp-json\/wp\/v2\/posts\/1212\/revisions"}],"predecessor-version":[{"id":1221,"href":"https:\/\/www.interlarinterlagos.com.br\/blog\/wp-json\/wp\/v2\/posts\/1212\/revisions\/1221"}],"wp:featuredmedia":[{"embeddable":true,"href":"https:\/\/www.interlarinterlagos.com.br\/blog\/wp-json\/wp\/v2\/media\/1213"}],"wp:attachment":[{"href":"https:\/\/www.interlarinterlagos.com.br\/blog\/wp-json\/wp\/v2\/media?parent=1212"}],"wp:term":[{"taxonomy":"category","embeddable":true,"href":"https:\/\/www.interlarinterlagos.com.br\/blog\/wp-json\/wp\/v2\/categories?post=1212"},{"taxonomy":"post_tag","embeddable":true,"href":"https:\/\/www.interlarinterlagos.com.br\/blog\/wp-json\/wp\/v2\/tags?post=1212"}],"curies":[{"name":"wp","href":"https:\/\/api.w.org\/{rel}","templated":true}]}}