{"id":1191,"date":"2023-09-28T09:00:00","date_gmt":"2023-09-28T12:00:00","guid":{"rendered":"https:\/\/www.interlarinterlagos.com.br\/blog\/?p=1191"},"modified":"2025-06-18T09:02:07","modified_gmt":"2025-06-18T12:02:07","slug":"moveis-de-madeira-tons-claros-ou-escuros-o-que-combina-com-sua-casa","status":"publish","type":"post","link":"https:\/\/www.interlarinterlagos.com.br\/blog\/2023\/09\/moveis-de-madeira-tons-claros-ou-escuros-o-que-combina-com-sua-casa\/","title":{"rendered":"M\u00f3veis de madeira: tons claros ou escuros, o que combina com sua casa?"},"content":{"rendered":"\n<p>Quando se trata de decorar um ambiente, a escolha dos m\u00f3veis certos tem um papel fundamental na defini\u00e7\u00e3o do estilo, da atmosfera e da funcionalidade do espa\u00e7o. Uma d\u00favida muito comum \u00e9 a decis\u00e3o entre m\u00f3veis claros e m\u00f3veis escuros para compor a decora\u00e7\u00e3o. Afinal, cada um tem seu pr\u00f3prio charme e serve a objetivos distintos. Ent\u00e3o, que tal descobrir as caracter\u00edsticas que v\u00e3o te ajudar a escolher que m\u00f3vel usar na sua casa? Gostou da ideia? Ent\u00e3o vamos l\u00e1.<\/p>\n\n\n\n<h2 class=\"wp-block-heading\"><strong>M\u00f3veis Claros: amplitude em todos os espa\u00e7os<\/strong><\/h2>\n\n\n\n<figure class=\"wp-block-image size-large\"><img loading=\"lazy\" decoding=\"async\" width=\"1024\" height=\"574\" src=\"https:\/\/www.interlarinterlagos.com.br\/blog\/wp-content\/uploads\/2023\/09\/Moveis-claros-1024x574.jpeg\" alt=\"\" class=\"wp-image-1192\" srcset=\"https:\/\/www.interlarinterlagos.com.br\/blog\/wp-content\/uploads\/2023\/09\/Moveis-claros-1024x574.jpeg 1024w, https:\/\/www.interlarinterlagos.com.br\/blog\/wp-content\/uploads\/2023\/09\/Moveis-claros-300x168.jpeg 300w, https:\/\/www.interlarinterlagos.com.br\/blog\/wp-content\/uploads\/2023\/09\/Moveis-claros-768x430.jpeg 768w, https:\/\/www.interlarinterlagos.com.br\/blog\/wp-content\/uploads\/2023\/09\/Moveis-claros-1536x861.jpeg 1536w, https:\/\/www.interlarinterlagos.com.br\/blog\/wp-content\/uploads\/2023\/09\/Moveis-claros-2048x1148.jpeg 2048w, https:\/\/www.interlarinterlagos.com.br\/blog\/wp-content\/uploads\/2023\/09\/Moveis-claros-1140x639.jpeg 1140w\" sizes=\"auto, (max-width: 1024px) 100vw, 1024px\" \/><figcaption class=\"wp-element-caption\"><em>Imagem: Adobe Stock<\/em><\/figcaption><\/figure>\n\n\n\n<p>M\u00f3veis claros t\u00eam o poder de transformar qualquer ambiente em um ref\u00fagio de tranquilidade. Eles tendem a ampliar visualmente o espa\u00e7o, fazendo com que quartos pequenos pare\u00e7am maiores e mais arejados, pois refletem a luz de forma eficaz, criando uma sensa\u00e7\u00e3o de abertura, real\u00e7ando ainda mais a sensa\u00e7\u00e3o de luminosidade e frescor.<\/p>\n\n\n\n<p>Portanto, s\u00e3o ideais para quem tem um apartamento compacto ou um c\u00f4modo apertado.<\/p>\n\n\n\n<p>Al\u00e9m disso, os m\u00f3veis claros se encaixam perfeitamente em ambientes minimalistas, onde a simplicidade e a funcionalidade s\u00e3o valorizadas. Eles proporcionam um fundo neutro que permite incluir na decora\u00e7\u00e3o elementos decorativos mais ousados e bem coloridos.<\/p>\n\n\n\n<p>Quartos, salas de estar e espa\u00e7os de relaxamento se beneficiam da serenidade oferecida pelos m\u00f3veis claros, criando uma atmosfera convidativa para momentos de tranquilidade. Se \u00e9 isso que voc\u00ea procura, essa sem d\u00favidas \u00e9 a sua melhor escolha.<\/p>\n\n\n\n<h2 class=\"wp-block-heading\"><strong>M\u00f3veis Escuros: sofistica\u00e7\u00e3o com ousadia<\/strong><\/h2>\n\n\n\n<figure class=\"wp-block-image size-large\"><img loading=\"lazy\" decoding=\"async\" width=\"1024\" height=\"683\" src=\"https:\/\/www.interlarinterlagos.com.br\/blog\/wp-content\/uploads\/2023\/09\/Moveis-escuros-1024x683.jpeg\" alt=\"\" class=\"wp-image-1193\" srcset=\"https:\/\/www.interlarinterlagos.com.br\/blog\/wp-content\/uploads\/2023\/09\/Moveis-escuros-1024x683.jpeg 1024w, https:\/\/www.interlarinterlagos.com.br\/blog\/wp-content\/uploads\/2023\/09\/Moveis-escuros-300x200.jpeg 300w, https:\/\/www.interlarinterlagos.com.br\/blog\/wp-content\/uploads\/2023\/09\/Moveis-escuros-768x512.jpeg 768w, https:\/\/www.interlarinterlagos.com.br\/blog\/wp-content\/uploads\/2023\/09\/Moveis-escuros-1536x1024.jpeg 1536w, https:\/\/www.interlarinterlagos.com.br\/blog\/wp-content\/uploads\/2023\/09\/Moveis-escuros-2048x1365.jpeg 2048w, https:\/\/www.interlarinterlagos.com.br\/blog\/wp-content\/uploads\/2023\/09\/Moveis-escuros-1140x760.jpeg 1140w\" sizes=\"auto, (max-width: 1024px) 100vw, 1024px\" \/><figcaption class=\"wp-element-caption\"><em>Imagem: Adobe Stock<\/em><\/figcaption><\/figure>\n\n\n\n<p>Se voc\u00ea est\u00e1 buscando uma abordagem ousada e impactante na decora\u00e7\u00e3o, os m\u00f3veis escuros podem ser a resposta. Eles exalam sofistica\u00e7\u00e3o e criam uma atmosfera rica, sem deixar de ser aconchegante.<\/p>\n\n\n\n<p>Os m\u00f3veis escuros s\u00e3o frequentemente associados a espa\u00e7os formais, como salas de jantar ou escrit\u00f3rios executivos, onde um ar mais solene e a sensa\u00e7\u00e3o de gravidade s\u00e3o desejadas. Eles adicionam profundidade e eleg\u00e2ncia a qualquer espa\u00e7o.<\/p>\n\n\n\n<p>Isso acontece porque os m\u00f3veis escuros podem atuar como pontos focais, criando contraste com paredes claras ou outros elementos de decora\u00e7\u00e3o. Eles tamb\u00e9m podem destacar pe\u00e7as de arte, ornamentos ou elementos arquitet\u00f4nicos \u00fanicos.<\/p>\n\n\n\n<p>Em quartos e \u00e1reas de entretenimento, m\u00f3veis escuros podem conferir um ambiente acolhedor e envolvente, tornando-os ideais para noites aconchegantes.<\/p>\n\n\n\n<h2 class=\"wp-block-heading\"><strong>A for\u00e7a do contraste na decora\u00e7\u00e3o<\/strong><\/h2>\n\n\n\n<p>Viu como as diferen\u00e7as s\u00e3o marcantes? A escolha entre m\u00f3veis claros e escuros depende do clima que voc\u00ea deseja estabelecer em cada ambiente da sua casa. Ambos t\u00eam seu pr\u00f3prio apelo e podem ser adaptados ao seu gosto pessoal. Portanto, antes de comprar, pense no clima que voc\u00ea deseja criar e no impacto que os m\u00f3veis ter\u00e3o no conjunto da decora\u00e7\u00e3o.<\/p>\n\n\n\n<p>Ah! E lembre-se de uma coisa: independentemente da escolha entre m\u00f3veis claros ou escuros, o equil\u00edbrio \u00e9 fundamental. Uma boa ideia pode ser, ent\u00e3o, combinar pe\u00e7as que sejam contrastantes, criando um visual atraente, sem perder a harmonia.<\/p>\n\n\n\n<p>Agora que voc\u00ea j\u00e1 sabe como escolher o m\u00f3vel ideal para o seu ambiente, aproveite que <a href=\"https:\/\/www.interlarinterlagos.com.br\/busca-lojas.php\" data-type=\"URL\" data-id=\"https:\/\/www.interlarinterlagos.com.br\/busca-lojas.php\">aqui no Shopping Interlar Interlagos<\/a> temos diversas op\u00e7\u00f5es de lojas  para voc\u00ea escolher a decora\u00e7\u00e3o da sua casa.<\/p>\n","protected":false},"excerpt":{"rendered":"<p>Quando se trata de decorar um ambiente, a escolha dos m\u00f3veis certos tem um papel fundamental na defini\u00e7\u00e3o do estilo, da atmosfera e da funcionalidade do espa\u00e7o. Uma d\u00favida muito comum \u00e9 a decis\u00e3o entre m\u00f3veis claros e m\u00f3veis escuros para compor a decora\u00e7\u00e3o. Afinal, cada um tem seu pr\u00f3prio charme e serve a objetivos distintos. Ent\u00e3o, que tal descobrir as caracter\u00edsticas que v\u00e3o te ajudar a escolher que m\u00f3vel usar na sua casa? Gostou da ideia? Ent\u00e3o vamos l\u00e1. M\u00f3veis Claros: amplitude em todos os espa\u00e7os M\u00f3veis claros t\u00eam o poder de transformar qualquer ambiente em um ref\u00fagio de tranquilidade. Eles tendem a ampliar visualmente o espa\u00e7o, fazendo com que quartos pequenos pare\u00e7am maiores e mais arejados, pois refletem a luz de forma eficaz, criando uma sensa\u00e7\u00e3o de abertura, real\u00e7ando ainda mais a sensa\u00e7\u00e3o de luminosidade e frescor. Portanto, s\u00e3o ideais para quem tem um apartamento compacto ou um c\u00f4modo apertado. Al\u00e9m disso, os m\u00f3veis claros se encaixam perfeitamente em ambientes minimalistas, onde a simplicidade e a funcionalidade s\u00e3o valorizadas. Eles proporcionam um fundo neutro que permite incluir na decora\u00e7\u00e3o elementos decorativos mais ousados e bem coloridos. Quartos, salas de estar e espa\u00e7os de relaxamento se beneficiam da serenidade oferecida pelos m\u00f3veis claros, criando uma atmosfera convidativa para momentos de tranquilidade. Se \u00e9 isso que voc\u00ea procura, essa sem d\u00favidas \u00e9 a sua melhor escolha. M\u00f3veis Escuros: sofistica\u00e7\u00e3o com ousadia Se voc\u00ea est\u00e1 buscando uma abordagem ousada e impactante na decora\u00e7\u00e3o, os m\u00f3veis escuros podem ser a resposta. Eles exalam sofistica\u00e7\u00e3o e criam uma atmosfera rica, sem deixar de ser aconchegante. Os m\u00f3veis escuros s\u00e3o frequentemente associados a espa\u00e7os formais, como salas de jantar ou escrit\u00f3rios executivos, onde um ar mais solene e a sensa\u00e7\u00e3o de gravidade s\u00e3o desejadas. Eles adicionam profundidade e eleg\u00e2ncia a qualquer espa\u00e7o. Isso acontece porque os m\u00f3veis escuros podem atuar como pontos focais, criando contraste com paredes claras ou outros elementos de decora\u00e7\u00e3o. Eles tamb\u00e9m podem destacar pe\u00e7as de arte, ornamentos ou elementos arquitet\u00f4nicos \u00fanicos. Em quartos e \u00e1reas de entretenimento, m\u00f3veis escuros podem conferir um ambiente acolhedor e envolvente, tornando-os ideais para noites aconchegantes. A for\u00e7a do contraste na decora\u00e7\u00e3o Viu como as diferen\u00e7as s\u00e3o marcantes? A escolha entre m\u00f3veis claros e escuros depende do clima que voc\u00ea deseja estabelecer em cada ambiente da sua casa. Ambos t\u00eam seu pr\u00f3prio apelo e podem ser adaptados ao seu gosto pessoal. Portanto, antes de comprar, pense no clima que voc\u00ea deseja criar e no impacto que os m\u00f3veis ter\u00e3o no conjunto da decora\u00e7\u00e3o. Ah! E lembre-se de uma coisa: independentemente da escolha entre m\u00f3veis claros ou escuros, o equil\u00edbrio \u00e9 fundamental. Uma boa ideia pode ser, ent\u00e3o, combinar pe\u00e7as que sejam contrastantes, criando um visual atraente, sem perder a harmonia. Agora que voc\u00ea j\u00e1 sabe como escolher o m\u00f3vel ideal para o seu ambiente, aproveite que aqui no Shopping Interlar Interlagos temos diversas op\u00e7\u00f5es de lojas para voc\u00ea escolher a decora\u00e7\u00e3o da sua casa.<\/p>\n","protected":false},"author":1,"featured_media":1194,"comment_status":"closed","ping_status":"closed","sticky":false,"template":"","format":"standard","meta":{"_monsterinsights_skip_tracking":false,"_monsterinsights_sitenote_active":false,"_monsterinsights_sitenote_note":"","_monsterinsights_sitenote_category":0,"footnotes":""},"categories":[21],"tags":[66,251,249,248,250,241],"class_list":["post-1191","post","type-post","status-publish","format-standard","has-post-thumbnail","hentry","category-dicas","tag-decoracao","tag-madeira","tag-moveis-claros","tag-moveis-de-madeira","tag-moveis-escuros","tag-shopping-interlar-interlagos"],"_links":{"self":[{"href":"https:\/\/www.interlarinterlagos.com.br\/blog\/wp-json\/wp\/v2\/posts\/1191","targetHints":{"allow":["GET"]}}],"collection":[{"href":"https:\/\/www.interlarinterlagos.com.br\/blog\/wp-json\/wp\/v2\/posts"}],"about":[{"href":"https:\/\/www.interlarinterlagos.com.br\/blog\/wp-json\/wp\/v2\/types\/post"}],"author":[{"embeddable":true,"href":"https:\/\/www.interlarinterlagos.com.br\/blog\/wp-json\/wp\/v2\/users\/1"}],"replies":[{"embeddable":true,"href":"https:\/\/www.interlarinterlagos.com.br\/blog\/wp-json\/wp\/v2\/comments?post=1191"}],"version-history":[{"count":1,"href":"https:\/\/www.interlarinterlagos.com.br\/blog\/wp-json\/wp\/v2\/posts\/1191\/revisions"}],"predecessor-version":[{"id":1195,"href":"https:\/\/www.interlarinterlagos.com.br\/blog\/wp-json\/wp\/v2\/posts\/1191\/revisions\/1195"}],"wp:featuredmedia":[{"embeddable":true,"href":"https:\/\/www.interlarinterlagos.com.br\/blog\/wp-json\/wp\/v2\/media\/1194"}],"wp:attachment":[{"href":"https:\/\/www.interlarinterlagos.com.br\/blog\/wp-json\/wp\/v2\/media?parent=1191"}],"wp:term":[{"taxonomy":"category","embeddable":true,"href":"https:\/\/www.interlarinterlagos.com.br\/blog\/wp-json\/wp\/v2\/categories?post=1191"},{"taxonomy":"post_tag","embeddable":true,"href":"https:\/\/www.interlarinterlagos.com.br\/blog\/wp-json\/wp\/v2\/tags?post=1191"}],"curies":[{"name":"wp","href":"https:\/\/api.w.org\/{rel}","templated":true}]}}