{"id":1003,"date":"2023-03-23T09:00:00","date_gmt":"2023-03-23T12:00:00","guid":{"rendered":"https:\/\/www.interlarinterlagos.com.br\/blog\/?p=1003"},"modified":"2025-06-18T09:02:09","modified_gmt":"2025-06-18T12:02:09","slug":"adegas-conheca-os-modelos-ideais-para-armazenar-seus-vinhos","status":"publish","type":"post","link":"https:\/\/www.interlarinterlagos.com.br\/blog\/2023\/03\/adegas-conheca-os-modelos-ideais-para-armazenar-seus-vinhos\/","title":{"rendered":"Adegas: conhe\u00e7a os modelos ideais  para armazenar seus vinhos"},"content":{"rendered":"\n<p>Cada vez\nmais, as adegas est\u00e3o presentes na decora\u00e7\u00e3o das casas. O objetivo, claro, al\u00e9m\nde assegurar a correta guarda dos vinhos, \u00e9 fazer com que o momento da\ndegusta\u00e7\u00e3o seja ainda mais incr\u00edvel. Ent\u00e3o, que tal conhecer um pouco mais\nsobre o m\u00f3vel adega e as adegas climatizada? Vem conferir todas as informa\u00e7\u00f5es\nque preparamos para te ajudar a escolher a melhor op\u00e7\u00e3o para as suas\nnecessidades! <\/p>\n\n\n\n<h2 class=\"wp-block-heading\"><strong>Benef\u00edcios de ter uma adega em casa <\/strong><\/h2>\n\n\n\n<p>A adega \u00e9 a\nmelhor op\u00e7\u00e3o para o armazenamento do vinho. Al\u00e9m de manter a temperatura ideal,\nela assegura a conserva\u00e7\u00e3o da bebida, proporcionando prote\u00e7\u00e3o contra a\nluminosidade e outros fatores que podem comprometer o conte\u00fado das garrafas e\nprejudicar a degusta\u00e7\u00e3o.<\/p>\n\n\n\n<h2 class=\"wp-block-heading\"><strong>M\u00f3vel adega <\/strong><\/h2>\n\n\n\n<p>O m\u00f3vel\nadega geralmente \u00e9 integrado \u00e0 marcenaria da casa e proporciona um charme a\nmais ao ambiente. Pode ser constru\u00eddo sob medida ou adquirido j\u00e1 pronto em\nlojas especializadas. O design lembra bastante o visual de um arm\u00e1rio ou\ndespensa comum, mas pode ser incrementado com elementos que incluem luzes de\nLED, puxadores modernos, nichos para a guarda correta do vinho e fitas para\ncataloga\u00e7\u00e3o das garrafas de acordo com o ano, safra e outros indicadores. &nbsp;Cada vez mais os modelos est\u00e3o adequados \u00e0s\nmais diversas necessidades, como o espa\u00e7o dispon\u00edvel na casa e o perfil do\ncliente. <\/p>\n\n\n\n<figure class=\"wp-block-gallery columns-2 is-cropped wp-block-gallery-1 is-layout-flex wp-block-gallery-is-layout-flex\"><ul class=\"blocks-gallery-grid\"><li class=\"blocks-gallery-item\"><figure><img loading=\"lazy\" decoding=\"async\" width=\"1024\" height=\"683\" src=\"https:\/\/www.interlarinterlagos.com.br\/blog\/wp-content\/uploads\/2023\/03\/M\u00f3vel-Adega-1-min-1-1024x683.jpeg\" alt=\"\" data-id=\"1016\" data-full-url=\"https:\/\/www.interlarinterlagos.com.br\/blog\/wp-content\/uploads\/2023\/03\/M\u00f3vel-Adega-1-min-1-scaled.jpeg\" data-link=\"https:\/\/www.interlarinterlagos.com.br\/blog\/2023\/03\/adegas-conheca-os-modelos-ideais-para-armazenar-seus-vinhos\/movel-adega-1-min-1\/\" class=\"wp-image-1016\" srcset=\"https:\/\/www.interlarinterlagos.com.br\/blog\/wp-content\/uploads\/2023\/03\/M\u00f3vel-Adega-1-min-1-1024x683.jpeg 1024w, https:\/\/www.interlarinterlagos.com.br\/blog\/wp-content\/uploads\/2023\/03\/M\u00f3vel-Adega-1-min-1-300x200.jpeg 300w, https:\/\/www.interlarinterlagos.com.br\/blog\/wp-content\/uploads\/2023\/03\/M\u00f3vel-Adega-1-min-1-768x513.jpeg 768w, https:\/\/www.interlarinterlagos.com.br\/blog\/wp-content\/uploads\/2023\/03\/M\u00f3vel-Adega-1-min-1-1536x1025.jpeg 1536w, https:\/\/www.interlarinterlagos.com.br\/blog\/wp-content\/uploads\/2023\/03\/M\u00f3vel-Adega-1-min-1-2048x1367.jpeg 2048w, https:\/\/www.interlarinterlagos.com.br\/blog\/wp-content\/uploads\/2023\/03\/M\u00f3vel-Adega-1-min-1-1140x761.jpeg 1140w\" sizes=\"auto, (max-width: 1024px) 100vw, 1024px\" \/><figcaption class=\"blocks-gallery-item__caption\"> <em>Imagem: Adobe Stock<\/em><\/figcaption><\/figure><\/li><li class=\"blocks-gallery-item\"><figure><img loading=\"lazy\" decoding=\"async\" width=\"1024\" height=\"692\" src=\"https:\/\/www.interlarinterlagos.com.br\/blog\/wp-content\/uploads\/2023\/03\/M\u00f3vel-Adega-2-min-1024x692.jpeg\" alt=\"\" data-id=\"1013\" data-link=\"https:\/\/www.interlarinterlagos.com.br\/blog\/2023\/03\/adegas-conheca-os-modelos-ideais-para-armazenar-seus-vinhos\/movel-adega-2-min\/\" class=\"wp-image-1013\" srcset=\"https:\/\/www.interlarinterlagos.com.br\/blog\/wp-content\/uploads\/2023\/03\/M\u00f3vel-Adega-2-min-1024x692.jpeg 1024w, https:\/\/www.interlarinterlagos.com.br\/blog\/wp-content\/uploads\/2023\/03\/M\u00f3vel-Adega-2-min-300x203.jpeg 300w, https:\/\/www.interlarinterlagos.com.br\/blog\/wp-content\/uploads\/2023\/03\/M\u00f3vel-Adega-2-min-768x519.jpeg 768w, https:\/\/www.interlarinterlagos.com.br\/blog\/wp-content\/uploads\/2023\/03\/M\u00f3vel-Adega-2-min-1536x1039.jpeg 1536w, https:\/\/www.interlarinterlagos.com.br\/blog\/wp-content\/uploads\/2023\/03\/M\u00f3vel-Adega-2-min-2048x1385.jpeg 2048w, https:\/\/www.interlarinterlagos.com.br\/blog\/wp-content\/uploads\/2023\/03\/M\u00f3vel-Adega-2-min-1140x771.jpeg 1140w\" sizes=\"auto, (max-width: 1024px) 100vw, 1024px\" \/><figcaption class=\"blocks-gallery-item__caption\"> <em>Imagem: Adobe Stock<\/em><\/figcaption><\/figure><\/li><\/ul><\/figure>\n\n\n\n<p>Os m\u00f3veis adegas fechados s\u00e3o atemporais e garantem requinte e sofistica\u00e7\u00e3o para o projeto de um espa\u00e7o gourmet, por exemplo. Mas as \u00faltimas tend\u00eancias de decora\u00e7\u00e3o apontam para m\u00f3veis abertos, sem a tradicional porta, o que d\u00e1 um ar de modernidade ao ambiente sem deixar de lado a prote\u00e7\u00e3o que os vinhos precisam e que \u00e9 assegurada por um sistema eficiente de climatiza\u00e7\u00e3o integrado ao m\u00f3vel. <\/p>\n\n\n\n<p>Tanto os\nmodelos abertos quanto os fechados se apresentam nas mais diversas formas:\nbalc\u00f5es embutidos na parede ou em uma bancada; pequenos arm\u00e1rios que podem compor\na decora\u00e7\u00e3o de salas, cozinhas, ou mesmo do quarto ou de um escrit\u00f3rio; e\ngrandes m\u00f3veis que ocupam por vezes um c\u00f4modo inteiro permitindo o acondicionamento\nde um maior n\u00famero de garrafas. <\/p>\n\n\n\n<h2 class=\"wp-block-heading\"><strong>Adega climatizada el\u00e9trica<\/strong><\/h2>\n\n\n\n<p>Para quem deseja versatilidade e modernidade, as adegas climatizadas s\u00e3o uma boa solu\u00e7\u00e3o. Esses aparelhos eletr\u00f4nicos simulam a experi\u00eancia do m\u00f3vel adega, proporcionando a preserva\u00e7\u00e3o, acomoda\u00e7\u00e3o e organiza\u00e7\u00e3o das garrafas de vinhos e espumantes. Neles, as garrafas s\u00e3o dispostas na posi\u00e7\u00e3o adequada, preservando a qualidade, vida \u00fatil e temperatura ideal da bebida. Al\u00e9m disso, contam com prote\u00e7\u00e3o contra luminosidade excessiva, que compromete a integridade do vinho ao longo do tempo. \u00c9 uma op\u00e7\u00e3o para quem busca custo-benef\u00edcio, dispensando custos de montagem ou projeto e se adaptando perfeitamente para qualquer c\u00f4modo da sua casa. <\/p>\n\n\n\n<figure class=\"wp-block-gallery columns-2 is-cropped wp-block-gallery-2 is-layout-flex wp-block-gallery-is-layout-flex\"><ul class=\"blocks-gallery-grid\"><li class=\"blocks-gallery-item\"><figure><img loading=\"lazy\" decoding=\"async\" width=\"1024\" height=\"678\" src=\"https:\/\/www.interlarinterlagos.com.br\/blog\/wp-content\/uploads\/2023\/03\/Adega-Climatizada-1-min-1024x678.jpeg\" alt=\"\" data-id=\"1017\" data-full-url=\"https:\/\/www.interlarinterlagos.com.br\/blog\/wp-content\/uploads\/2023\/03\/Adega-Climatizada-1-min-scaled.jpeg\" data-link=\"https:\/\/www.interlarinterlagos.com.br\/blog\/2023\/03\/adegas-conheca-os-modelos-ideais-para-armazenar-seus-vinhos\/adega-climatizada-1-min\/\" class=\"wp-image-1017\" srcset=\"https:\/\/www.interlarinterlagos.com.br\/blog\/wp-content\/uploads\/2023\/03\/Adega-Climatizada-1-min-1024x678.jpeg 1024w, https:\/\/www.interlarinterlagos.com.br\/blog\/wp-content\/uploads\/2023\/03\/Adega-Climatizada-1-min-300x199.jpeg 300w, https:\/\/www.interlarinterlagos.com.br\/blog\/wp-content\/uploads\/2023\/03\/Adega-Climatizada-1-min-768x509.jpeg 768w, https:\/\/www.interlarinterlagos.com.br\/blog\/wp-content\/uploads\/2023\/03\/Adega-Climatizada-1-min-1536x1017.jpeg 1536w, https:\/\/www.interlarinterlagos.com.br\/blog\/wp-content\/uploads\/2023\/03\/Adega-Climatizada-1-min-2048x1357.jpeg 2048w, https:\/\/www.interlarinterlagos.com.br\/blog\/wp-content\/uploads\/2023\/03\/Adega-Climatizada-1-min-1140x755.jpeg 1140w, https:\/\/www.interlarinterlagos.com.br\/blog\/wp-content\/uploads\/2023\/03\/Adega-Climatizada-1-min-500x330.jpeg 500w\" sizes=\"auto, (max-width: 1024px) 100vw, 1024px\" \/><figcaption class=\"blocks-gallery-item__caption\"> <em>Imagem: Adobe Stock<\/em><\/figcaption><\/figure><\/li><li class=\"blocks-gallery-item\"><figure><img loading=\"lazy\" decoding=\"async\" width=\"1024\" height=\"681\" src=\"https:\/\/www.interlarinterlagos.com.br\/blog\/wp-content\/uploads\/2023\/03\/Adega-Climatizada-2-min-1024x681.jpeg\" alt=\"\" data-id=\"1018\" data-full-url=\"https:\/\/www.interlarinterlagos.com.br\/blog\/wp-content\/uploads\/2023\/03\/Adega-Climatizada-2-min-scaled.jpeg\" data-link=\"https:\/\/www.interlarinterlagos.com.br\/blog\/2023\/03\/adegas-conheca-os-modelos-ideais-para-armazenar-seus-vinhos\/adega-climatizada-2-min\/\" class=\"wp-image-1018\" srcset=\"https:\/\/www.interlarinterlagos.com.br\/blog\/wp-content\/uploads\/2023\/03\/Adega-Climatizada-2-min-1024x681.jpeg 1024w, https:\/\/www.interlarinterlagos.com.br\/blog\/wp-content\/uploads\/2023\/03\/Adega-Climatizada-2-min-300x200.jpeg 300w, https:\/\/www.interlarinterlagos.com.br\/blog\/wp-content\/uploads\/2023\/03\/Adega-Climatizada-2-min-768x511.jpeg 768w, https:\/\/www.interlarinterlagos.com.br\/blog\/wp-content\/uploads\/2023\/03\/Adega-Climatizada-2-min-1536x1022.jpeg 1536w, https:\/\/www.interlarinterlagos.com.br\/blog\/wp-content\/uploads\/2023\/03\/Adega-Climatizada-2-min-2048x1363.jpeg 2048w, https:\/\/www.interlarinterlagos.com.br\/blog\/wp-content\/uploads\/2023\/03\/Adega-Climatizada-2-min-1140x758.jpeg 1140w\" sizes=\"auto, (max-width: 1024px) 100vw, 1024px\" \/><figcaption class=\"blocks-gallery-item__caption\">  <em>Imagem: Adobe Stock<\/em><\/figcaption><\/figure><\/li><li class=\"blocks-gallery-item\"><figure><img loading=\"lazy\" decoding=\"async\" width=\"1024\" height=\"734\" src=\"https:\/\/www.interlarinterlagos.com.br\/blog\/wp-content\/uploads\/2023\/03\/Adega-Climatizada-3-min-1024x734.jpeg\" alt=\"\" data-id=\"1019\" data-full-url=\"https:\/\/www.interlarinterlagos.com.br\/blog\/wp-content\/uploads\/2023\/03\/Adega-Climatizada-3-min-scaled.jpeg\" data-link=\"https:\/\/www.interlarinterlagos.com.br\/blog\/2023\/03\/adegas-conheca-os-modelos-ideais-para-armazenar-seus-vinhos\/adega-climatizada-3-min\/\" class=\"wp-image-1019\" srcset=\"https:\/\/www.interlarinterlagos.com.br\/blog\/wp-content\/uploads\/2023\/03\/Adega-Climatizada-3-min-1024x734.jpeg 1024w, https:\/\/www.interlarinterlagos.com.br\/blog\/wp-content\/uploads\/2023\/03\/Adega-Climatizada-3-min-300x215.jpeg 300w, https:\/\/www.interlarinterlagos.com.br\/blog\/wp-content\/uploads\/2023\/03\/Adega-Climatizada-3-min-768x550.jpeg 768w, https:\/\/www.interlarinterlagos.com.br\/blog\/wp-content\/uploads\/2023\/03\/Adega-Climatizada-3-min-1536x1101.jpeg 1536w, https:\/\/www.interlarinterlagos.com.br\/blog\/wp-content\/uploads\/2023\/03\/Adega-Climatizada-3-min-2048x1468.jpeg 2048w, https:\/\/www.interlarinterlagos.com.br\/blog\/wp-content\/uploads\/2023\/03\/Adega-Climatizada-3-min-1140x817.jpeg 1140w\" sizes=\"auto, (max-width: 1024px) 100vw, 1024px\" \/><figcaption class=\"blocks-gallery-item__caption\">  <em>Imagem: Adobe Stock<\/em><\/figcaption><\/figure><\/li><\/ul><\/figure>\n\n\n\n<p>E a\u00ed, agora que voc\u00ea j\u00e1 conhece um pouco mais sobre as duas op\u00e7\u00f5es, basta escolher a sua. E lembre-se: <a href=\"https:\/\/www.interlarinterlagos.com.br\/busca-lojas.php\">aqui nas lojas do Interlar Interlagos<\/a> voc\u00ea encontra projetistas e o produto certo para o seu perfil e as suas necessidades. Vem pra c\u00e1!<\/p>\n","protected":false},"excerpt":{"rendered":"<p>Cada vez mais, as adegas est\u00e3o presentes na decora\u00e7\u00e3o das casas. O objetivo, claro, al\u00e9m de assegurar a correta guarda dos vinhos, \u00e9 fazer com que o momento da degusta\u00e7\u00e3o seja ainda mais incr\u00edvel. Ent\u00e3o, que tal conhecer um pouco mais sobre o m\u00f3vel adega e as adegas climatizada? Vem conferir todas as informa\u00e7\u00f5es que preparamos para te ajudar a escolher a melhor op\u00e7\u00e3o para as suas necessidades! Benef\u00edcios de ter uma adega em casa A adega \u00e9 a melhor op\u00e7\u00e3o para o armazenamento do vinho. Al\u00e9m de manter a temperatura ideal, ela assegura a conserva\u00e7\u00e3o da bebida, proporcionando prote\u00e7\u00e3o contra a luminosidade e outros fatores que podem comprometer o conte\u00fado das garrafas e prejudicar a degusta\u00e7\u00e3o. M\u00f3vel adega O m\u00f3vel adega geralmente \u00e9 integrado \u00e0 marcenaria da casa e proporciona um charme a mais ao ambiente. Pode ser constru\u00eddo sob medida ou adquirido j\u00e1 pronto em lojas especializadas. O design lembra bastante o visual de um arm\u00e1rio ou despensa comum, mas pode ser incrementado com elementos que incluem luzes de LED, puxadores modernos, nichos para a guarda correta do vinho e fitas para cataloga\u00e7\u00e3o das garrafas de acordo com o ano, safra e outros indicadores. &nbsp;Cada vez mais os modelos est\u00e3o adequados \u00e0s mais diversas necessidades, como o espa\u00e7o dispon\u00edvel na casa e o perfil do cliente. Os m\u00f3veis adegas fechados s\u00e3o atemporais e garantem requinte e sofistica\u00e7\u00e3o para o projeto de um espa\u00e7o gourmet, por exemplo. Mas as \u00faltimas tend\u00eancias de decora\u00e7\u00e3o apontam para m\u00f3veis abertos, sem a tradicional porta, o que d\u00e1 um ar de modernidade ao ambiente sem deixar de lado a prote\u00e7\u00e3o que os vinhos precisam e que \u00e9 assegurada por um sistema eficiente de climatiza\u00e7\u00e3o integrado ao m\u00f3vel. Tanto os modelos abertos quanto os fechados se apresentam nas mais diversas formas: balc\u00f5es embutidos na parede ou em uma bancada; pequenos arm\u00e1rios que podem compor a decora\u00e7\u00e3o de salas, cozinhas, ou mesmo do quarto ou de um escrit\u00f3rio; e grandes m\u00f3veis que ocupam por vezes um c\u00f4modo inteiro permitindo o acondicionamento de um maior n\u00famero de garrafas. Adega climatizada el\u00e9trica Para quem deseja versatilidade e modernidade, as adegas climatizadas s\u00e3o uma boa solu\u00e7\u00e3o. Esses aparelhos eletr\u00f4nicos simulam a experi\u00eancia do m\u00f3vel adega, proporcionando a preserva\u00e7\u00e3o, acomoda\u00e7\u00e3o e organiza\u00e7\u00e3o das garrafas de vinhos e espumantes. Neles, as garrafas s\u00e3o dispostas na posi\u00e7\u00e3o adequada, preservando a qualidade, vida \u00fatil e temperatura ideal da bebida. Al\u00e9m disso, contam com prote\u00e7\u00e3o contra luminosidade excessiva, que compromete a integridade do vinho ao longo do tempo. \u00c9 uma op\u00e7\u00e3o para quem busca custo-benef\u00edcio, dispensando custos de montagem ou projeto e se adaptando perfeitamente para qualquer c\u00f4modo da sua casa. E a\u00ed, agora que voc\u00ea j\u00e1 conhece um pouco mais sobre as duas op\u00e7\u00f5es, basta escolher a sua. E lembre-se: aqui nas lojas do Interlar Interlagos voc\u00ea encontra projetistas e o produto certo para o seu perfil e as suas necessidades. Vem pra c\u00e1!<\/p>\n","protected":false},"author":1,"featured_media":1022,"comment_status":"closed","ping_status":"closed","sticky":false,"template":"","format":"standard","meta":{"_monsterinsights_skip_tracking":false,"_monsterinsights_sitenote_active":false,"_monsterinsights_sitenote_note":"","_monsterinsights_sitenote_category":0,"footnotes":""},"categories":[5,21],"tags":[198,202,201,203,200,199,204],"class_list":["post-1003","post","type-post","status-publish","format-standard","has-post-thumbnail","hentry","category-cozinha","category-dicas","tag-adega","tag-adega-aberta","tag-adega-climatizada","tag-adega-fechada","tag-movel-adega","tag-tipos-de-adega","tag-vinhos"],"_links":{"self":[{"href":"https:\/\/www.interlarinterlagos.com.br\/blog\/wp-json\/wp\/v2\/posts\/1003","targetHints":{"allow":["GET"]}}],"collection":[{"href":"https:\/\/www.interlarinterlagos.com.br\/blog\/wp-json\/wp\/v2\/posts"}],"about":[{"href":"https:\/\/www.interlarinterlagos.com.br\/blog\/wp-json\/wp\/v2\/types\/post"}],"author":[{"embeddable":true,"href":"https:\/\/www.interlarinterlagos.com.br\/blog\/wp-json\/wp\/v2\/users\/1"}],"replies":[{"embeddable":true,"href":"https:\/\/www.interlarinterlagos.com.br\/blog\/wp-json\/wp\/v2\/comments?post=1003"}],"version-history":[{"count":4,"href":"https:\/\/www.interlarinterlagos.com.br\/blog\/wp-json\/wp\/v2\/posts\/1003\/revisions"}],"predecessor-version":[{"id":1020,"href":"https:\/\/www.interlarinterlagos.com.br\/blog\/wp-json\/wp\/v2\/posts\/1003\/revisions\/1020"}],"wp:featuredmedia":[{"embeddable":true,"href":"https:\/\/www.interlarinterlagos.com.br\/blog\/wp-json\/wp\/v2\/media\/1022"}],"wp:attachment":[{"href":"https:\/\/www.interlarinterlagos.com.br\/blog\/wp-json\/wp\/v2\/media?parent=1003"}],"wp:term":[{"taxonomy":"category","embeddable":true,"href":"https:\/\/www.interlarinterlagos.com.br\/blog\/wp-json\/wp\/v2\/categories?post=1003"},{"taxonomy":"post_tag","embeddable":true,"href":"https:\/\/www.interlarinterlagos.com.br\/blog\/wp-json\/wp\/v2\/tags?post=1003"}],"curies":[{"name":"wp","href":"https:\/\/api.w.org\/{rel}","templated":true}]}}